{"id":36932,"date":"2024-11-15T14:25:13","date_gmt":"2024-11-15T20:25:13","guid":{"rendered":"https:\/\/tonala.gob.mx\/portal\/?p=36932"},"modified":"2024-11-15T14:25:15","modified_gmt":"2024-11-15T20:25:15","slug":"tonala-aprobo-la-propuesta-del-titular-del-organo-interno-de-control","status":"publish","type":"post","link":"https:\/\/tonala.gob.mx\/portal\/2024\/11\/15\/tonala-aprobo-la-propuesta-del-titular-del-organo-interno-de-control\/","title":{"rendered":"Tonal\u00e1 aprob\u00f3 la propuesta del titular del \u00d3rgano Interno de Control"},"content":{"rendered":"\n<p>Por mayor\u00eda calificada el Ayuntamiento de Tonal\u00e1 aprob\u00f3 la propuesta del licenciado Juan Jos\u00e9 de Anda Gonz\u00e1lez como titular del \u00d3rgano Interno de Control, de entre la terna conformada tambi\u00e9n por C\u00e9sar Manuel Delgadillo Siordia y Luis Arturo Morales V\u00e1zquez, quienes se inscribieron en tiempo y forma como aspirantes al cargo y de conformidad con las bases establecidas en la convocatoria publicada el 15 de octubre de 2024.<\/p>\n\n\n\n<figure class=\"wp-block-image size-large\"><a href=\"https:\/\/tonala.gob.mx\/portal\/wp-content\/uploads\/2024\/11\/2-scaled.jpeg\"><img fetchpriority=\"high\" decoding=\"async\" width=\"1024\" height=\"683\" src=\"https:\/\/tonala.gob.mx\/portal\/wp-content\/uploads\/2024\/11\/2-1024x683.jpeg\" alt=\"\" class=\"wp-image-36934\" srcset=\"https:\/\/tonala.gob.mx\/portal\/wp-content\/uploads\/2024\/11\/2-1024x683.jpeg 1024w, https:\/\/tonala.gob.mx\/portal\/wp-content\/uploads\/2024\/11\/2-300x200.jpeg 300w, https:\/\/tonala.gob.mx\/portal\/wp-content\/uploads\/2024\/11\/2-768x512.jpeg 768w, https:\/\/tonala.gob.mx\/portal\/wp-content\/uploads\/2024\/11\/2-1536x1024.jpeg 1536w, https:\/\/tonala.gob.mx\/portal\/wp-content\/uploads\/2024\/11\/2-2048x1365.jpeg 2048w\" sizes=\"(max-width: 1024px) 100vw, 1024px\" \/><\/a><\/figure>\n\n\n\n<p>Cabe destacar que de Anda Gonz\u00e1lez ya fungi\u00f3 como titular del \u00d3rgano Interno de Control en la administraci\u00f3n municipal inmediata anterior y cuenta con experiencia en el sector p\u00fablico por haber laborado como Asistente en la Secretar\u00eda de Hacienda y Cr\u00e9dito P\u00fablico, Consejo Asesor Zona Occidente; Auditor a Municipios en la Contadur\u00eda Mayor de Hacienda del Congreso del Estado; Encargado de la Hacienda P\u00fablica Municipal en el Ayuntamiento Constitucional de San Juli\u00e1n, Jalisco, en dos trienios;&nbsp;&nbsp;y Presidente Municipal del Ayuntamiento Constitucional de San Juli\u00e1n, Jalisco, entre otros cargos.&nbsp;<\/p>\n\n\n\n<figure class=\"wp-block-image size-large\"><a href=\"https:\/\/tonala.gob.mx\/portal\/wp-content\/uploads\/2024\/11\/4-scaled.jpeg\"><img decoding=\"async\" width=\"1024\" height=\"683\" src=\"https:\/\/tonala.gob.mx\/portal\/wp-content\/uploads\/2024\/11\/4-1024x683.jpeg\" alt=\"\" class=\"wp-image-36936\" srcset=\"https:\/\/tonala.gob.mx\/portal\/wp-content\/uploads\/2024\/11\/4-1024x683.jpeg 1024w, https:\/\/tonala.gob.mx\/portal\/wp-content\/uploads\/2024\/11\/4-300x200.jpeg 300w, https:\/\/tonala.gob.mx\/portal\/wp-content\/uploads\/2024\/11\/4-768x512.jpeg 768w, https:\/\/tonala.gob.mx\/portal\/wp-content\/uploads\/2024\/11\/4-1536x1024.jpeg 1536w, https:\/\/tonala.gob.mx\/portal\/wp-content\/uploads\/2024\/11\/4-2048x1365.jpeg 2048w\" sizes=\"(max-width: 1024px) 100vw, 1024px\" \/><\/a><\/figure>\n\n\n\n<p>Por otro lado, ante la pretensi\u00f3n de Caabsa de que se le otorguen 20 a\u00f1os m\u00e1s de concesi\u00f3n en materia de recolecci\u00f3n, traslado y disposici\u00f3n de residuos s\u00f3lidos urbanos en el municipio tonalteca, el presidente municipal Sergio Ch\u00e1vez D\u00e1valos present\u00f3 una iniciativa con turno a comisiones para que se analice y dictamine al respecto.&nbsp;<\/p>\n\n\n\n<figure class=\"wp-block-image size-large\"><a href=\"https:\/\/tonala.gob.mx\/portal\/wp-content\/uploads\/2024\/11\/1-scaled.jpeg\"><img decoding=\"async\" width=\"1024\" height=\"683\" src=\"https:\/\/tonala.gob.mx\/portal\/wp-content\/uploads\/2024\/11\/1-1024x683.jpeg\" alt=\"\" class=\"wp-image-36933\" srcset=\"https:\/\/tonala.gob.mx\/portal\/wp-content\/uploads\/2024\/11\/1-1024x683.jpeg 1024w, https:\/\/tonala.gob.mx\/portal\/wp-content\/uploads\/2024\/11\/1-300x200.jpeg 300w, https:\/\/tonala.gob.mx\/portal\/wp-content\/uploads\/2024\/11\/1-768x512.jpeg 768w, https:\/\/tonala.gob.mx\/portal\/wp-content\/uploads\/2024\/11\/1-1536x1024.jpeg 1536w, https:\/\/tonala.gob.mx\/portal\/wp-content\/uploads\/2024\/11\/1-2048x1365.jpeg 2048w\" sizes=\"(max-width: 1024px) 100vw, 1024px\" \/><\/a><\/figure>\n\n\n\n<p>Colateralmente, como apoyo al trabajo que tendr\u00e1 que realizar la comisi\u00f3n edilicia de Gobernaci\u00f3n, Justicia, Asuntos Metropolitanos&nbsp;&nbsp;y Fortalecimiento Municipal como \u00f3rgano dictaminador en este asunto de la basura, se acord\u00f3 en el pleno del Ayuntamiento llevar a cabo mesas de trabajo para hacer un an\u00e1lisis profundo de la calidad de servicio que ha prestado dicha empresa en el municipio y poder fundar y motivar adecuadamente el dictamen que se habr\u00e1 de emitir&nbsp;&nbsp;<\/p>\n\n\n\n<figure class=\"wp-block-image size-large\"><a href=\"https:\/\/tonala.gob.mx\/portal\/wp-content\/uploads\/2024\/11\/3-scaled.jpeg\"><img loading=\"lazy\" decoding=\"async\" width=\"1024\" height=\"683\" src=\"https:\/\/tonala.gob.mx\/portal\/wp-content\/uploads\/2024\/11\/3-1024x683.jpeg\" alt=\"\" class=\"wp-image-36935\" srcset=\"https:\/\/tonala.gob.mx\/portal\/wp-content\/uploads\/2024\/11\/3-1024x683.jpeg 1024w, https:\/\/tonala.gob.mx\/portal\/wp-content\/uploads\/2024\/11\/3-300x200.jpeg 300w, https:\/\/tonala.gob.mx\/portal\/wp-content\/uploads\/2024\/11\/3-768x512.jpeg 768w, https:\/\/tonala.gob.mx\/portal\/wp-content\/uploads\/2024\/11\/3-1536x1024.jpeg 1536w, https:\/\/tonala.gob.mx\/portal\/wp-content\/uploads\/2024\/11\/3-2048x1365.jpeg 2048w\" sizes=\"(max-width: 1024px) 100vw, 1024px\" \/><\/a><\/figure>\n\n\n\n<p>Tambi\u00e9n a propuesta de Ch\u00e1vez D\u00e1valos se turn\u00f3 a la Comisi\u00f3n de Reglamentos, Puntos Constitucionales, Administraci\u00f3n y Planeaci\u00f3n Legislativa, cuatro iniciativas para continuar con la armonizaci\u00f3n y homologaci\u00f3n con el \u00e1rea metropolitana de los reglamentos municipales.<\/p>\n","protected":false},"excerpt":{"rendered":"<p>Por mayor\u00eda calificada el Ayuntamiento de Tonal\u00e1 aprob\u00f3 la propuesta del licenciado Juan Jos\u00e9 de Anda Gonz\u00e1lez como titular del<\/p>\n","protected":false},"author":2,"featured_media":36938,"comment_status":"closed","ping_status":"open","sticky":false,"template":"","format":"standard","meta":{"colormag_page_container_layout":"default_layout","colormag_page_sidebar_layout":"default_layout","footnotes":""},"categories":[2],"tags":[],"class_list":["post-36932","post","type-post","status-publish","format-standard","has-post-thumbnail","hentry","category-comunicacion-social"],"_links":{"self":[{"href":"https:\/\/tonala.gob.mx\/portal\/wp-json\/wp\/v2\/posts\/36932","targetHints":{"allow":["GET"]}}],"collection":[{"href":"https:\/\/tonala.gob.mx\/portal\/wp-json\/wp\/v2\/posts"}],"about":[{"href":"https:\/\/tonala.gob.mx\/portal\/wp-json\/wp\/v2\/types\/post"}],"author":[{"embeddable":true,"href":"https:\/\/tonala.gob.mx\/portal\/wp-json\/wp\/v2\/users\/2"}],"replies":[{"embeddable":true,"href":"https:\/\/tonala.gob.mx\/portal\/wp-json\/wp\/v2\/comments?post=36932"}],"version-history":[{"count":1,"href":"https:\/\/tonala.gob.mx\/portal\/wp-json\/wp\/v2\/posts\/36932\/revisions"}],"predecessor-version":[{"id":36939,"href":"https:\/\/tonala.gob.mx\/portal\/wp-json\/wp\/v2\/posts\/36932\/revisions\/36939"}],"wp:featuredmedia":[{"embeddable":true,"href":"https:\/\/tonala.gob.mx\/portal\/wp-json\/wp\/v2\/media\/36938"}],"wp:attachment":[{"href":"https:\/\/tonala.gob.mx\/portal\/wp-json\/wp\/v2\/media?parent=36932"}],"wp:term":[{"taxonomy":"category","embeddable":true,"href":"https:\/\/tonala.gob.mx\/portal\/wp-json\/wp\/v2\/categories?post=36932"},{"taxonomy":"post_tag","embeddable":true,"href":"https:\/\/tonala.gob.mx\/portal\/wp-json\/wp\/v2\/tags?post=36932"}],"curies":[{"name":"wp","href":"https:\/\/api.w.org\/{rel}","templated":true}]}}