{"id":36906,"date":"2024-11-12T14:19:41","date_gmt":"2024-11-12T20:19:41","guid":{"rendered":"https:\/\/tonala.gob.mx\/portal\/?p=36906"},"modified":"2024-11-12T14:19:42","modified_gmt":"2024-11-12T20:19:42","slug":"unidad-deportiva-la-toma-en-educadores-jaliscienses-ya-cuenta-con-domo","status":"publish","type":"post","link":"https:\/\/tonala.gob.mx\/portal\/2024\/11\/12\/unidad-deportiva-la-toma-en-educadores-jaliscienses-ya-cuenta-con-domo\/","title":{"rendered":"Unidad deportiva \u201cLa Toma\u201d en Educadores Jaliscienses ya cuenta con domo"},"content":{"rendered":"\n<figure class=\"wp-block-image size-large\"><a href=\"https:\/\/tonala.gob.mx\/portal\/wp-content\/uploads\/2024\/11\/dd058089-c2c4-4d19-b354-8051ed907b20.jpg\"><img fetchpriority=\"high\" decoding=\"async\" width=\"1024\" height=\"582\" src=\"https:\/\/tonala.gob.mx\/portal\/wp-content\/uploads\/2024\/11\/dd058089-c2c4-4d19-b354-8051ed907b20-1024x582.jpg\" alt=\"\" class=\"wp-image-36909\" srcset=\"https:\/\/tonala.gob.mx\/portal\/wp-content\/uploads\/2024\/11\/dd058089-c2c4-4d19-b354-8051ed907b20-1024x582.jpg 1024w, https:\/\/tonala.gob.mx\/portal\/wp-content\/uploads\/2024\/11\/dd058089-c2c4-4d19-b354-8051ed907b20-300x171.jpg 300w, https:\/\/tonala.gob.mx\/portal\/wp-content\/uploads\/2024\/11\/dd058089-c2c4-4d19-b354-8051ed907b20-768x437.jpg 768w, https:\/\/tonala.gob.mx\/portal\/wp-content\/uploads\/2024\/11\/dd058089-c2c4-4d19-b354-8051ed907b20.jpg 1038w\" sizes=\"(max-width: 1024px) 100vw, 1024px\" \/><\/a><\/figure>\n\n\n\n<p>Tonal\u00e1, contin\u00faa con los martes de la ruta de la Transformaci\u00f3n para la comunidad y en esta ocasi\u00f3n el presidente municipal, Sergio Ch\u00e1vez D\u00e1valos, acudi\u00f3 a hacer la entrega oficial del Domo n\u00famero dos en \u00c1reas Recreativas, en la Unidad Deportiva \u201cLa Toma\u201d en la colonia Educadores Jaliscienses.<\/p>\n\n\n\n<p>En la entrega estuvieron presentes los integrantes del Comit\u00e9 de vecinos de la colonia Educadores Jaliscienses, y en representaci\u00f3n, el presidente del Comit\u00e9, Oscar Rueda, agradeci\u00f3 al primer edil por cumplir con su palabra y poder convertir un \u00e1rea com\u00fan en un espacio recreativo, donde todos los vecinos de todas las edades podr\u00e1n disfrutar.<\/p>\n\n\n\n<p>En respuesta, Ch\u00e1vez D\u00e1valos, dijo que este es uno de los domos m\u00e1s grandes que abarca 450 metros cuadrados, y aparte de ser un compromiso era algo que necesitaba la colonia, y enfatiz\u00f3 que seguir\u00e1 con esta din\u00e1mica apost\u00e1ndole a la convivencia familiar y a la infraestructura deportiva.&nbsp;<\/p>\n\n\n\n<p>Es importante mencionar que se han entregado 90 domos, de los cuales 88 son en planteles educativos y 02 en \u00c1reas recreativas.<\/p>\n\n\n\n<figure class=\"wp-block-image size-large\"><a href=\"https:\/\/tonala.gob.mx\/portal\/wp-content\/uploads\/2024\/11\/f387ed0f-f98b-477e-bf91-609697cbb137.jpg\"><img decoding=\"async\" width=\"1024\" height=\"557\" src=\"https:\/\/tonala.gob.mx\/portal\/wp-content\/uploads\/2024\/11\/f387ed0f-f98b-477e-bf91-609697cbb137-1024x557.jpg\" alt=\"\" class=\"wp-image-36908\" srcset=\"https:\/\/tonala.gob.mx\/portal\/wp-content\/uploads\/2024\/11\/f387ed0f-f98b-477e-bf91-609697cbb137-1024x557.jpg 1024w, https:\/\/tonala.gob.mx\/portal\/wp-content\/uploads\/2024\/11\/f387ed0f-f98b-477e-bf91-609697cbb137-300x163.jpg 300w, https:\/\/tonala.gob.mx\/portal\/wp-content\/uploads\/2024\/11\/f387ed0f-f98b-477e-bf91-609697cbb137-768x418.jpg 768w, https:\/\/tonala.gob.mx\/portal\/wp-content\/uploads\/2024\/11\/f387ed0f-f98b-477e-bf91-609697cbb137.jpg 1280w\" sizes=\"(max-width: 1024px) 100vw, 1024px\" \/><\/a><\/figure>\n","protected":false},"excerpt":{"rendered":"<p>Tonal\u00e1, contin\u00faa con los martes de la ruta de la Transformaci\u00f3n para la comunidad y en esta ocasi\u00f3n el presidente<\/p>\n","protected":false},"author":1,"featured_media":36910,"comment_status":"closed","ping_status":"open","sticky":false,"template":"","format":"standard","meta":{"colormag_page_container_layout":"default_layout","colormag_page_sidebar_layout":"default_layout","footnotes":""},"categories":[2],"tags":[],"class_list":["post-36906","post","type-post","status-publish","format-standard","has-post-thumbnail","hentry","category-comunicacion-social"],"_links":{"self":[{"href":"https:\/\/tonala.gob.mx\/portal\/wp-json\/wp\/v2\/posts\/36906","targetHints":{"allow":["GET"]}}],"collection":[{"href":"https:\/\/tonala.gob.mx\/portal\/wp-json\/wp\/v2\/posts"}],"about":[{"href":"https:\/\/tonala.gob.mx\/portal\/wp-json\/wp\/v2\/types\/post"}],"author":[{"embeddable":true,"href":"https:\/\/tonala.gob.mx\/portal\/wp-json\/wp\/v2\/users\/1"}],"replies":[{"embeddable":true,"href":"https:\/\/tonala.gob.mx\/portal\/wp-json\/wp\/v2\/comments?post=36906"}],"version-history":[{"count":1,"href":"https:\/\/tonala.gob.mx\/portal\/wp-json\/wp\/v2\/posts\/36906\/revisions"}],"predecessor-version":[{"id":36911,"href":"https:\/\/tonala.gob.mx\/portal\/wp-json\/wp\/v2\/posts\/36906\/revisions\/36911"}],"wp:featuredmedia":[{"embeddable":true,"href":"https:\/\/tonala.gob.mx\/portal\/wp-json\/wp\/v2\/media\/36910"}],"wp:attachment":[{"href":"https:\/\/tonala.gob.mx\/portal\/wp-json\/wp\/v2\/media?parent=36906"}],"wp:term":[{"taxonomy":"category","embeddable":true,"href":"https:\/\/tonala.gob.mx\/portal\/wp-json\/wp\/v2\/categories?post=36906"},{"taxonomy":"post_tag","embeddable":true,"href":"https:\/\/tonala.gob.mx\/portal\/wp-json\/wp\/v2\/tags?post=36906"}],"curies":[{"name":"wp","href":"https:\/\/api.w.org\/{rel}","templated":true}]}}