{"id":36745,"date":"2024-11-01T18:28:00","date_gmt":"2024-11-02T00:28:00","guid":{"rendered":"https:\/\/tonala.gob.mx\/portal\/?p=36745"},"modified":"2024-11-04T09:38:24","modified_gmt":"2024-11-04T15:38:24","slug":"se-implemento-operativo-de-seguridad-en-presa-el-ocotillo","status":"publish","type":"post","link":"https:\/\/tonala.gob.mx\/portal\/2024\/11\/01\/se-implemento-operativo-de-seguridad-en-presa-el-ocotillo\/","title":{"rendered":"Se implemento operativo de seguridad en presa El Ocotillo"},"content":{"rendered":"\n<figure class=\"wp-block-image size-large\"><a href=\"https:\/\/tonala.gob.mx\/portal\/wp-content\/uploads\/2024\/11\/cbc2d7df-4c03-41ee-ae76-ae76720c3fa2.jpg\"><img fetchpriority=\"high\" decoding=\"async\" width=\"1024\" height=\"576\" src=\"https:\/\/tonala.gob.mx\/portal\/wp-content\/uploads\/2024\/11\/cbc2d7df-4c03-41ee-ae76-ae76720c3fa2-1024x576.jpg\" alt=\"\" class=\"wp-image-36746\" srcset=\"https:\/\/tonala.gob.mx\/portal\/wp-content\/uploads\/2024\/11\/cbc2d7df-4c03-41ee-ae76-ae76720c3fa2-1024x576.jpg 1024w, https:\/\/tonala.gob.mx\/portal\/wp-content\/uploads\/2024\/11\/cbc2d7df-4c03-41ee-ae76-ae76720c3fa2-300x169.jpg 300w, https:\/\/tonala.gob.mx\/portal\/wp-content\/uploads\/2024\/11\/cbc2d7df-4c03-41ee-ae76-ae76720c3fa2-768x432.jpg 768w, https:\/\/tonala.gob.mx\/portal\/wp-content\/uploads\/2024\/11\/cbc2d7df-4c03-41ee-ae76-ae76720c3fa2.jpg 1280w\" sizes=\"(max-width: 1024px) 100vw, 1024px\" \/><\/a><\/figure>\n\n\n\n<p>En el marco de las festividades de \u00abTonalitizo 2024\u00bb, el Gabinete de Seguridad, Emergencias y Movilidad de Tonal\u00e1 ha iniciado un operativo de seguridad en el Lago Urbano El Ocotillo, con el objetivo de garantizar el bienestar y seguridad de los asistentes.<\/p>\n\n\n\n<p>Para este despliegue, se ha destinado un estado de fuerza compuesto por:<\/p>\n\n\n\n<p>Comisar\u00eda: 38 polic\u00edas, 9 unidades y 8 motocicletas.<\/p>\n\n\n\n<p>Protecci\u00f3n Civil y Bomberos: 25 elementos, 3 unidades y una unidad acu\u00e1tica.<\/p>\n\n\n\n<p>Prehospitalarios: 12 Param\u00e9dicos, 12 estudiantes, 2 ambulancias y 1 pickup.<\/p>\n\n\n\n<p>Movilidad: 15 agentes, 2 unidades y 1 motocicleta, con apoyo de la Comisar\u00eda Vial en v\u00edas r\u00e1pidas.<\/p>\n\n\n\n<figure class=\"wp-block-image size-large\"><a href=\"https:\/\/tonala.gob.mx\/portal\/wp-content\/uploads\/2024\/11\/3c3e34e2-9939-46f4-9c9b-a83e422369b5.jpg\"><img decoding=\"async\" width=\"1024\" height=\"576\" src=\"https:\/\/tonala.gob.mx\/portal\/wp-content\/uploads\/2024\/11\/3c3e34e2-9939-46f4-9c9b-a83e422369b5-1024x576.jpg\" alt=\"\" class=\"wp-image-36747\" srcset=\"https:\/\/tonala.gob.mx\/portal\/wp-content\/uploads\/2024\/11\/3c3e34e2-9939-46f4-9c9b-a83e422369b5-1024x576.jpg 1024w, https:\/\/tonala.gob.mx\/portal\/wp-content\/uploads\/2024\/11\/3c3e34e2-9939-46f4-9c9b-a83e422369b5-300x169.jpg 300w, https:\/\/tonala.gob.mx\/portal\/wp-content\/uploads\/2024\/11\/3c3e34e2-9939-46f4-9c9b-a83e422369b5-768x432.jpg 768w, https:\/\/tonala.gob.mx\/portal\/wp-content\/uploads\/2024\/11\/3c3e34e2-9939-46f4-9c9b-a83e422369b5.jpg 1280w\" sizes=\"(max-width: 1024px) 100vw, 1024px\" \/><\/a><\/figure>\n\n\n\n<p>El operativo incluye presencia estrat\u00e9gica en las \u00e1reas de acceso, control de flujo vehicular, rondines de vigilancia, y asistencia en v\u00edas r\u00e1pidas para prevenir incidentes y salvaguardar la integridad de los asistentes, estimados en alrededor de 10,000 personas.<\/p>\n\n\n\n<p>Este despliegue se realiza bajo la coordinaci\u00f3n del Lic. Miguel Maga\u00f1a Orozco, quien ha instruido a las distintas corporaciones a actuar en estricto apego a los protocolos de derechos humanos y en colaboraci\u00f3n con otras dependencias municipales.<\/p>\n","protected":false},"excerpt":{"rendered":"<p>En el marco de las festividades de \u00abTonalitizo 2024\u00bb, el Gabinete de Seguridad, Emergencias y Movilidad de Tonal\u00e1 ha iniciado<\/p>\n","protected":false},"author":1,"featured_media":36748,"comment_status":"closed","ping_status":"open","sticky":false,"template":"","format":"standard","meta":{"colormag_page_container_layout":"default_layout","colormag_page_sidebar_layout":"default_layout","footnotes":""},"categories":[2],"tags":[],"class_list":["post-36745","post","type-post","status-publish","format-standard","has-post-thumbnail","hentry","category-comunicacion-social"],"_links":{"self":[{"href":"https:\/\/tonala.gob.mx\/portal\/wp-json\/wp\/v2\/posts\/36745","targetHints":{"allow":["GET"]}}],"collection":[{"href":"https:\/\/tonala.gob.mx\/portal\/wp-json\/wp\/v2\/posts"}],"about":[{"href":"https:\/\/tonala.gob.mx\/portal\/wp-json\/wp\/v2\/types\/post"}],"author":[{"embeddable":true,"href":"https:\/\/tonala.gob.mx\/portal\/wp-json\/wp\/v2\/users\/1"}],"replies":[{"embeddable":true,"href":"https:\/\/tonala.gob.mx\/portal\/wp-json\/wp\/v2\/comments?post=36745"}],"version-history":[{"count":1,"href":"https:\/\/tonala.gob.mx\/portal\/wp-json\/wp\/v2\/posts\/36745\/revisions"}],"predecessor-version":[{"id":36749,"href":"https:\/\/tonala.gob.mx\/portal\/wp-json\/wp\/v2\/posts\/36745\/revisions\/36749"}],"wp:featuredmedia":[{"embeddable":true,"href":"https:\/\/tonala.gob.mx\/portal\/wp-json\/wp\/v2\/media\/36748"}],"wp:attachment":[{"href":"https:\/\/tonala.gob.mx\/portal\/wp-json\/wp\/v2\/media?parent=36745"}],"wp:term":[{"taxonomy":"category","embeddable":true,"href":"https:\/\/tonala.gob.mx\/portal\/wp-json\/wp\/v2\/categories?post=36745"},{"taxonomy":"post_tag","embeddable":true,"href":"https:\/\/tonala.gob.mx\/portal\/wp-json\/wp\/v2\/tags?post=36745"}],"curies":[{"name":"wp","href":"https:\/\/api.w.org\/{rel}","templated":true}]}}