{"id":36577,"date":"2024-10-18T17:58:29","date_gmt":"2024-10-18T23:58:29","guid":{"rendered":"https:\/\/tonala.gob.mx\/portal\/?p=36577"},"modified":"2024-10-18T18:02:41","modified_gmt":"2024-10-19T00:02:41","slug":"se-integra-tonala-al-programa-puntos-verdes-metropolitanos","status":"publish","type":"post","link":"https:\/\/tonala.gob.mx\/portal\/2024\/10\/18\/se-integra-tonala-al-programa-puntos-verdes-metropolitanos\/","title":{"rendered":"Se integra Tonal\u00e1 al programa \u00abPuntos verdes metropolitanos\u00bb."},"content":{"rendered":"\n<figure class=\"wp-block-image size-large\"><img fetchpriority=\"high\" decoding=\"async\" width=\"1024\" height=\"682\" src=\"https:\/\/tonala.gob.mx\/portal\/wp-content\/uploads\/2024\/10\/2bf040af-608d-48a9-80af-ff5e4c1dd337-1024x682.jpg\" alt=\"\" class=\"wp-image-36578\" srcset=\"https:\/\/tonala.gob.mx\/portal\/wp-content\/uploads\/2024\/10\/2bf040af-608d-48a9-80af-ff5e4c1dd337-1024x682.jpg 1024w, https:\/\/tonala.gob.mx\/portal\/wp-content\/uploads\/2024\/10\/2bf040af-608d-48a9-80af-ff5e4c1dd337-300x200.jpg 300w, https:\/\/tonala.gob.mx\/portal\/wp-content\/uploads\/2024\/10\/2bf040af-608d-48a9-80af-ff5e4c1dd337-768x512.jpg 768w, https:\/\/tonala.gob.mx\/portal\/wp-content\/uploads\/2024\/10\/2bf040af-608d-48a9-80af-ff5e4c1dd337-1536x1023.jpg 1536w, https:\/\/tonala.gob.mx\/portal\/wp-content\/uploads\/2024\/10\/2bf040af-608d-48a9-80af-ff5e4c1dd337.jpg 1600w\" sizes=\"(max-width: 1024px) 100vw, 1024px\" \/><\/figure>\n\n\n\n<p>Gracias a la gesti\u00f3n y labor de la pasada administraci\u00f3n que encabez\u00f3 el presidente municipal Sergio Ch\u00e1vez D\u00e1valos; Hoy arranca en Tonal\u00e1 el proyecto \u201cPuntos Verdes Metropolitanos\u201d, el cual consiste en que la comunidad aprenda a reducir, reutilizar y reciclar los residuos de la metr\u00f3poli.<\/p>\n\n\n\n<p>En la Inauguraci\u00f3n de este punto verde metropolitano, el primer Edil, dijo que el objetivo de este m\u00f3dulo es minimizar un 30 por ciento la cantidad de residuos s\u00f3lidos urbanos que llegan a los vertederos, \u201cEste punto verde es muy importante, ya que a partir de hoy el responsable de administrarlo es el Gobierno municipal de Tonal\u00e1; Agradezco el trabajo realizado por el IMEPLAN y el apoyo de la comunidad europea\u201d.<\/p>\n\n\n\n<figure class=\"wp-block-image size-large\"><img decoding=\"async\" width=\"1024\" height=\"682\" src=\"https:\/\/tonala.gob.mx\/portal\/wp-content\/uploads\/2024\/10\/d174aac0-aadd-4872-8e6b-248dd337ab80-1024x682.jpg\" alt=\"\" class=\"wp-image-36579\" srcset=\"https:\/\/tonala.gob.mx\/portal\/wp-content\/uploads\/2024\/10\/d174aac0-aadd-4872-8e6b-248dd337ab80-1024x682.jpg 1024w, https:\/\/tonala.gob.mx\/portal\/wp-content\/uploads\/2024\/10\/d174aac0-aadd-4872-8e6b-248dd337ab80-300x200.jpg 300w, https:\/\/tonala.gob.mx\/portal\/wp-content\/uploads\/2024\/10\/d174aac0-aadd-4872-8e6b-248dd337ab80-768x512.jpg 768w, https:\/\/tonala.gob.mx\/portal\/wp-content\/uploads\/2024\/10\/d174aac0-aadd-4872-8e6b-248dd337ab80-1536x1023.jpg 1536w, https:\/\/tonala.gob.mx\/portal\/wp-content\/uploads\/2024\/10\/d174aac0-aadd-4872-8e6b-248dd337ab80.jpg 1600w\" sizes=\"(max-width: 1024px) 100vw, 1024px\" \/><\/figure>\n\n\n\n<p>En el evento, la Directora General del Instituto Metropolitano de Planeaci\u00f3n, Patricia Mart\u00ednez, recapitul\u00f3 \u00e9l logr\u00f3 de este punto verde y agradeci\u00f3 el respaldo a Ch\u00e1vez D\u00e1valos por ser el padrino de este gran proyecto que beneficiar\u00e1 a 09 municipios del \u00c1rea Metropolitana de Guadalajara; as\u00ed mismo recalc\u00f3 su gratitud a la \u201cAsociaci\u00f3n para Ciudades Sostenibles\u201d impulsado por la Uni\u00f3n Europea.<\/p>\n\n\n\n<p>Este punto Verde beneficiar\u00e1 a una poblaci\u00f3n efectiva de 4,734 habitantes, que son las personas que pueden llegar en un tiempo m\u00e1ximo de 20 minutos caminando. El modulo se ubica a un costado de la Delegaci\u00f3n de Loma Dorada, el cual estar\u00e1 abierto de lunes a viernes de&nbsp; las 09:00&nbsp; a las 17:00 horas,&nbsp; los residuos a acopiar es el papel, cart\u00f3n, pl\u00e1sticos, metales y vidrio, el cual&nbsp; se solicita a la poblaci\u00f3n llevarlos limpios, secos, separados y sin resido org\u00e1nico.&nbsp;<\/p>\n\n\n\n<figure class=\"wp-block-image size-large\"><img decoding=\"async\" width=\"1024\" height=\"682\" src=\"https:\/\/tonala.gob.mx\/portal\/wp-content\/uploads\/2024\/10\/ebd101c7-d607-4c9e-b8e5-4cf17c0746d1-1024x682.jpg\" alt=\"\" class=\"wp-image-36580\" srcset=\"https:\/\/tonala.gob.mx\/portal\/wp-content\/uploads\/2024\/10\/ebd101c7-d607-4c9e-b8e5-4cf17c0746d1-1024x682.jpg 1024w, https:\/\/tonala.gob.mx\/portal\/wp-content\/uploads\/2024\/10\/ebd101c7-d607-4c9e-b8e5-4cf17c0746d1-300x200.jpg 300w, https:\/\/tonala.gob.mx\/portal\/wp-content\/uploads\/2024\/10\/ebd101c7-d607-4c9e-b8e5-4cf17c0746d1-768x512.jpg 768w, https:\/\/tonala.gob.mx\/portal\/wp-content\/uploads\/2024\/10\/ebd101c7-d607-4c9e-b8e5-4cf17c0746d1-1536x1023.jpg 1536w, https:\/\/tonala.gob.mx\/portal\/wp-content\/uploads\/2024\/10\/ebd101c7-d607-4c9e-b8e5-4cf17c0746d1.jpg 1600w\" sizes=\"(max-width: 1024px) 100vw, 1024px\" \/><\/figure>\n","protected":false},"excerpt":{"rendered":"<p>Gracias a la gesti\u00f3n y labor de la pasada administraci\u00f3n que encabez\u00f3 el presidente municipal Sergio Ch\u00e1vez D\u00e1valos; Hoy arranca<\/p>\n","protected":false},"author":1,"featured_media":36581,"comment_status":"closed","ping_status":"open","sticky":false,"template":"","format":"standard","meta":{"colormag_page_container_layout":"default_layout","colormag_page_sidebar_layout":"default_layout","footnotes":""},"categories":[2],"tags":[],"class_list":["post-36577","post","type-post","status-publish","format-standard","has-post-thumbnail","hentry","category-comunicacion-social"],"_links":{"self":[{"href":"https:\/\/tonala.gob.mx\/portal\/wp-json\/wp\/v2\/posts\/36577","targetHints":{"allow":["GET"]}}],"collection":[{"href":"https:\/\/tonala.gob.mx\/portal\/wp-json\/wp\/v2\/posts"}],"about":[{"href":"https:\/\/tonala.gob.mx\/portal\/wp-json\/wp\/v2\/types\/post"}],"author":[{"embeddable":true,"href":"https:\/\/tonala.gob.mx\/portal\/wp-json\/wp\/v2\/users\/1"}],"replies":[{"embeddable":true,"href":"https:\/\/tonala.gob.mx\/portal\/wp-json\/wp\/v2\/comments?post=36577"}],"version-history":[{"count":2,"href":"https:\/\/tonala.gob.mx\/portal\/wp-json\/wp\/v2\/posts\/36577\/revisions"}],"predecessor-version":[{"id":36583,"href":"https:\/\/tonala.gob.mx\/portal\/wp-json\/wp\/v2\/posts\/36577\/revisions\/36583"}],"wp:featuredmedia":[{"embeddable":true,"href":"https:\/\/tonala.gob.mx\/portal\/wp-json\/wp\/v2\/media\/36581"}],"wp:attachment":[{"href":"https:\/\/tonala.gob.mx\/portal\/wp-json\/wp\/v2\/media?parent=36577"}],"wp:term":[{"taxonomy":"category","embeddable":true,"href":"https:\/\/tonala.gob.mx\/portal\/wp-json\/wp\/v2\/categories?post=36577"},{"taxonomy":"post_tag","embeddable":true,"href":"https:\/\/tonala.gob.mx\/portal\/wp-json\/wp\/v2\/tags?post=36577"}],"curies":[{"name":"wp","href":"https:\/\/api.w.org\/{rel}","templated":true}]}}