{"id":35875,"date":"2024-08-29T11:18:56","date_gmt":"2024-08-29T17:18:56","guid":{"rendered":"https:\/\/tonala.gob.mx\/portal\/?p=35875"},"modified":"2024-08-30T11:21:09","modified_gmt":"2024-08-30T17:21:09","slug":"comunicado-29-08-24","status":"publish","type":"post","link":"https:\/\/tonala.gob.mx\/portal\/2024\/08\/29\/comunicado-29-08-24\/","title":{"rendered":"Comunicado 29\/08\/24"},"content":{"rendered":"\n<p>El Gobierno de Tonal\u00e1 reitera la postura que ha externado su presidente, Sergio Ch\u00e1vez D\u00e1valos, de que la recolecci\u00f3n, traslado y disposici\u00f3n de la basura, sea una tarea que resuelvan las autoridades municipales, seg\u00fan lo se\u00f1ala el Art\u00edculo 115 constitucional.<\/p>\n\n\n\n<p><br>En ese sentido, respalda la propuesta que fue presentada ante el IMEPLAN, de crear la Agencia Metropolitana de Gesti\u00f3n Integral de Residuos del \u00c1rea Metropolitana de Guadalajara, que deber\u00e1 hacerse cargo de esta tarea en beneficio de la poblaci\u00f3n de nuestra ciudad.<\/p>\n\n\n\n<p><br>En Tonal\u00e1 la recolecci\u00f3n de residuos solidos urbanos est\u00e1 garantizada gracias a la flotilla de unidades que se adquirieron por la actual administraci\u00f3n y gracias, tambi\u00e9n, a la planta de transferencia denominada \u201cEl Cielo\u201d.<\/p>\n","protected":false},"excerpt":{"rendered":"<p>El Gobierno de Tonal\u00e1 reitera la postura que ha externado su presidente, Sergio Ch\u00e1vez D\u00e1valos, de que la recolecci\u00f3n, traslado<\/p>\n","protected":false},"author":2,"featured_media":33509,"comment_status":"closed","ping_status":"open","sticky":false,"template":"","format":"standard","meta":{"colormag_page_container_layout":"default_layout","colormag_page_sidebar_layout":"default_layout","footnotes":""},"categories":[2],"tags":[],"class_list":["post-35875","post","type-post","status-publish","format-standard","has-post-thumbnail","hentry","category-comunicacion-social"],"_links":{"self":[{"href":"https:\/\/tonala.gob.mx\/portal\/wp-json\/wp\/v2\/posts\/35875","targetHints":{"allow":["GET"]}}],"collection":[{"href":"https:\/\/tonala.gob.mx\/portal\/wp-json\/wp\/v2\/posts"}],"about":[{"href":"https:\/\/tonala.gob.mx\/portal\/wp-json\/wp\/v2\/types\/post"}],"author":[{"embeddable":true,"href":"https:\/\/tonala.gob.mx\/portal\/wp-json\/wp\/v2\/users\/2"}],"replies":[{"embeddable":true,"href":"https:\/\/tonala.gob.mx\/portal\/wp-json\/wp\/v2\/comments?post=35875"}],"version-history":[{"count":1,"href":"https:\/\/tonala.gob.mx\/portal\/wp-json\/wp\/v2\/posts\/35875\/revisions"}],"predecessor-version":[{"id":35876,"href":"https:\/\/tonala.gob.mx\/portal\/wp-json\/wp\/v2\/posts\/35875\/revisions\/35876"}],"wp:featuredmedia":[{"embeddable":true,"href":"https:\/\/tonala.gob.mx\/portal\/wp-json\/wp\/v2\/media\/33509"}],"wp:attachment":[{"href":"https:\/\/tonala.gob.mx\/portal\/wp-json\/wp\/v2\/media?parent=35875"}],"wp:term":[{"taxonomy":"category","embeddable":true,"href":"https:\/\/tonala.gob.mx\/portal\/wp-json\/wp\/v2\/categories?post=35875"},{"taxonomy":"post_tag","embeddable":true,"href":"https:\/\/tonala.gob.mx\/portal\/wp-json\/wp\/v2\/tags?post=35875"}],"curies":[{"name":"wp","href":"https:\/\/api.w.org\/{rel}","templated":true}]}}