{"id":35865,"date":"2024-08-27T14:00:52","date_gmt":"2024-08-27T20:00:52","guid":{"rendered":"https:\/\/tonala.gob.mx\/portal\/?p=35865"},"modified":"2024-08-27T14:01:46","modified_gmt":"2024-08-27T20:01:46","slug":"entrega-tonala-mochilas-y-utiles-para-68-mil-estudiantes","status":"publish","type":"post","link":"https:\/\/tonala.gob.mx\/portal\/2024\/08\/27\/entrega-tonala-mochilas-y-utiles-para-68-mil-estudiantes\/","title":{"rendered":"Entrega Tonal\u00e1 mochilas y \u00fatiles para 68 mil estudiantes"},"content":{"rendered":"\n<figure class=\"wp-block-image size-large\"><a href=\"https:\/\/tonala.gob.mx\/portal\/wp-content\/uploads\/2024\/08\/7.jpg\"><img fetchpriority=\"high\" decoding=\"async\" width=\"1024\" height=\"681\" src=\"https:\/\/tonala.gob.mx\/portal\/wp-content\/uploads\/2024\/08\/7-1024x681.jpg\" alt=\"\" class=\"wp-image-35866\" srcset=\"https:\/\/tonala.gob.mx\/portal\/wp-content\/uploads\/2024\/08\/7-1024x681.jpg 1024w, https:\/\/tonala.gob.mx\/portal\/wp-content\/uploads\/2024\/08\/7-300x200.jpg 300w, https:\/\/tonala.gob.mx\/portal\/wp-content\/uploads\/2024\/08\/7-768x511.jpg 768w, https:\/\/tonala.gob.mx\/portal\/wp-content\/uploads\/2024\/08\/7-1536x1021.jpg 1536w, https:\/\/tonala.gob.mx\/portal\/wp-content\/uploads\/2024\/08\/7.jpg 1600w\" sizes=\"(max-width: 1024px) 100vw, 1024px\" \/><\/a><\/figure>\n\n\n\n<p>El presidente Municipal de Tonal\u00e1, Sergio Ch\u00e1vez D\u00e1valos, dio inicio a la entrega de mochilas y \u00fatiles escolares para 68 mil 406 ni\u00f1as y ni\u00f1os de preescolares, primarias y secundarias que se encuentran en el municipio.<\/p>\n\n\n\n<p>En la primaria Juan Escutia, de la Colonia Jalisco, el presidente municipal hizo entrega simb\u00f3lica de las mochilas con \u00fatiles, que se entregar\u00e1n a 8 mil 467 estudiantes de preescolar; 44 mil 127 de primarias, y 15 mil 814 de secundaria, de los 355 centro de trabajo que se localizan en Tonal\u00e1.<\/p>\n\n\n\n<p>En est\u00e9 plantel, que tambi\u00e9n alberga estudiantes en los turnos vespertino y nocturno, sumando m\u00e1s de mil alumnos, Ch\u00e1vez D\u00e1valos explic\u00f3 que en menos de un mes se tendr\u00e1n que entregar todos los paquetes escolares.<\/p>\n\n\n\n<p>&nbsp;\u201cTonal\u00e1 es el \u00fanico municipio metropolitano que s\u00ed est\u00e1 entregando \u00fatiles, con el dinero que hemos ahorrado de los impuestos, porque no lo hemos gastado en cosas que no le sirvan a los tonaltecas, le estamos invirtiendo al presente y al futuro\u201d, destac\u00f3.&nbsp;&nbsp;<\/p>\n\n\n\n<figure class=\"wp-block-image size-large\"><a href=\"https:\/\/tonala.gob.mx\/portal\/wp-content\/uploads\/2024\/08\/8.jpg\"><img decoding=\"async\" width=\"1024\" height=\"681\" src=\"https:\/\/tonala.gob.mx\/portal\/wp-content\/uploads\/2024\/08\/8-1024x681.jpg\" alt=\"\" class=\"wp-image-35867\" srcset=\"https:\/\/tonala.gob.mx\/portal\/wp-content\/uploads\/2024\/08\/8-1024x681.jpg 1024w, https:\/\/tonala.gob.mx\/portal\/wp-content\/uploads\/2024\/08\/8-300x200.jpg 300w, https:\/\/tonala.gob.mx\/portal\/wp-content\/uploads\/2024\/08\/8-768x511.jpg 768w, https:\/\/tonala.gob.mx\/portal\/wp-content\/uploads\/2024\/08\/8-1536x1021.jpg 1536w, https:\/\/tonala.gob.mx\/portal\/wp-content\/uploads\/2024\/08\/8.jpg 1600w\" sizes=\"(max-width: 1024px) 100vw, 1024px\" \/><\/a><\/figure>\n\n\n\n<p>La inversi\u00f3n total que realiz\u00f3 el municipio para dar continuidad a este beneficio para las familias del municipio fue de 31.8 millones de pesos<\/p>\n\n\n\n<p>Por otro lado, Ch\u00e1vez D\u00e1valos entreg\u00f3 en esta misma escuela un domo escolar m\u00e1s para protecci\u00f3n de sus alumnos y alumnas, y se comprometi\u00f3 a que, antes de que concluya el a\u00f1o, todas las escuelas de la Colonia Jalisco, tendr\u00e1n domo para su comunidad educativa.<\/p>\n\n\n\n<p>\u201cMe puse una meta, de que yo iba a entregar un domo todos los martes en cualquiera de las 370 escuelas que tenemos en el municipio Tonal\u00e1 y si no me equivoco este es el domo 83 que estoy entregando en casi tres a\u00f1os de gobierno\u201d, coment\u00f3 el primer edil y explic\u00f3 que al haber ganado la reelecci\u00f3n tiene el prop\u00f3sito de que todos los planteles educativos cuenten con domo en su pat\u00edo c\u00edvico.<\/p>\n","protected":false},"excerpt":{"rendered":"<p>El presidente Municipal de Tonal\u00e1, Sergio Ch\u00e1vez D\u00e1valos, dio inicio a la entrega de mochilas y \u00fatiles escolares para 68<\/p>\n","protected":false},"author":2,"featured_media":35868,"comment_status":"closed","ping_status":"open","sticky":false,"template":"","format":"standard","meta":{"colormag_page_container_layout":"default_layout","colormag_page_sidebar_layout":"default_layout","footnotes":""},"categories":[2],"tags":[],"class_list":["post-35865","post","type-post","status-publish","format-standard","has-post-thumbnail","hentry","category-comunicacion-social"],"_links":{"self":[{"href":"https:\/\/tonala.gob.mx\/portal\/wp-json\/wp\/v2\/posts\/35865","targetHints":{"allow":["GET"]}}],"collection":[{"href":"https:\/\/tonala.gob.mx\/portal\/wp-json\/wp\/v2\/posts"}],"about":[{"href":"https:\/\/tonala.gob.mx\/portal\/wp-json\/wp\/v2\/types\/post"}],"author":[{"embeddable":true,"href":"https:\/\/tonala.gob.mx\/portal\/wp-json\/wp\/v2\/users\/2"}],"replies":[{"embeddable":true,"href":"https:\/\/tonala.gob.mx\/portal\/wp-json\/wp\/v2\/comments?post=35865"}],"version-history":[{"count":1,"href":"https:\/\/tonala.gob.mx\/portal\/wp-json\/wp\/v2\/posts\/35865\/revisions"}],"predecessor-version":[{"id":35869,"href":"https:\/\/tonala.gob.mx\/portal\/wp-json\/wp\/v2\/posts\/35865\/revisions\/35869"}],"wp:featuredmedia":[{"embeddable":true,"href":"https:\/\/tonala.gob.mx\/portal\/wp-json\/wp\/v2\/media\/35868"}],"wp:attachment":[{"href":"https:\/\/tonala.gob.mx\/portal\/wp-json\/wp\/v2\/media?parent=35865"}],"wp:term":[{"taxonomy":"category","embeddable":true,"href":"https:\/\/tonala.gob.mx\/portal\/wp-json\/wp\/v2\/categories?post=35865"},{"taxonomy":"post_tag","embeddable":true,"href":"https:\/\/tonala.gob.mx\/portal\/wp-json\/wp\/v2\/tags?post=35865"}],"curies":[{"name":"wp","href":"https:\/\/api.w.org\/{rel}","templated":true}]}}