{"id":35860,"date":"2024-08-26T13:52:47","date_gmt":"2024-08-26T19:52:47","guid":{"rendered":"https:\/\/tonala.gob.mx\/portal\/?p=35860"},"modified":"2024-08-27T13:56:34","modified_gmt":"2024-08-27T19:56:34","slug":"arranca-la-construccion-del-parque-industrial-elite-iii","status":"publish","type":"post","link":"https:\/\/tonala.gob.mx\/portal\/2024\/08\/26\/arranca-la-construccion-del-parque-industrial-elite-iii\/","title":{"rendered":"Arranca la construcci\u00f3n del parque industrial \u00c9lite III"},"content":{"rendered":"\n<p>La ubicaci\u00f3n estrat\u00e9gica de la zona donde se asientan empresas ligeras (no contaminantes) permite que los inversionistas \u201cvean a Tonal\u00e1 como un municipio c\u00f3modo para poder invertir\u201d, afirm\u00f3 Sergio Ch\u00e1vez D\u00e1valos, presidente municipal, durante el evento de arranque para la construcci\u00f3n del parque industrial \u00c9lite III, en la confluencia de perif\u00e9rico nuevo y autopista a Zapotlanejo.<\/p>\n\n\n\n<figure class=\"wp-block-image size-large\"><a href=\"https:\/\/tonala.gob.mx\/portal\/wp-content\/uploads\/2024\/08\/1.jpg\"><img fetchpriority=\"high\" decoding=\"async\" width=\"1600\" height=\"1064\" src=\"https:\/\/tonala.gob.mx\/portal\/wp-content\/uploads\/2024\/08\/1-1024x681.jpg\" alt=\"\" class=\"wp-image-35861\" srcset=\"https:\/\/tonala.gob.mx\/portal\/wp-content\/uploads\/2024\/08\/1-1024x681.jpg 1024w, https:\/\/tonala.gob.mx\/portal\/wp-content\/uploads\/2024\/08\/1-300x200.jpg 300w, https:\/\/tonala.gob.mx\/portal\/wp-content\/uploads\/2024\/08\/1-768x511.jpg 768w, https:\/\/tonala.gob.mx\/portal\/wp-content\/uploads\/2024\/08\/1-1536x1021.jpg 1536w, https:\/\/tonala.gob.mx\/portal\/wp-content\/uploads\/2024\/08\/1.jpg 1600w\" sizes=\"(max-width: 1600px) 100vw, 1600px\" \/><\/a><\/figure>\n\n\n\n<p>El primer edil tonalteca hizo referencia a las v\u00edas de comunicaci\u00f3n que confluyen o est\u00e1n a escasos minutos de esa parte del municipio: Perif\u00e9rico nuevo, autopista a Zapotlanejo, carretera libre a Zapotlanejo, macro libramiento, que permiten una r\u00e1pida conectividad con el aeropuerto, la central camionera y son la v\u00eda para ir y venir al puerto de manzanillo y son la salida hacia buen parte del pa\u00eds.<\/p>\n\n\n\n<p>Record\u00f3 que hace tres a\u00f1os la zona que hoy se est\u00e1 transformando a la inversi\u00f3n ten\u00eda una vocaci\u00f3n agr\u00edcola y se ha convertido en \u201cla pechuga de la zona metropolitana de Guadalajara\u201d en materia de inversi\u00f3n, lo que se demuestra con la instalaci\u00f3n de 9 parques industriales en menos de tres a\u00f1os.<\/p>\n\n\n\n<figure class=\"wp-block-image size-large\"><a href=\"https:\/\/tonala.gob.mx\/portal\/wp-content\/uploads\/2024\/08\/3.jpg\"><img decoding=\"async\" width=\"1024\" height=\"681\" src=\"https:\/\/tonala.gob.mx\/portal\/wp-content\/uploads\/2024\/08\/3-1024x681.jpg\" alt=\"\" class=\"wp-image-35862\" srcset=\"https:\/\/tonala.gob.mx\/portal\/wp-content\/uploads\/2024\/08\/3-1024x681.jpg 1024w, https:\/\/tonala.gob.mx\/portal\/wp-content\/uploads\/2024\/08\/3-300x200.jpg 300w, https:\/\/tonala.gob.mx\/portal\/wp-content\/uploads\/2024\/08\/3-768x511.jpg 768w, https:\/\/tonala.gob.mx\/portal\/wp-content\/uploads\/2024\/08\/3-1536x1021.jpg 1536w, https:\/\/tonala.gob.mx\/portal\/wp-content\/uploads\/2024\/08\/3.jpg 1600w\" sizes=\"(max-width: 1024px) 100vw, 1024px\" \/><\/a><\/figure>\n\n\n\n<p>Ch\u00e1vez D\u00e1valos puntualiz\u00f3: \u201ccomo decimos en la administraci\u00f3n, y no pensamos parara \u00bfpor qu\u00e9? Porqu\u00e9 estas casi tres mil hect\u00e1reas que todav\u00eda tiene de reserva el municipio de Tonal\u00e1 -precisamente la semana pasada se terminaron las consultas de los planes parciales- estamos d\u00e1ndole el uso de suelo log\u00edstico e industrial, de industrial ligera (porque) estamos muy cera del R\u00edo Santiago y estamos protegi\u00e9ndolo\u201d<\/p>\n\n\n\n<p>Por \u00faltimo, dijo que seguir\u00e1 luchando por que se construya la l\u00ednea cinco del tren el\u00e9ctrico hacia Tonal\u00e1, de la cual ya se entreg\u00f3 un proyecto a la pr\u00f3xima presidenta de M\u00e9xico Claudia Sheinbaum y \u00e9sta tambi\u00e9n hizo el compromiso de edificarla. &nbsp;<\/p>\n","protected":false},"excerpt":{"rendered":"<p>La ubicaci\u00f3n estrat\u00e9gica de la zona donde se asientan empresas ligeras (no contaminantes) permite que los inversionistas \u201cvean a Tonal\u00e1<\/p>\n","protected":false},"author":2,"featured_media":35863,"comment_status":"closed","ping_status":"open","sticky":false,"template":"","format":"standard","meta":{"colormag_page_container_layout":"default_layout","colormag_page_sidebar_layout":"default_layout","footnotes":""},"categories":[2],"tags":[],"class_list":["post-35860","post","type-post","status-publish","format-standard","has-post-thumbnail","hentry","category-comunicacion-social"],"_links":{"self":[{"href":"https:\/\/tonala.gob.mx\/portal\/wp-json\/wp\/v2\/posts\/35860","targetHints":{"allow":["GET"]}}],"collection":[{"href":"https:\/\/tonala.gob.mx\/portal\/wp-json\/wp\/v2\/posts"}],"about":[{"href":"https:\/\/tonala.gob.mx\/portal\/wp-json\/wp\/v2\/types\/post"}],"author":[{"embeddable":true,"href":"https:\/\/tonala.gob.mx\/portal\/wp-json\/wp\/v2\/users\/2"}],"replies":[{"embeddable":true,"href":"https:\/\/tonala.gob.mx\/portal\/wp-json\/wp\/v2\/comments?post=35860"}],"version-history":[{"count":1,"href":"https:\/\/tonala.gob.mx\/portal\/wp-json\/wp\/v2\/posts\/35860\/revisions"}],"predecessor-version":[{"id":35864,"href":"https:\/\/tonala.gob.mx\/portal\/wp-json\/wp\/v2\/posts\/35860\/revisions\/35864"}],"wp:featuredmedia":[{"embeddable":true,"href":"https:\/\/tonala.gob.mx\/portal\/wp-json\/wp\/v2\/media\/35863"}],"wp:attachment":[{"href":"https:\/\/tonala.gob.mx\/portal\/wp-json\/wp\/v2\/media?parent=35860"}],"wp:term":[{"taxonomy":"category","embeddable":true,"href":"https:\/\/tonala.gob.mx\/portal\/wp-json\/wp\/v2\/categories?post=35860"},{"taxonomy":"post_tag","embeddable":true,"href":"https:\/\/tonala.gob.mx\/portal\/wp-json\/wp\/v2\/tags?post=35860"}],"curies":[{"name":"wp","href":"https:\/\/api.w.org\/{rel}","templated":true}]}}