{"id":35722,"date":"2024-07-18T13:41:58","date_gmt":"2024-07-18T19:41:58","guid":{"rendered":"https:\/\/tonala.gob.mx\/portal\/?p=35722"},"modified":"2024-07-18T13:43:19","modified_gmt":"2024-07-18T19:43:19","slug":"trabajan-pc-tonala-y-pc-jalisco-con-organismo-especializado-en-saneamiento-en-coyula","status":"publish","type":"post","link":"https:\/\/tonala.gob.mx\/portal\/2024\/07\/18\/trabajan-pc-tonala-y-pc-jalisco-con-organismo-especializado-en-saneamiento-en-coyula\/","title":{"rendered":"Trabajan Protecci\u00f3n Civil Tonal\u00e1 y Protecci\u00f3n Civil Jalisco con organismo especializado en saneamiento en Coyula"},"content":{"rendered":"\n<p>El gobierno de Tonal\u00e1, as\u00ed como las \u00e1reas de Protecci\u00f3n Civil del municipio y del estado, iniciaron trabajos con la empresa Corporaci\u00f3n Ambiental de M\u00e9xico, que cuenta con las certificaciones de la Agencia de Seguridad, Energ\u00eda y Ambiente, para ampliar los diagn\u00f3sticos sobre el hidrocarburo que se encuentra en el subsuelo en la zona de Coyula.<\/p>\n\n\n\n<p>La empresa especialista y certificada para atender contaminaciones por hidrocarburos, fue contratada por la compa\u00f1\u00eda gasolinera para determinar las acciones que se deben realizar para garantizar el saneamiento total de la zona y asegurar la salud y seguridad de los habitantes, en atenci\u00f3n a los protocolos que marcan las autoridades federales en la materia.<\/p>\n\n\n\n<figure class=\"wp-block-image aligncenter size-large\"><img fetchpriority=\"high\" decoding=\"async\" width=\"576\" height=\"1024\" src=\"https:\/\/tonala.gob.mx\/portal\/wp-content\/uploads\/2024\/07\/3-576x1024.jpg\" alt=\"\" class=\"wp-image-35724\" srcset=\"https:\/\/tonala.gob.mx\/portal\/wp-content\/uploads\/2024\/07\/3-576x1024.jpg 576w, https:\/\/tonala.gob.mx\/portal\/wp-content\/uploads\/2024\/07\/3-169x300.jpg 169w, https:\/\/tonala.gob.mx\/portal\/wp-content\/uploads\/2024\/07\/3-768x1365.jpg 768w, https:\/\/tonala.gob.mx\/portal\/wp-content\/uploads\/2024\/07\/3-864x1536.jpg 864w, https:\/\/tonala.gob.mx\/portal\/wp-content\/uploads\/2024\/07\/3-1152x2048.jpg 1152w, https:\/\/tonala.gob.mx\/portal\/wp-content\/uploads\/2024\/07\/3-scaled.jpg 1440w\" sizes=\"(max-width: 576px) 100vw, 576px\" \/><\/figure>\n\n\n\n<p>Para dar a conocer los trabajos y mantener informados a los habitantes de la zona, el d\u00eda de ayer mi\u00e9rcoles, por la noche, se llev\u00f3 a cabo una reuni\u00f3n en la que estuvieron presentes alrededor de 150 personas, a quienes se le explic\u00f3 a detalle lo que se esta haciendo, por parte de los titulares de Protecci\u00f3n Civil y Bomberos del Estado y de Tonal\u00e1, V\u00edctor Hugo Rold\u00e1n y Salvador Casta\u00f1eda, respectivamente, y el jefe de gabinete del gobierno municipal, Carlos Mart\u00ednez Maguey.<\/p>\n\n\n\n<p>Por lo que ve a la empresa especializada que ha iniciado labores, operar\u00e1 informando a las autoridades municipal y estatal, de manera que se pueda mantener a la poblaci\u00f3n informada sobre los avances que se realicen.<\/p>\n\n\n\n<figure class=\"wp-block-image aligncenter size-large\"><img decoding=\"async\" width=\"1024\" height=\"576\" src=\"https:\/\/tonala.gob.mx\/portal\/wp-content\/uploads\/2024\/07\/2-1-1024x576.jpg\" alt=\"\" class=\"wp-image-35725\" srcset=\"https:\/\/tonala.gob.mx\/portal\/wp-content\/uploads\/2024\/07\/2-1-1024x576.jpg 1024w, https:\/\/tonala.gob.mx\/portal\/wp-content\/uploads\/2024\/07\/2-1-300x169.jpg 300w, https:\/\/tonala.gob.mx\/portal\/wp-content\/uploads\/2024\/07\/2-1-768x432.jpg 768w, https:\/\/tonala.gob.mx\/portal\/wp-content\/uploads\/2024\/07\/2-1-1536x864.jpg 1536w, https:\/\/tonala.gob.mx\/portal\/wp-content\/uploads\/2024\/07\/2-1-2048x1152.jpg 2048w\" sizes=\"(max-width: 1024px) 100vw, 1024px\" \/><\/figure>\n","protected":false},"excerpt":{"rendered":"<p>El gobierno de Tonal\u00e1, as\u00ed como las \u00e1reas de Protecci\u00f3n Civil del municipio y del estado, iniciaron trabajos con la<\/p>\n","protected":false},"author":2,"featured_media":35723,"comment_status":"closed","ping_status":"open","sticky":false,"template":"","format":"standard","meta":{"colormag_page_container_layout":"default_layout","colormag_page_sidebar_layout":"default_layout","footnotes":""},"categories":[2],"tags":[],"class_list":["post-35722","post","type-post","status-publish","format-standard","has-post-thumbnail","hentry","category-comunicacion-social"],"_links":{"self":[{"href":"https:\/\/tonala.gob.mx\/portal\/wp-json\/wp\/v2\/posts\/35722","targetHints":{"allow":["GET"]}}],"collection":[{"href":"https:\/\/tonala.gob.mx\/portal\/wp-json\/wp\/v2\/posts"}],"about":[{"href":"https:\/\/tonala.gob.mx\/portal\/wp-json\/wp\/v2\/types\/post"}],"author":[{"embeddable":true,"href":"https:\/\/tonala.gob.mx\/portal\/wp-json\/wp\/v2\/users\/2"}],"replies":[{"embeddable":true,"href":"https:\/\/tonala.gob.mx\/portal\/wp-json\/wp\/v2\/comments?post=35722"}],"version-history":[{"count":2,"href":"https:\/\/tonala.gob.mx\/portal\/wp-json\/wp\/v2\/posts\/35722\/revisions"}],"predecessor-version":[{"id":35728,"href":"https:\/\/tonala.gob.mx\/portal\/wp-json\/wp\/v2\/posts\/35722\/revisions\/35728"}],"wp:featuredmedia":[{"embeddable":true,"href":"https:\/\/tonala.gob.mx\/portal\/wp-json\/wp\/v2\/media\/35723"}],"wp:attachment":[{"href":"https:\/\/tonala.gob.mx\/portal\/wp-json\/wp\/v2\/media?parent=35722"}],"wp:term":[{"taxonomy":"category","embeddable":true,"href":"https:\/\/tonala.gob.mx\/portal\/wp-json\/wp\/v2\/categories?post=35722"},{"taxonomy":"post_tag","embeddable":true,"href":"https:\/\/tonala.gob.mx\/portal\/wp-json\/wp\/v2\/tags?post=35722"}],"curies":[{"name":"wp","href":"https:\/\/api.w.org\/{rel}","templated":true}]}}