{"id":35702,"date":"2024-07-15T14:34:45","date_gmt":"2024-07-15T20:34:45","guid":{"rendered":"https:\/\/tonala.gob.mx\/portal\/?p=35702"},"modified":"2024-07-15T14:35:12","modified_gmt":"2024-07-15T20:35:12","slug":"nombran-nuevo-comisario-de-seguridad-publica","status":"publish","type":"post","link":"https:\/\/tonala.gob.mx\/portal\/2024\/07\/15\/nombran-nuevo-comisario-de-seguridad-publica\/","title":{"rendered":"Nombran nuevo comisario de seguridad p\u00fablica."},"content":{"rendered":"\n<figure class=\"wp-block-image size-large\"><a href=\"https:\/\/tonala.gob.mx\/portal\/wp-content\/uploads\/2024\/07\/15.jpeg\"><img fetchpriority=\"high\" decoding=\"async\" width=\"1024\" height=\"682\" src=\"https:\/\/tonala.gob.mx\/portal\/wp-content\/uploads\/2024\/07\/15-1024x682.jpeg\" alt=\"\" class=\"wp-image-35706\" srcset=\"https:\/\/tonala.gob.mx\/portal\/wp-content\/uploads\/2024\/07\/15-1024x682.jpeg 1024w, https:\/\/tonala.gob.mx\/portal\/wp-content\/uploads\/2024\/07\/15-300x200.jpeg 300w, https:\/\/tonala.gob.mx\/portal\/wp-content\/uploads\/2024\/07\/15-768x512.jpeg 768w, https:\/\/tonala.gob.mx\/portal\/wp-content\/uploads\/2024\/07\/15-1536x1023.jpeg 1536w, https:\/\/tonala.gob.mx\/portal\/wp-content\/uploads\/2024\/07\/15.jpeg 1600w\" sizes=\"(max-width: 1024px) 100vw, 1024px\" \/><\/a><\/figure>\n\n\n\n<p>Salvador Isaac Islas Miranda, rindi\u00f3 protesta al cargo de Comisario de Seguridad P\u00fablica en el municipio de Tonal\u00e1, en sustituci\u00f3n de V\u00edctor Jes\u00fas Aceves Jim\u00e9nez, quien se ven\u00eda desempe\u00f1ado en el cargo desde el inicio de la actual administraci\u00f3n, quien present\u00f3 su renuncia por asuntos personales.<\/p>\n\n\n\n<p>&nbsp;Miguel Maga\u00f1a Orozco, coordinador del Gabinete de Seguridad, Prevenci\u00f3n, Servicios de Emergencia y Movilidad, con la representaci\u00f3n del presidente municipal, Sergio Ch\u00e1vez D\u00e1valos, tom\u00f3 la protesta al nuevo comisario y dedic\u00f3 palabras de agradecimiento a Aceves Jim\u00e9nez por la labor realizada durante los a\u00f1os que estuvo al frente de la corporaci\u00f3n policiaca.<\/p>\n\n\n\n<figure class=\"wp-block-image size-large\"><a href=\"https:\/\/tonala.gob.mx\/portal\/wp-content\/uploads\/2024\/07\/12.jpeg\"><img decoding=\"async\" width=\"1024\" height=\"682\" src=\"https:\/\/tonala.gob.mx\/portal\/wp-content\/uploads\/2024\/07\/12-1024x682.jpeg\" alt=\"\" class=\"wp-image-35703\" srcset=\"https:\/\/tonala.gob.mx\/portal\/wp-content\/uploads\/2024\/07\/12-1024x682.jpeg 1024w, https:\/\/tonala.gob.mx\/portal\/wp-content\/uploads\/2024\/07\/12-300x200.jpeg 300w, https:\/\/tonala.gob.mx\/portal\/wp-content\/uploads\/2024\/07\/12-768x512.jpeg 768w, https:\/\/tonala.gob.mx\/portal\/wp-content\/uploads\/2024\/07\/12-1536x1023.jpeg 1536w, https:\/\/tonala.gob.mx\/portal\/wp-content\/uploads\/2024\/07\/12.jpeg 1600w\" sizes=\"(max-width: 1024px) 100vw, 1024px\" \/><\/a><\/figure>\n\n\n\n<p>Islas Miranda agradeci\u00f3 la oportunidad que se le da en el cargo y se comprometi\u00f3 a \u201cresponder con trabajo, con resultados a la sociedad\u201d y subray\u00f3 que llega a trabajar en equipo \u201cd\u00eda a d\u00eda, turno tras turno\u201d.<\/p>\n\n\n\n<p>En su momento, Maga\u00f1a Orozco reconoci\u00f3 que el nuevo comisario cuenta con amplia experiencia en el rubro de seguridad y tiene una solida formaci\u00f3n policiaca y lo exhort\u00f3 \u201ca que ponga todo su empe\u00f1o y esfuerzo, apeg\u00e1ndose a los principios de legalidad, objetividad, eficiencia, profesionalismo, honradez y respeto a los derechos humanos\u201d.<\/p>\n\n\n\n<figure class=\"wp-block-image size-large\"><a href=\"https:\/\/tonala.gob.mx\/portal\/wp-content\/uploads\/2024\/07\/13.jpeg\"><img decoding=\"async\" width=\"1024\" height=\"682\" src=\"https:\/\/tonala.gob.mx\/portal\/wp-content\/uploads\/2024\/07\/13-1024x682.jpeg\" alt=\"\" class=\"wp-image-35704\" srcset=\"https:\/\/tonala.gob.mx\/portal\/wp-content\/uploads\/2024\/07\/13-1024x682.jpeg 1024w, https:\/\/tonala.gob.mx\/portal\/wp-content\/uploads\/2024\/07\/13-300x200.jpeg 300w, https:\/\/tonala.gob.mx\/portal\/wp-content\/uploads\/2024\/07\/13-768x512.jpeg 768w, https:\/\/tonala.gob.mx\/portal\/wp-content\/uploads\/2024\/07\/13-1536x1023.jpeg 1536w, https:\/\/tonala.gob.mx\/portal\/wp-content\/uploads\/2024\/07\/13.jpeg 1600w\" sizes=\"(max-width: 1024px) 100vw, 1024px\" \/><\/a><\/figure>\n\n\n\n<p>OTROS NOMBRAMIENTOS<\/p>\n\n\n\n<p>Por otro lado, Ch\u00e1vez D\u00e1valos nombr\u00f3 nuevo titular de la Direcci\u00f3n de Catastro a Timoteo Campechano Silva, en sustituci\u00f3n de Gerardo Esquivias Gardu\u00f1o, quien solicit\u00f3 licencia al cargo, en tiempo y forma, para competir en el pasado proceso electoral como candidato a Regidor y, una vez concluido \u00e9ste, decidi\u00f3 no regresar al cargo.<\/p>\n\n\n\n<p>En la Jefatura de Regularizaci\u00f3n de Predios, Ch\u00e1vez D\u00e1valos nombr\u00f3 a Hugo Ocampo Barajas, en sustituci\u00f3n de Carlos Guti\u00e9rrez Rodr\u00edguez<\/p>\n","protected":false},"excerpt":{"rendered":"<p>Salvador Isaac Islas Miranda, rindi\u00f3 protesta al cargo de Comisario de Seguridad P\u00fablica en el municipio de Tonal\u00e1, en sustituci\u00f3n<\/p>\n","protected":false},"author":2,"featured_media":35705,"comment_status":"closed","ping_status":"open","sticky":false,"template":"","format":"standard","meta":{"colormag_page_container_layout":"default_layout","colormag_page_sidebar_layout":"default_layout","footnotes":""},"categories":[2],"tags":[],"class_list":["post-35702","post","type-post","status-publish","format-standard","has-post-thumbnail","hentry","category-comunicacion-social"],"_links":{"self":[{"href":"https:\/\/tonala.gob.mx\/portal\/wp-json\/wp\/v2\/posts\/35702","targetHints":{"allow":["GET"]}}],"collection":[{"href":"https:\/\/tonala.gob.mx\/portal\/wp-json\/wp\/v2\/posts"}],"about":[{"href":"https:\/\/tonala.gob.mx\/portal\/wp-json\/wp\/v2\/types\/post"}],"author":[{"embeddable":true,"href":"https:\/\/tonala.gob.mx\/portal\/wp-json\/wp\/v2\/users\/2"}],"replies":[{"embeddable":true,"href":"https:\/\/tonala.gob.mx\/portal\/wp-json\/wp\/v2\/comments?post=35702"}],"version-history":[{"count":1,"href":"https:\/\/tonala.gob.mx\/portal\/wp-json\/wp\/v2\/posts\/35702\/revisions"}],"predecessor-version":[{"id":35707,"href":"https:\/\/tonala.gob.mx\/portal\/wp-json\/wp\/v2\/posts\/35702\/revisions\/35707"}],"wp:featuredmedia":[{"embeddable":true,"href":"https:\/\/tonala.gob.mx\/portal\/wp-json\/wp\/v2\/media\/35705"}],"wp:attachment":[{"href":"https:\/\/tonala.gob.mx\/portal\/wp-json\/wp\/v2\/media?parent=35702"}],"wp:term":[{"taxonomy":"category","embeddable":true,"href":"https:\/\/tonala.gob.mx\/portal\/wp-json\/wp\/v2\/categories?post=35702"},{"taxonomy":"post_tag","embeddable":true,"href":"https:\/\/tonala.gob.mx\/portal\/wp-json\/wp\/v2\/tags?post=35702"}],"curies":[{"name":"wp","href":"https:\/\/api.w.org\/{rel}","templated":true}]}}