{"id":35266,"date":"2024-02-22T13:50:29","date_gmt":"2024-02-22T19:50:29","guid":{"rendered":"https:\/\/tonala.gob.mx\/portal\/?p=35266"},"modified":"2024-02-22T13:51:09","modified_gmt":"2024-02-22T19:51:09","slug":"entrega-de-domo-en-la-colonia-mas-grande-de-tonala","status":"publish","type":"post","link":"https:\/\/tonala.gob.mx\/portal\/2024\/02\/22\/entrega-de-domo-en-la-colonia-mas-grande-de-tonala\/","title":{"rendered":"Entrega de domo en la colonia m\u00e1s grande de Tonal\u00e1\u00a0\u00a0"},"content":{"rendered":"\n<figure class=\"wp-block-image size-large\"><a href=\"https:\/\/tonala.gob.mx\/portal\/wp-content\/uploads\/2024\/02\/4.jpg\"><img fetchpriority=\"high\" decoding=\"async\" width=\"1024\" height=\"682\" src=\"https:\/\/tonala.gob.mx\/portal\/wp-content\/uploads\/2024\/02\/4-1024x682.jpg\" alt=\"\" class=\"wp-image-35269\" srcset=\"https:\/\/tonala.gob.mx\/portal\/wp-content\/uploads\/2024\/02\/4-1024x682.jpg 1024w, https:\/\/tonala.gob.mx\/portal\/wp-content\/uploads\/2024\/02\/4-300x200.jpg 300w, https:\/\/tonala.gob.mx\/portal\/wp-content\/uploads\/2024\/02\/4-768x512.jpg 768w, https:\/\/tonala.gob.mx\/portal\/wp-content\/uploads\/2024\/02\/4-1536x1023.jpg 1536w, https:\/\/tonala.gob.mx\/portal\/wp-content\/uploads\/2024\/02\/4.jpg 1600w\" sizes=\"(max-width: 1024px) 100vw, 1024px\" \/><\/a><\/figure>\n\n\n\n<p>El d\u00eda de hoy se realiz\u00f3 la entrega de dos domos escolares; uno en la colonia Jalisco en la escuela Francisco M\u00e1rquez y, otro, en el plantel preescolar Jorge Gonz\u00e1lez Camarena en Prados de la Ca\u00f1ada, siendo ya 66 techumbres las entregadas en lo que va de la actual administraci\u00f3n municipal.<\/p>\n\n\n\n<p>Reconociendo la importancia de la asistencia de los padres y las madres de familia que se preocupan por la educaci\u00f3n de sus hijos el presidente municipal Sergio Ch\u00e1vez D\u00e1valos mencion\u00f3 que aparte de la entrega del domo se les dar\u00e1 seguimiento a las dem\u00e1s peticiones de las escuelas por qu\u00e9 lo importante es y, siempre, ser\u00e1 apostarle a la educaci\u00f3n.<\/p>\n\n\n\n<p>El alcalde mencion\u00f3 que iniciar\u00e1 con la gesti\u00f3n junto con el Gobierno del Estado para la creaci\u00f3n de una escuela secundaria en Prados de la Ca\u00f1ada y as\u00ed poder ir cerrando el c\u00edrculo educativo, en donde quien no estudie no sea por falta de escuelas en su localidad y no tengan la necesidad de cruzar a otro municipio para continuar con sus estudios.<\/p>\n\n\n\n<figure class=\"wp-block-image size-large\"><a href=\"https:\/\/tonala.gob.mx\/portal\/wp-content\/uploads\/2024\/02\/Imagen-de-WhatsApp-2024-02-21-a-las-15.27.45_f7385d53.jpg\"><img decoding=\"async\" width=\"1024\" height=\"682\" src=\"https:\/\/tonala.gob.mx\/portal\/wp-content\/uploads\/2024\/02\/Imagen-de-WhatsApp-2024-02-21-a-las-15.27.45_f7385d53-1024x682.jpg\" alt=\"\" class=\"wp-image-35270\" srcset=\"https:\/\/tonala.gob.mx\/portal\/wp-content\/uploads\/2024\/02\/Imagen-de-WhatsApp-2024-02-21-a-las-15.27.45_f7385d53-1024x682.jpg 1024w, https:\/\/tonala.gob.mx\/portal\/wp-content\/uploads\/2024\/02\/Imagen-de-WhatsApp-2024-02-21-a-las-15.27.45_f7385d53-300x200.jpg 300w, https:\/\/tonala.gob.mx\/portal\/wp-content\/uploads\/2024\/02\/Imagen-de-WhatsApp-2024-02-21-a-las-15.27.45_f7385d53-768x512.jpg 768w, https:\/\/tonala.gob.mx\/portal\/wp-content\/uploads\/2024\/02\/Imagen-de-WhatsApp-2024-02-21-a-las-15.27.45_f7385d53-1536x1023.jpg 1536w, https:\/\/tonala.gob.mx\/portal\/wp-content\/uploads\/2024\/02\/Imagen-de-WhatsApp-2024-02-21-a-las-15.27.45_f7385d53.jpg 1600w\" sizes=\"(max-width: 1024px) 100vw, 1024px\" \/><\/a><\/figure>\n\n\n\n<p>Teniendo en cuenta que la parte sur de Tonal\u00e1 est\u00e1 en una zona privilegiada, ya que en diez a\u00f1os podr\u00e1n ir&nbsp; la tercera preparatoria del municipio que mediante un compromiso con el rector de la universidad de Guadalajara podr\u00eda iniciar clases la primera generaci\u00f3n en el mes de agosto del presente a\u00f1o y a unos kil\u00f3metros m\u00e1s encontraran a la universidad de Tonal\u00e1 as\u00ed mismo la pr\u00f3xima apertura de la primera etapa del hospital civil oriente.<\/p>\n\n\n\n<p>Agrego el presidente que en el siguiente mes comienza la construcci\u00f3n por parte del gobierno del estado del peribus que va a llegar hasta Tonal\u00e1.<\/p>\n","protected":false},"excerpt":{"rendered":"<p>El d\u00eda de hoy se realiz\u00f3 la entrega de dos domos escolares; uno en la colonia Jalisco en la escuela<\/p>\n","protected":false},"author":2,"featured_media":35268,"comment_status":"closed","ping_status":"open","sticky":false,"template":"","format":"standard","meta":{"colormag_page_container_layout":"default_layout","colormag_page_sidebar_layout":"default_layout","footnotes":""},"categories":[2],"tags":[],"class_list":["post-35266","post","type-post","status-publish","format-standard","has-post-thumbnail","hentry","category-comunicacion-social"],"_links":{"self":[{"href":"https:\/\/tonala.gob.mx\/portal\/wp-json\/wp\/v2\/posts\/35266","targetHints":{"allow":["GET"]}}],"collection":[{"href":"https:\/\/tonala.gob.mx\/portal\/wp-json\/wp\/v2\/posts"}],"about":[{"href":"https:\/\/tonala.gob.mx\/portal\/wp-json\/wp\/v2\/types\/post"}],"author":[{"embeddable":true,"href":"https:\/\/tonala.gob.mx\/portal\/wp-json\/wp\/v2\/users\/2"}],"replies":[{"embeddable":true,"href":"https:\/\/tonala.gob.mx\/portal\/wp-json\/wp\/v2\/comments?post=35266"}],"version-history":[{"count":2,"href":"https:\/\/tonala.gob.mx\/portal\/wp-json\/wp\/v2\/posts\/35266\/revisions"}],"predecessor-version":[{"id":35272,"href":"https:\/\/tonala.gob.mx\/portal\/wp-json\/wp\/v2\/posts\/35266\/revisions\/35272"}],"wp:featuredmedia":[{"embeddable":true,"href":"https:\/\/tonala.gob.mx\/portal\/wp-json\/wp\/v2\/media\/35268"}],"wp:attachment":[{"href":"https:\/\/tonala.gob.mx\/portal\/wp-json\/wp\/v2\/media?parent=35266"}],"wp:term":[{"taxonomy":"category","embeddable":true,"href":"https:\/\/tonala.gob.mx\/portal\/wp-json\/wp\/v2\/categories?post=35266"},{"taxonomy":"post_tag","embeddable":true,"href":"https:\/\/tonala.gob.mx\/portal\/wp-json\/wp\/v2\/tags?post=35266"}],"curies":[{"name":"wp","href":"https:\/\/api.w.org\/{rel}","templated":true}]}}