{"id":34911,"date":"2023-08-28T13:57:01","date_gmt":"2023-08-28T19:57:01","guid":{"rendered":"https:\/\/tonala.gob.mx\/portal\/?p=34911"},"modified":"2023-09-01T14:08:04","modified_gmt":"2023-09-01T20:08:04","slug":"arranca-ciclo-escolar-2023-2024-con-el-domo-n41-y-entrega-de-paquetes-escolares-en-tonala-jalisco","status":"publish","type":"post","link":"https:\/\/tonala.gob.mx\/portal\/2023\/08\/28\/arranca-ciclo-escolar-2023-2024-con-el-domo-n41-y-entrega-de-paquetes-escolares-en-tonala-jalisco\/","title":{"rendered":"Arranca ciclo escolar 2023-2024 con el domo n\u00b041 y entrega de paquetes escolares en Tonal\u00e1 Jalisco."},"content":{"rendered":"\n<figure class=\"wp-block-image size-full is-style-default\"><a href=\"https:\/\/tonala.gob.mx\/portal\/wp-content\/uploads\/2023\/09\/3.jpg\"><img fetchpriority=\"high\" decoding=\"async\" width=\"668\" height=\"445\" src=\"https:\/\/tonala.gob.mx\/portal\/wp-content\/uploads\/2023\/09\/3.jpg\" alt=\"\" class=\"wp-image-34914\" srcset=\"https:\/\/tonala.gob.mx\/portal\/wp-content\/uploads\/2023\/09\/3.jpg 668w, https:\/\/tonala.gob.mx\/portal\/wp-content\/uploads\/2023\/09\/3-300x200.jpg 300w\" sizes=\"(max-width: 668px) 100vw, 668px\" \/><\/a><\/figure>\n\n\n\n<p>El presidente municipal de Tonal\u00e1, Jalisco, Sergio Armando Ch\u00e1vez D\u00e1valos puso en marcha el ciclo escolar 2023-2024 con la entrega del Domo n\u00famero 41 y de paquetes escolares en el Jard\u00edn de ni\u00f1os Adolfo Christlieb Ibarrola T\/M y Gorgonio Cort\u00e9s Carrasco T\/V y, con ello, se dio inicio al ciclo escolar.<\/p>\n\n\n\n<p>Ch\u00e1vez Davalos agradeci\u00f3 a las directoras, maestros, maestras, padres y madres de familia que estuvieron presentes, mencionando que gracias a los impuestos que pagan todos, es posible hacer la entrega de estos domos , uno cada semana, y de los paquetes escolares del programa RECREA en donde el Gobierno del Estado de Jalisco le entra con su parte; el cual incluye \u00fatiles, mochilas, y uniformes a todos los alumnos de k\u00ednder, primaria y secundaria.<\/p>\n\n\n\n<figure class=\"wp-block-image aligncenter size-full\"><a href=\"https:\/\/tonala.gob.mx\/portal\/wp-content\/uploads\/2023\/09\/1.jpg\"><img decoding=\"async\" width=\"668\" height=\"445\" src=\"https:\/\/tonala.gob.mx\/portal\/wp-content\/uploads\/2023\/09\/1.jpg\" alt=\"\" class=\"wp-image-34912\" srcset=\"https:\/\/tonala.gob.mx\/portal\/wp-content\/uploads\/2023\/09\/1.jpg 668w, https:\/\/tonala.gob.mx\/portal\/wp-content\/uploads\/2023\/09\/1-300x200.jpg 300w\" sizes=\"(max-width: 668px) 100vw, 668px\" \/><\/a><\/figure>\n\n\n\n<p>As\u00ed mismo dijo que en las siguientes cuatro semanas deber\u00e1n quedar entregados los 70 mil paquetes escoleres en todos los planteles educativos del municipio.<\/p>\n\n\n\n<p>Las directoras de los diferentes turnos del jard\u00edn de ni\u00f1os mencionaron que es muy importante invertirle a la educaci\u00f3n, y agradecieron por el domo y el apoyo que se ha tenido en las escuelas, de igual forma del compromiso que ha tenido el presidente con la educaci\u00f3n en Tonal\u00e1.<\/p>\n\n\n\n<p>\u201cEsto es un compromiso para las ni\u00f1as y los ni\u00f1os de Tonal\u00e1 por eso no se dejar\u00e1n de construir domos, hasta el \u00faltimo d\u00eda de mi administraci\u00f3n, que gracias al esfuerzo de todos se siguen entregando: concluyo el presidente municipal Sergio Armando Ch\u00e1vez D\u00e1valos.<\/p>\n","protected":false},"excerpt":{"rendered":"<p>El presidente municipal de Tonal\u00e1, Jalisco, Sergio Armando Ch\u00e1vez D\u00e1valos puso en marcha el ciclo escolar 2023-2024 con la entrega<\/p>\n","protected":false},"author":2,"featured_media":34918,"comment_status":"closed","ping_status":"open","sticky":false,"template":"","format":"standard","meta":{"colormag_page_container_layout":"default_layout","colormag_page_sidebar_layout":"default_layout","footnotes":""},"categories":[2],"tags":[],"class_list":["post-34911","post","type-post","status-publish","format-standard","has-post-thumbnail","hentry","category-comunicacion-social"],"_links":{"self":[{"href":"https:\/\/tonala.gob.mx\/portal\/wp-json\/wp\/v2\/posts\/34911","targetHints":{"allow":["GET"]}}],"collection":[{"href":"https:\/\/tonala.gob.mx\/portal\/wp-json\/wp\/v2\/posts"}],"about":[{"href":"https:\/\/tonala.gob.mx\/portal\/wp-json\/wp\/v2\/types\/post"}],"author":[{"embeddable":true,"href":"https:\/\/tonala.gob.mx\/portal\/wp-json\/wp\/v2\/users\/2"}],"replies":[{"embeddable":true,"href":"https:\/\/tonala.gob.mx\/portal\/wp-json\/wp\/v2\/comments?post=34911"}],"version-history":[{"count":1,"href":"https:\/\/tonala.gob.mx\/portal\/wp-json\/wp\/v2\/posts\/34911\/revisions"}],"predecessor-version":[{"id":34916,"href":"https:\/\/tonala.gob.mx\/portal\/wp-json\/wp\/v2\/posts\/34911\/revisions\/34916"}],"wp:featuredmedia":[{"embeddable":true,"href":"https:\/\/tonala.gob.mx\/portal\/wp-json\/wp\/v2\/media\/34918"}],"wp:attachment":[{"href":"https:\/\/tonala.gob.mx\/portal\/wp-json\/wp\/v2\/media?parent=34911"}],"wp:term":[{"taxonomy":"category","embeddable":true,"href":"https:\/\/tonala.gob.mx\/portal\/wp-json\/wp\/v2\/categories?post=34911"},{"taxonomy":"post_tag","embeddable":true,"href":"https:\/\/tonala.gob.mx\/portal\/wp-json\/wp\/v2\/tags?post=34911"}],"curies":[{"name":"wp","href":"https:\/\/api.w.org\/{rel}","templated":true}]}}