{"id":34639,"date":"2023-01-17T14:47:37","date_gmt":"2023-01-17T20:47:37","guid":{"rendered":"https:\/\/tonala.gob.mx\/portal\/?p=34639"},"modified":"2023-01-17T14:55:59","modified_gmt":"2023-01-17T20:55:59","slug":"se-prepara-planta-de-transferencia-provisional-atendiendo-las-normas-ambientales","status":"publish","type":"post","link":"https:\/\/tonala.gob.mx\/portal\/2023\/01\/17\/se-prepara-planta-de-transferencia-provisional-atendiendo-las-normas-ambientales\/","title":{"rendered":"Se prepara planta de transferencia provisional atendiendo las normas ambientales"},"content":{"rendered":"\n<p><\/p>\n\n\n\n<p>El Gobierno Municipal de Tonal\u00e1 prepara la apertura de una planta de transferencia provisional de basura que cumplir\u00e1 con todos los requerimientos para operar dentro de la norma y evitar causar cualquier tipo de afectaci\u00f3n al medio ambiente, destacando que en el sitio no se quedar\u00e1 ning\u00fan tipo de residuo s\u00f3lido.<\/p>\n\n\n\n<p>Celia Gauna Ruiz de Le\u00f3n, Secretaria General del Ayuntamiento de Tonal\u00e1, explic\u00f3 que este es uno de los pasos necesarios para lograr que el municipio finalmente tenga un manejo adecuado de sus residuos s\u00f3lidos urbanos, pues cumplir\u00e1 con las normas y criterios de las autoridades ambientales.<\/p>\n\n\n\n<p>\u201cTendr\u00e1 condiciones de abandono sin ning\u00fan tipo de impacto ambiental. Esta estaci\u00f3n de transferencia se har\u00e1 de manera provisional, probablemente ser\u00e1 por seis u ocho meses, m\u00e1ximo, esperamos inclusive tratar de que sea menor el tiempo y buscar en todo momento que la basura salga de manera ordinaria d\u00eda a d\u00eda, esto es: la basura no se queda en Tonal\u00e1 y no se volver\u00e1 a quedar en Tonal\u00e1 como hist\u00f3ricamente lo sufri\u00f3 el municipio\u201d, explic\u00f3 Gauna Ruiz de Le\u00f3n<\/p>\n\n\n\n<p>El abandono de la actual estaci\u00f3n de La Piedrera, se da luego de que el Presidente Municipal, Sergio Ch\u00e1vez, se comprometi\u00f3 con los vecinos de la zona que dejar\u00edan el sitio en el primer mes de 2023, con el compromiso de que el sitio ser\u00e1 entregado sin afectaciones ambientales.<\/p>\n\n\n\n<p>\u201cTodos los procesos que hemos tenido desde La Piedrera, esta nueva ubicaci\u00f3n y la que venga, tendr\u00e1 que estar sujeta a la normatividad ambiental con las autoridades, con las autorizaciones adecuadas, para que esto funcione t\u00e9cnica, jur\u00eddica y medioambientalmente de manera adecuada\u201d, indic\u00f3 la funcionaria municipal.<\/p>\n\n\n\n<p>Se destac\u00f3 que de ninguna manera este proceso significa que se est\u00e9 trabajando en la construcci\u00f3n de un vertedero o sitio de disposici\u00f3n final de residuos s\u00f3lidos urbanos.<\/p>\n\n\n\n<figure class=\"wp-block-embed is-type-video is-provider-youtube wp-block-embed-youtube wp-embed-aspect-16-9 wp-has-aspect-ratio\"><div class=\"wp-block-embed__wrapper\">\n<iframe title=\"COMUNICADO SECRETARIA GENERAL 170123\" width=\"800\" height=\"450\" src=\"https:\/\/www.youtube.com\/embed\/b17XV6VIpE8?feature=oembed\" frameborder=\"0\" allow=\"accelerometer; autoplay; clipboard-write; encrypted-media; gyroscope; picture-in-picture; web-share\" allowfullscreen><\/iframe>\n<\/div><\/figure>\n","protected":false},"excerpt":{"rendered":"<p>El Gobierno Municipal de Tonal\u00e1 prepara la apertura de una planta de transferencia provisional de basura que cumplir\u00e1 con todos<\/p>\n","protected":false},"author":2,"featured_media":32767,"comment_status":"closed","ping_status":"open","sticky":false,"template":"","format":"standard","meta":{"colormag_page_container_layout":"default_layout","colormag_page_sidebar_layout":"default_layout","footnotes":""},"categories":[2],"tags":[],"class_list":["post-34639","post","type-post","status-publish","format-standard","has-post-thumbnail","hentry","category-comunicacion-social"],"_links":{"self":[{"href":"https:\/\/tonala.gob.mx\/portal\/wp-json\/wp\/v2\/posts\/34639","targetHints":{"allow":["GET"]}}],"collection":[{"href":"https:\/\/tonala.gob.mx\/portal\/wp-json\/wp\/v2\/posts"}],"about":[{"href":"https:\/\/tonala.gob.mx\/portal\/wp-json\/wp\/v2\/types\/post"}],"author":[{"embeddable":true,"href":"https:\/\/tonala.gob.mx\/portal\/wp-json\/wp\/v2\/users\/2"}],"replies":[{"embeddable":true,"href":"https:\/\/tonala.gob.mx\/portal\/wp-json\/wp\/v2\/comments?post=34639"}],"version-history":[{"count":2,"href":"https:\/\/tonala.gob.mx\/portal\/wp-json\/wp\/v2\/posts\/34639\/revisions"}],"predecessor-version":[{"id":34642,"href":"https:\/\/tonala.gob.mx\/portal\/wp-json\/wp\/v2\/posts\/34639\/revisions\/34642"}],"wp:featuredmedia":[{"embeddable":true,"href":"https:\/\/tonala.gob.mx\/portal\/wp-json\/wp\/v2\/media\/32767"}],"wp:attachment":[{"href":"https:\/\/tonala.gob.mx\/portal\/wp-json\/wp\/v2\/media?parent=34639"}],"wp:term":[{"taxonomy":"category","embeddable":true,"href":"https:\/\/tonala.gob.mx\/portal\/wp-json\/wp\/v2\/categories?post=34639"},{"taxonomy":"post_tag","embeddable":true,"href":"https:\/\/tonala.gob.mx\/portal\/wp-json\/wp\/v2\/tags?post=34639"}],"curies":[{"name":"wp","href":"https:\/\/api.w.org\/{rel}","templated":true}]}}