{"id":34525,"date":"2022-08-31T09:56:17","date_gmt":"2022-08-31T15:56:17","guid":{"rendered":"https:\/\/tonala.gob.mx\/portal\/?p=34525"},"modified":"2022-08-31T09:56:18","modified_gmt":"2022-08-31T15:56:18","slug":"se-inaugura-la-segunda-etapa-de-axis-centro-logistico-en-tonala-2-mil-millones-de-pesos-de-inversion","status":"publish","type":"post","link":"https:\/\/tonala.gob.mx\/portal\/2022\/08\/31\/se-inaugura-la-segunda-etapa-de-axis-centro-logistico-en-tonala-2-mil-millones-de-pesos-de-inversion\/","title":{"rendered":"Se Inaugura la segunda etapa de Axis Centro Log\u00edstico en Tonal\u00e1, 2 mil millones de pesos de inversi\u00f3n."},"content":{"rendered":"\n<figure class=\"wp-block-image size-large\"><a href=\"https:\/\/tonala.gob.mx\/portal\/wp-content\/uploads\/2022\/08\/3-2.jpeg\"><img fetchpriority=\"high\" decoding=\"async\" width=\"1024\" height=\"682\" src=\"https:\/\/tonala.gob.mx\/portal\/wp-content\/uploads\/2022\/08\/3-2-1024x682.jpeg\" alt=\"\" class=\"wp-image-34526\" srcset=\"https:\/\/tonala.gob.mx\/portal\/wp-content\/uploads\/2022\/08\/3-2-1024x682.jpeg 1024w, https:\/\/tonala.gob.mx\/portal\/wp-content\/uploads\/2022\/08\/3-2-300x200.jpeg 300w, https:\/\/tonala.gob.mx\/portal\/wp-content\/uploads\/2022\/08\/3-2-768x512.jpeg 768w, https:\/\/tonala.gob.mx\/portal\/wp-content\/uploads\/2022\/08\/3-2.jpeg 1280w\" sizes=\"(max-width: 1024px) 100vw, 1024px\" \/><\/a><\/figure>\n\n\n\n<p>Con el apoyo del Gobierno Municipal y de la Secretar\u00eda de Infraestructura y Obra P\u00fablica del Gobierno del Estado, comenz\u00f3 la segunda etapa de Axis Centro Log\u00edstico de Tonal\u00e1, una infraestructura ubicado en la zona conocida como El Gallo Colorado en Tonal\u00e1, en donde se generar\u00e1n m\u00e1s de 2 mil empleos con una inversi\u00f3n de m\u00e1s de 2 mil millones de pesos.<\/p>\n\n\n\n<p>Estos nuevos espacios laborales se crear\u00e1n con la llegada de empresas nacionales e internacionales que han visto en el municipio de Tonal\u00e1 una oportunidad de expansi\u00f3n en este espacio que tendr\u00e1 35 hect\u00e1reas de instalaciones, contando con bodegas y \u00e1reas comerciales.<\/p>\n\n\n\n<p>Axis Centro Log\u00edstico de Tonal\u00e1 tendr\u00e1 una inversi\u00f3n superior a los 2 mil millones de pesos y contar\u00e1 con v\u00edas de comunicaci\u00f3n y acceso a transportes p\u00fablicos, gracias a que se ha ido mejorando la infraestructura, privilegiando la accesibilidad para los transportes en la zona.<\/p>\n\n\n\n<figure class=\"wp-block-image size-large\"><a href=\"https:\/\/tonala.gob.mx\/portal\/wp-content\/uploads\/2022\/08\/1-2.jpeg\"><img decoding=\"async\" width=\"1024\" height=\"682\" src=\"https:\/\/tonala.gob.mx\/portal\/wp-content\/uploads\/2022\/08\/1-2-1024x682.jpeg\" alt=\"\" class=\"wp-image-34527\" srcset=\"https:\/\/tonala.gob.mx\/portal\/wp-content\/uploads\/2022\/08\/1-2-1024x682.jpeg 1024w, https:\/\/tonala.gob.mx\/portal\/wp-content\/uploads\/2022\/08\/1-2-300x200.jpeg 300w, https:\/\/tonala.gob.mx\/portal\/wp-content\/uploads\/2022\/08\/1-2-768x512.jpeg 768w, https:\/\/tonala.gob.mx\/portal\/wp-content\/uploads\/2022\/08\/1-2.jpeg 1280w\" sizes=\"(max-width: 1024px) 100vw, 1024px\" \/><\/a><\/figure>\n\n\n\n<p>El presidente municipal de Tonal\u00e1, Sergio Ch\u00e1vez, destac\u00f3 el compromiso de las empresas e inversionistas para lograr que se consolidara este proyecto, una evidencia de c\u00f3mo la coordinaci\u00f3n entre gobierno e iniciativa privada, permite que las cosas buenas tambi\u00e9n sucedan en Tonal\u00e1, pues con el apoyo de la administraci\u00f3n p\u00fablica se favorece la instalaci\u00f3n de este proyecto generar m\u00e1s empleos que beneficiar\u00e1n los tonaltecas, cuidando siempre el entorno urban\u00edstico.<\/p>\n\n\n\n<p>Adem\u00e1s, que todav\u00eda hay m\u00e1s 3 mil hect\u00e1reas que son susceptibles de ser desarrolladas en el municipio, debido a que contamos con mejor ubicaci\u00f3n siendo ejemplo para otros municipios ya que no se hab\u00eda tenido una inversi\u00f3n de este tipo en Tonal\u00e1 por lo que las empresas pueden tener el respaldo y confianza de venir a instalarse.<\/p>\n\n\n\n<p>De igual forma se otorg\u00f3 un terreno de 12 mil metros cuadrados a la Comisi\u00f3n Federal de Electricidad donde se elaborar\u00e1 una planta de energ\u00eda en 18 meses para las empresas que est\u00e9n llegando al municipio.<\/p>\n","protected":false},"excerpt":{"rendered":"<p>Con el apoyo del Gobierno Municipal y de la Secretar\u00eda de Infraestructura y Obra P\u00fablica del Gobierno del Estado, comenz\u00f3<\/p>\n","protected":false},"author":2,"featured_media":34528,"comment_status":"closed","ping_status":"open","sticky":false,"template":"","format":"standard","meta":{"colormag_page_container_layout":"default_layout","colormag_page_sidebar_layout":"default_layout","footnotes":""},"categories":[2],"tags":[],"class_list":["post-34525","post","type-post","status-publish","format-standard","has-post-thumbnail","hentry","category-comunicacion-social"],"_links":{"self":[{"href":"https:\/\/tonala.gob.mx\/portal\/wp-json\/wp\/v2\/posts\/34525","targetHints":{"allow":["GET"]}}],"collection":[{"href":"https:\/\/tonala.gob.mx\/portal\/wp-json\/wp\/v2\/posts"}],"about":[{"href":"https:\/\/tonala.gob.mx\/portal\/wp-json\/wp\/v2\/types\/post"}],"author":[{"embeddable":true,"href":"https:\/\/tonala.gob.mx\/portal\/wp-json\/wp\/v2\/users\/2"}],"replies":[{"embeddable":true,"href":"https:\/\/tonala.gob.mx\/portal\/wp-json\/wp\/v2\/comments?post=34525"}],"version-history":[{"count":1,"href":"https:\/\/tonala.gob.mx\/portal\/wp-json\/wp\/v2\/posts\/34525\/revisions"}],"predecessor-version":[{"id":34529,"href":"https:\/\/tonala.gob.mx\/portal\/wp-json\/wp\/v2\/posts\/34525\/revisions\/34529"}],"wp:featuredmedia":[{"embeddable":true,"href":"https:\/\/tonala.gob.mx\/portal\/wp-json\/wp\/v2\/media\/34528"}],"wp:attachment":[{"href":"https:\/\/tonala.gob.mx\/portal\/wp-json\/wp\/v2\/media?parent=34525"}],"wp:term":[{"taxonomy":"category","embeddable":true,"href":"https:\/\/tonala.gob.mx\/portal\/wp-json\/wp\/v2\/categories?post=34525"},{"taxonomy":"post_tag","embeddable":true,"href":"https:\/\/tonala.gob.mx\/portal\/wp-json\/wp\/v2\/tags?post=34525"}],"curies":[{"name":"wp","href":"https:\/\/api.w.org\/{rel}","templated":true}]}}