{"id":34515,"date":"2022-08-29T13:29:47","date_gmt":"2022-08-29T19:29:47","guid":{"rendered":"https:\/\/tonala.gob.mx\/portal\/?p=34515"},"modified":"2022-08-29T13:29:48","modified_gmt":"2022-08-29T19:29:48","slug":"tonala-inicia-el-ciclo-escolar-2022-2023","status":"publish","type":"post","link":"https:\/\/tonala.gob.mx\/portal\/2022\/08\/29\/tonala-inicia-el-ciclo-escolar-2022-2023\/","title":{"rendered":"Tonal\u00e1 inicia el ciclo escolar 2022-2023"},"content":{"rendered":"\n<figure class=\"wp-block-image size-large\"><a href=\"https:\/\/tonala.gob.mx\/portal\/wp-content\/uploads\/2022\/08\/1-1.jpeg\"><img fetchpriority=\"high\" decoding=\"async\" width=\"1024\" height=\"654\" src=\"https:\/\/tonala.gob.mx\/portal\/wp-content\/uploads\/2022\/08\/1-1-1024x654.jpeg\" alt=\"\" class=\"wp-image-34516\" srcset=\"https:\/\/tonala.gob.mx\/portal\/wp-content\/uploads\/2022\/08\/1-1-1024x654.jpeg 1024w, https:\/\/tonala.gob.mx\/portal\/wp-content\/uploads\/2022\/08\/1-1-300x192.jpeg 300w, https:\/\/tonala.gob.mx\/portal\/wp-content\/uploads\/2022\/08\/1-1-768x491.jpeg 768w, https:\/\/tonala.gob.mx\/portal\/wp-content\/uploads\/2022\/08\/1-1.jpeg 1280w\" sizes=\"(max-width: 1024px) 100vw, 1024px\" \/><\/a><\/figure>\n\n\n\n<p>Sergio Armando Ch\u00e1vez D\u00e1valos, presidente municipal de Tonal\u00e1, puso en marcha esta ma\u00f1ana el inicio del ciclo escolar 2022 -2023, en la secundaria t\u00e9cnica n\u00famero 85, en donde tambi\u00e9n arranc\u00f3 con la entrega de la mochila con \u00fatiles; rubro \u00e9ste, en el que se invirtieron 27 millones 941 mil 669 pesos del erario municipal, e inaugur\u00f3 un domo construido en el patio central\u00a0 por la actual administraci\u00f3n.<\/p>\n\n\n\n<p>En este plantel se entregar\u00e1n alrededor de 1800 paquetes escolares para los turnos matutino y vespertino, los cuales cuentan con \u00fatiles, mochila, y zapatos. Cabe resaltar que la escuela es una de las m\u00e1s destacas del municipio con 36 a\u00f1os de fundaci\u00f3n.<\/p>\n\n\n\n<figure class=\"wp-block-image size-large\"><a href=\"https:\/\/tonala.gob.mx\/portal\/wp-content\/uploads\/2022\/08\/4-1.jpeg\"><img decoding=\"async\" width=\"1024\" height=\"682\" src=\"https:\/\/tonala.gob.mx\/portal\/wp-content\/uploads\/2022\/08\/4-1-1024x682.jpeg\" alt=\"\" class=\"wp-image-34518\" srcset=\"https:\/\/tonala.gob.mx\/portal\/wp-content\/uploads\/2022\/08\/4-1-1024x682.jpeg 1024w, https:\/\/tonala.gob.mx\/portal\/wp-content\/uploads\/2022\/08\/4-1-300x200.jpeg 300w, https:\/\/tonala.gob.mx\/portal\/wp-content\/uploads\/2022\/08\/4-1-768x512.jpeg 768w, https:\/\/tonala.gob.mx\/portal\/wp-content\/uploads\/2022\/08\/4-1.jpeg 1280w\" sizes=\"(max-width: 1024px) 100vw, 1024px\" \/><\/a><\/figure>\n\n\n\n<p>En esta visita se realiz\u00f3 la entrega del domo que se edific\u00f3 con el apoyo de obras p\u00fablicas, teniendo una mejor vista e infraestructura de las instalaciones para beneficio de las y los alumnos. &nbsp;Al respecto, Ch\u00e1vez Davalos dijo que en las pr\u00f3ximas semanas se seguir\u00e1 entregando m\u00e1s domos en diferentes escuelas p\u00fablicas del municipio.<\/p>\n\n\n\n<p>Destaco el presidente municipal que es importante invertirle a la educaci\u00f3n y seguir apoyando a los padres de familia, por lo que se seguir\u00e1n entregando alrededor de 68, 400 paquetes escolares en las dem\u00e1s escuelas del municipio de tonalteca.<\/p>\n\n\n\n<figure class=\"wp-block-image size-large\"><a href=\"https:\/\/tonala.gob.mx\/portal\/wp-content\/uploads\/2022\/08\/3-1.jpeg\"><img decoding=\"async\" width=\"1024\" height=\"718\" src=\"https:\/\/tonala.gob.mx\/portal\/wp-content\/uploads\/2022\/08\/3-1-1024x718.jpeg\" alt=\"\" class=\"wp-image-34517\" srcset=\"https:\/\/tonala.gob.mx\/portal\/wp-content\/uploads\/2022\/08\/3-1-1024x718.jpeg 1024w, https:\/\/tonala.gob.mx\/portal\/wp-content\/uploads\/2022\/08\/3-1-300x210.jpeg 300w, https:\/\/tonala.gob.mx\/portal\/wp-content\/uploads\/2022\/08\/3-1-768x539.jpeg 768w, https:\/\/tonala.gob.mx\/portal\/wp-content\/uploads\/2022\/08\/3-1-130x90.jpeg 130w, https:\/\/tonala.gob.mx\/portal\/wp-content\/uploads\/2022\/08\/3-1.jpeg 1280w\" sizes=\"(max-width: 1024px) 100vw, 1024px\" \/><\/a><\/figure>\n\n\n\n<p>\u201cEs importante que los ni\u00f1os y ni\u00f1as de Tonal\u00e1 se sigan preparando para tener un mejor porvenir y una mejor transformaci\u00f3n mediante la educaci\u00f3n\u201d, subray\u00f3 el alcalde y record\u00f3 que hace unos d\u00edas arranc\u00f3 la construcci\u00f3n de la tercera preparatoria de Tonal\u00e1, la cual se edifica en la colonia Santa Paula<\/p>\n\n\n\n<p>&nbsp;\u201cCon esto se tendr\u00e1n m\u00e1s espacios para que m\u00e1s j\u00f3venes sigan estudiando y sigan comprometidos con su futuro\u201d, concluy\u00f3.<\/p>\n","protected":false},"excerpt":{"rendered":"<p>Sergio Armando Ch\u00e1vez D\u00e1valos, presidente municipal de Tonal\u00e1, puso en marcha esta ma\u00f1ana el inicio del ciclo escolar 2022 -2023,<\/p>\n","protected":false},"author":2,"featured_media":34519,"comment_status":"closed","ping_status":"open","sticky":false,"template":"","format":"standard","meta":{"colormag_page_container_layout":"default_layout","colormag_page_sidebar_layout":"default_layout","footnotes":""},"categories":[2],"tags":[],"class_list":["post-34515","post","type-post","status-publish","format-standard","has-post-thumbnail","hentry","category-comunicacion-social"],"_links":{"self":[{"href":"https:\/\/tonala.gob.mx\/portal\/wp-json\/wp\/v2\/posts\/34515","targetHints":{"allow":["GET"]}}],"collection":[{"href":"https:\/\/tonala.gob.mx\/portal\/wp-json\/wp\/v2\/posts"}],"about":[{"href":"https:\/\/tonala.gob.mx\/portal\/wp-json\/wp\/v2\/types\/post"}],"author":[{"embeddable":true,"href":"https:\/\/tonala.gob.mx\/portal\/wp-json\/wp\/v2\/users\/2"}],"replies":[{"embeddable":true,"href":"https:\/\/tonala.gob.mx\/portal\/wp-json\/wp\/v2\/comments?post=34515"}],"version-history":[{"count":1,"href":"https:\/\/tonala.gob.mx\/portal\/wp-json\/wp\/v2\/posts\/34515\/revisions"}],"predecessor-version":[{"id":34520,"href":"https:\/\/tonala.gob.mx\/portal\/wp-json\/wp\/v2\/posts\/34515\/revisions\/34520"}],"wp:featuredmedia":[{"embeddable":true,"href":"https:\/\/tonala.gob.mx\/portal\/wp-json\/wp\/v2\/media\/34519"}],"wp:attachment":[{"href":"https:\/\/tonala.gob.mx\/portal\/wp-json\/wp\/v2\/media?parent=34515"}],"wp:term":[{"taxonomy":"category","embeddable":true,"href":"https:\/\/tonala.gob.mx\/portal\/wp-json\/wp\/v2\/categories?post=34515"},{"taxonomy":"post_tag","embeddable":true,"href":"https:\/\/tonala.gob.mx\/portal\/wp-json\/wp\/v2\/tags?post=34515"}],"curies":[{"name":"wp","href":"https:\/\/api.w.org\/{rel}","templated":true}]}}