{"id":34435,"date":"2022-07-28T22:06:00","date_gmt":"2022-07-29T04:06:00","guid":{"rendered":"https:\/\/tonala.gob.mx\/portal\/?p=34435"},"modified":"2022-07-29T10:18:22","modified_gmt":"2022-07-29T16:18:22","slug":"maratonica-sesion-de-ayuntamiento-genera-mas-de-100-acuerdos","status":"publish","type":"post","link":"https:\/\/tonala.gob.mx\/portal\/2022\/07\/28\/maratonica-sesion-de-ayuntamiento-genera-mas-de-100-acuerdos\/","title":{"rendered":"Marat\u00f3nica sesi\u00f3n de ayuntamiento genera mas de 100 acuerdos."},"content":{"rendered":"\n<figure class=\"wp-block-image size-large\"><a href=\"https:\/\/tonala.gob.mx\/portal\/wp-content\/uploads\/2022\/07\/WhatsApp-Image-2022-07-29-at-10.40.38-AM.jpeg\"><img fetchpriority=\"high\" decoding=\"async\" width=\"1024\" height=\"682\" src=\"https:\/\/tonala.gob.mx\/portal\/wp-content\/uploads\/2022\/07\/WhatsApp-Image-2022-07-29-at-10.40.38-AM-1024x682.jpeg\" alt=\"\" class=\"wp-image-34438\" srcset=\"https:\/\/tonala.gob.mx\/portal\/wp-content\/uploads\/2022\/07\/WhatsApp-Image-2022-07-29-at-10.40.38-AM-1024x682.jpeg 1024w, https:\/\/tonala.gob.mx\/portal\/wp-content\/uploads\/2022\/07\/WhatsApp-Image-2022-07-29-at-10.40.38-AM-300x200.jpeg 300w, https:\/\/tonala.gob.mx\/portal\/wp-content\/uploads\/2022\/07\/WhatsApp-Image-2022-07-29-at-10.40.38-AM-768x512.jpeg 768w, https:\/\/tonala.gob.mx\/portal\/wp-content\/uploads\/2022\/07\/WhatsApp-Image-2022-07-29-at-10.40.38-AM.jpeg 1280w\" sizes=\"(max-width: 1024px) 100vw, 1024px\" \/><\/a><\/figure>\n\n\n\n<p>El Ayuntamiento de Tonal\u00e1 turn\u00f3 a la comisi\u00f3n de Hacienda Municipal y Presupuestos iniciativa para que se aboque al estudio, an\u00e1lisis y elabore proyecto de Ley de Ingresos para el Ejercicio Fiscal 2023, con base en las directrices del Plan Municipal de Desarrollo y, sobre todo, considerando los indicadores financieros que se visualizan para el a\u00f1o 2023.<\/p>\n\n\n\n<p>Cabe recordar que, de conformidad con la Ley, los gobiernos municipales tienen como fecha limite el 31 de agosto para presentar en el congreso del estado su anteproyecto de Ley de Ingresos para el ejercicio fiscal del a\u00f1o siguiente a su presentaci\u00f3n.<\/p>\n\n\n\n<p>Por otro lado, se aprob\u00f3 autorizar al presidente municipal, Sergio Ch\u00e1vez Davalos, para que solicite al Congreso del Estado de Jalisco la cancelaci\u00f3n, revocaci\u00f3n, derogaci\u00f3n o abrogaci\u00f3n del acuerdo Legislativo AL-906-LXI-16, de fecha 13 de diciembre de 2016, por medio del cual se aprobaba la afectaci\u00f3n en garant\u00eda y fuente de pago del 10% de las participaciones federales del municipio, para pagar a la empresa Mexiled que ten\u00eda concesi\u00f3n de alumbrado en el municipio.<\/p>\n\n\n\n<p>As\u00ed mismo, el pleno aprob\u00f3 autorizar a la direcci\u00f3n jur\u00eddica del Ayuntamiento para que inicie tr\u00e1mites de reincorporaci\u00f3n al patrimonio municipal de un predio ubicado en \u201cLagunitas Tonllan\u201d, con una superficie de m\u00e1s de cinco mil metros, que se entreg\u00f3 en donaci\u00f3n al Instituto Jalisciense de Ciencias Forenses para que construyera en ese lugar un Centro Experimental Forense, que sirviese de entrenamiento para la licenciatura de ciencias fornses.<\/p>\n\n\n\n<figure class=\"wp-block-image size-large\"><a href=\"https:\/\/tonala.gob.mx\/portal\/wp-content\/uploads\/2022\/07\/WhatsApp-Image-2022-07-29-at-10.40.38-AM-1.jpeg\"><img decoding=\"async\" width=\"1024\" height=\"574\" src=\"https:\/\/tonala.gob.mx\/portal\/wp-content\/uploads\/2022\/07\/WhatsApp-Image-2022-07-29-at-10.40.38-AM-1-1024x574.jpeg\" alt=\"\" class=\"wp-image-34437\" srcset=\"https:\/\/tonala.gob.mx\/portal\/wp-content\/uploads\/2022\/07\/WhatsApp-Image-2022-07-29-at-10.40.38-AM-1-1024x574.jpeg 1024w, https:\/\/tonala.gob.mx\/portal\/wp-content\/uploads\/2022\/07\/WhatsApp-Image-2022-07-29-at-10.40.38-AM-1-300x168.jpeg 300w, https:\/\/tonala.gob.mx\/portal\/wp-content\/uploads\/2022\/07\/WhatsApp-Image-2022-07-29-at-10.40.38-AM-1-768x431.jpeg 768w, https:\/\/tonala.gob.mx\/portal\/wp-content\/uploads\/2022\/07\/WhatsApp-Image-2022-07-29-at-10.40.38-AM-1.jpeg 1280w\" sizes=\"(max-width: 1024px) 100vw, 1024px\" \/><\/a><\/figure>\n\n\n\n<p>Es el caso que se excedi\u00f3 en demas\u00eda el t\u00e9rmino fijado para que se estableciera dicho centro, por lo que hoy la autoridad municipal esta en su derecho de revertir la donaci\u00f3n por incumplimiento del fin por el cual fue entregado el terreno.<\/p>\n\n\n\n<p>Tambi\u00e9n se aprob\u00f3 la suscripci\u00f3n de un convenio de colaboraci\u00f3n con la Secretar\u00eda de Relaciones Exteriores por conducto de la Agencia Mexicana de Cooperaci\u00f3n Internacional para el Desarrollo, a fin de establecer los mecanismos y acciones de colaboraci\u00f3n para la entrega de equipos de generaci\u00f3n y uso energ\u00e9tico alterno, en beneficio de las comunidades del municipio.<\/p>\n\n\n\n<p>En el punto de iniciativas con turno a comisiones para an\u00e1lisis dictaminaci\u00f3n, el presidente municipal Sergio Ch\u00e1vez Davalos, entre otras, present\u00f3 la que tiene como objetivo llevar a cabo reformas y modificaciones, a fin de armonizar diversos Ordenamientos municipales vigentes con la Ley de Personas Desaparecidas del Estado de Jalisco y, por otro lado, la que tiene como prop\u00f3sito realizar la armonizaci\u00f3n del Reglamento de Gobierno y la Administraci\u00f3n P\u00fablica, as\u00ed como el diverso de Polic\u00eda y Buen Gobierno, y el Reglamento Interno de la Coordinaci\u00f3n del Gabinete de Seguridad,\u00a0 Prevenci\u00f3n y Servicios de Emergencia y Movilidad del Municipio de Tonal\u00e1, Jalisco; a fin de tener un marco normativo que concuerde con la operatividad integral.<\/p>\n\n\n\n<p>La Regidora Guadalupe Villase\u00f1or Fonseca present\u00f3 varias iniciativas entre las que, por su naturaleza, destacan las relativas a instruir a la Jefatura de Gabinete; a la Direcci\u00f3n General de Servicios P\u00fablicos Municipales; y a la Direcci\u00f3n de&nbsp; Inspecci\u00f3n y Vigilancia, a efecto de que generen un v\u00ednculo con las empresas que prestan servicios de telecomunicaciones en el Municipio, a&nbsp; fin de ordenar la infraestructura relativa a las redes de cableado, generando una estrategia para el retiro de aquel que ha quedado en desuso<\/p>\n\n\n\n<figure class=\"wp-block-image size-large\"><a href=\"https:\/\/tonala.gob.mx\/portal\/wp-content\/uploads\/2022\/07\/WhatsApp-Image-2022-07-29-at-10.40.37-AM.jpeg\"><img decoding=\"async\" width=\"1024\" height=\"682\" src=\"https:\/\/tonala.gob.mx\/portal\/wp-content\/uploads\/2022\/07\/WhatsApp-Image-2022-07-29-at-10.40.37-AM-1024x682.jpeg\" alt=\"\" class=\"wp-image-34436\" srcset=\"https:\/\/tonala.gob.mx\/portal\/wp-content\/uploads\/2022\/07\/WhatsApp-Image-2022-07-29-at-10.40.37-AM-1024x682.jpeg 1024w, https:\/\/tonala.gob.mx\/portal\/wp-content\/uploads\/2022\/07\/WhatsApp-Image-2022-07-29-at-10.40.37-AM-300x200.jpeg 300w, https:\/\/tonala.gob.mx\/portal\/wp-content\/uploads\/2022\/07\/WhatsApp-Image-2022-07-29-at-10.40.37-AM-768x512.jpeg 768w, https:\/\/tonala.gob.mx\/portal\/wp-content\/uploads\/2022\/07\/WhatsApp-Image-2022-07-29-at-10.40.37-AM.jpeg 1280w\" sizes=\"(max-width: 1024px) 100vw, 1024px\" \/><\/a><\/figure>\n\n\n\n<p>Y la relativa a la abrogaci\u00f3n del Reglamento del Sistema Municipal de Protecci\u00f3n Integral de Ni\u00f1as, Ni\u00f1os y Adolescentes del Municipio de Tonal\u00e1, Jalisco, y aprobar la creaci\u00f3n del Reglamento Municipal del Sistema de Protecci\u00f3n Integral de Ni\u00f1as, Ni\u00f1os y Adolescentes de Tonal\u00e1, Jalisco.<\/p>\n\n\n\n<p>Los ediles tonaltecas le dieron tr\u00e1mite, en marat\u00f3nica sesi\u00f3n, a m\u00e1s de 100 asuntos, entre \u00e9stos, la toma de protesta e instalaci\u00f3n del Patronato del Centro Hist\u00f3rico y Barrios Tradicionales del Municipio de Tonal\u00e1, Jalisco \u201cTonal\u00e1 M\u00e1gico\u201d.<\/p>\n\n\n\n<p>Tambi\u00e9n se abord\u00f3 el tema de los centros de rehabilitaci\u00f3n o anexos, para lo cual se llevar\u00e1 a cabo una reuni\u00f3n el pr\u00f3ximo martes, en la que se tomar\u00e1n acuerdos para el debido funcionamiento de \u00e9stos y el combate de aquellos que operan ilegalmente.<\/p>\n","protected":false},"excerpt":{"rendered":"<p>El Ayuntamiento de Tonal\u00e1 turn\u00f3 a la comisi\u00f3n de Hacienda Municipal y Presupuestos iniciativa para que se aboque al estudio,<\/p>\n","protected":false},"author":2,"featured_media":34439,"comment_status":"closed","ping_status":"open","sticky":false,"template":"","format":"standard","meta":{"colormag_page_container_layout":"default_layout","colormag_page_sidebar_layout":"default_layout","footnotes":""},"categories":[2],"tags":[],"class_list":["post-34435","post","type-post","status-publish","format-standard","has-post-thumbnail","hentry","category-comunicacion-social"],"_links":{"self":[{"href":"https:\/\/tonala.gob.mx\/portal\/wp-json\/wp\/v2\/posts\/34435","targetHints":{"allow":["GET"]}}],"collection":[{"href":"https:\/\/tonala.gob.mx\/portal\/wp-json\/wp\/v2\/posts"}],"about":[{"href":"https:\/\/tonala.gob.mx\/portal\/wp-json\/wp\/v2\/types\/post"}],"author":[{"embeddable":true,"href":"https:\/\/tonala.gob.mx\/portal\/wp-json\/wp\/v2\/users\/2"}],"replies":[{"embeddable":true,"href":"https:\/\/tonala.gob.mx\/portal\/wp-json\/wp\/v2\/comments?post=34435"}],"version-history":[{"count":1,"href":"https:\/\/tonala.gob.mx\/portal\/wp-json\/wp\/v2\/posts\/34435\/revisions"}],"predecessor-version":[{"id":34440,"href":"https:\/\/tonala.gob.mx\/portal\/wp-json\/wp\/v2\/posts\/34435\/revisions\/34440"}],"wp:featuredmedia":[{"embeddable":true,"href":"https:\/\/tonala.gob.mx\/portal\/wp-json\/wp\/v2\/media\/34439"}],"wp:attachment":[{"href":"https:\/\/tonala.gob.mx\/portal\/wp-json\/wp\/v2\/media?parent=34435"}],"wp:term":[{"taxonomy":"category","embeddable":true,"href":"https:\/\/tonala.gob.mx\/portal\/wp-json\/wp\/v2\/categories?post=34435"},{"taxonomy":"post_tag","embeddable":true,"href":"https:\/\/tonala.gob.mx\/portal\/wp-json\/wp\/v2\/tags?post=34435"}],"curies":[{"name":"wp","href":"https:\/\/api.w.org\/{rel}","templated":true}]}}