{"id":34426,"date":"2022-07-27T14:03:20","date_gmt":"2022-07-27T20:03:20","guid":{"rendered":"https:\/\/tonala.gob.mx\/portal\/?p=34426"},"modified":"2022-07-27T14:03:21","modified_gmt":"2022-07-27T20:03:21","slug":"13-patrullas-y-550-nuevos-uniformes-para-elementos-de-la-comisaria-de-seguridad-publica","status":"publish","type":"post","link":"https:\/\/tonala.gob.mx\/portal\/2022\/07\/27\/13-patrullas-y-550-nuevos-uniformes-para-elementos-de-la-comisaria-de-seguridad-publica\/","title":{"rendered":"13 patrullas y 550 nuevos uniformes para elementos de la Comisar\u00eda de Seguridad P\u00fablica"},"content":{"rendered":"\n<figure class=\"wp-block-image size-large\"><a href=\"https:\/\/tonala.gob.mx\/portal\/wp-content\/uploads\/2022\/07\/WhatsApp-Image-2022-07-27-at-2.54.54-PM.jpeg\"><img fetchpriority=\"high\" decoding=\"async\" width=\"1024\" height=\"682\" src=\"https:\/\/tonala.gob.mx\/portal\/wp-content\/uploads\/2022\/07\/WhatsApp-Image-2022-07-27-at-2.54.54-PM-1024x682.jpeg\" alt=\"\" class=\"wp-image-34427\" srcset=\"https:\/\/tonala.gob.mx\/portal\/wp-content\/uploads\/2022\/07\/WhatsApp-Image-2022-07-27-at-2.54.54-PM-1024x682.jpeg 1024w, https:\/\/tonala.gob.mx\/portal\/wp-content\/uploads\/2022\/07\/WhatsApp-Image-2022-07-27-at-2.54.54-PM-300x200.jpeg 300w, https:\/\/tonala.gob.mx\/portal\/wp-content\/uploads\/2022\/07\/WhatsApp-Image-2022-07-27-at-2.54.54-PM-768x512.jpeg 768w, https:\/\/tonala.gob.mx\/portal\/wp-content\/uploads\/2022\/07\/WhatsApp-Image-2022-07-27-at-2.54.54-PM-1536x1023.jpeg 1536w, https:\/\/tonala.gob.mx\/portal\/wp-content\/uploads\/2022\/07\/WhatsApp-Image-2022-07-27-at-2.54.54-PM.jpeg 1600w\" sizes=\"(max-width: 1024px) 100vw, 1024px\" \/><\/a><\/figure>\n\n\n\n<p>El Presidente Municipal de Tonal\u00e1, Sergio Ch\u00e1vez D\u00e1valos, entreg\u00f3 esta ma\u00f1ana 13 patrullas y 550 nuevos uniformes para elementos de su Comisar\u00eda de Seguridad P\u00fablica, con lo que se prev\u00e9 reforzar la vigilancia en pol\u00edgonos que requieren de atenci\u00f3n adicional.<\/p>\n\n\n\n<figure class=\"wp-block-image size-large\"><a href=\"https:\/\/tonala.gob.mx\/portal\/wp-content\/uploads\/2022\/07\/WhatsApp-Image-2022-07-27-at-2.54.53-PM.jpeg\"><img decoding=\"async\" width=\"1024\" height=\"682\" src=\"https:\/\/tonala.gob.mx\/portal\/wp-content\/uploads\/2022\/07\/WhatsApp-Image-2022-07-27-at-2.54.53-PM-1024x682.jpeg\" alt=\"\" class=\"wp-image-34428\" srcset=\"https:\/\/tonala.gob.mx\/portal\/wp-content\/uploads\/2022\/07\/WhatsApp-Image-2022-07-27-at-2.54.53-PM-1024x682.jpeg 1024w, https:\/\/tonala.gob.mx\/portal\/wp-content\/uploads\/2022\/07\/WhatsApp-Image-2022-07-27-at-2.54.53-PM-300x200.jpeg 300w, https:\/\/tonala.gob.mx\/portal\/wp-content\/uploads\/2022\/07\/WhatsApp-Image-2022-07-27-at-2.54.53-PM-768x512.jpeg 768w, https:\/\/tonala.gob.mx\/portal\/wp-content\/uploads\/2022\/07\/WhatsApp-Image-2022-07-27-at-2.54.53-PM-1536x1023.jpeg 1536w, https:\/\/tonala.gob.mx\/portal\/wp-content\/uploads\/2022\/07\/WhatsApp-Image-2022-07-27-at-2.54.53-PM.jpeg 1600w\" sizes=\"(max-width: 1024px) 100vw, 1024px\" \/><\/a><\/figure>\n\n\n\n<p>Los nuevos uniformes tienen un elemento distintivo en verde, lo que ayudar\u00e1 a que los polic\u00edas municipales se distingan de los elementos de la Guardia Nacional o de la Polic\u00eda Estatal, inform\u00f3 el presidente municipal. Para la adquisici\u00f3n de estos uniformes, se invirtieron 2 millones 756 mil 160 pesos.<\/p>\n\n\n\n<figure class=\"wp-block-image size-large\"><a href=\"https:\/\/tonala.gob.mx\/portal\/wp-content\/uploads\/2022\/07\/WhatsApp-Image-2022-07-27-at-2.54.54-PM-1.jpeg\"><img decoding=\"async\" width=\"1024\" height=\"680\" src=\"https:\/\/tonala.gob.mx\/portal\/wp-content\/uploads\/2022\/07\/WhatsApp-Image-2022-07-27-at-2.54.54-PM-1-1024x680.jpeg\" alt=\"\" class=\"wp-image-34429\" srcset=\"https:\/\/tonala.gob.mx\/portal\/wp-content\/uploads\/2022\/07\/WhatsApp-Image-2022-07-27-at-2.54.54-PM-1-1024x680.jpeg 1024w, https:\/\/tonala.gob.mx\/portal\/wp-content\/uploads\/2022\/07\/WhatsApp-Image-2022-07-27-at-2.54.54-PM-1-300x199.jpeg 300w, https:\/\/tonala.gob.mx\/portal\/wp-content\/uploads\/2022\/07\/WhatsApp-Image-2022-07-27-at-2.54.54-PM-1-768x510.jpeg 768w, https:\/\/tonala.gob.mx\/portal\/wp-content\/uploads\/2022\/07\/WhatsApp-Image-2022-07-27-at-2.54.54-PM-1-1536x1020.jpeg 1536w, https:\/\/tonala.gob.mx\/portal\/wp-content\/uploads\/2022\/07\/WhatsApp-Image-2022-07-27-at-2.54.54-PM-1.jpeg 1600w\" sizes=\"(max-width: 1024px) 100vw, 1024px\" \/><\/a><\/figure>\n\n\n\n<p>Aunque la percepci\u00f3n de la inseguridad ha mejorado en 8 puntos porcentuales entre la poblaci\u00f3n de Tonal\u00e1 y los \u00edndices de robo han bajado en un 42 por ciento en las \u00faltimas semanas, el trabajo de seguridad no puede dejar de atenderse, por ello estos patrullas y equipamiento, son esenciales para que haya mejoras en la calidad de vida de la poblaci\u00f3n, pero tambi\u00e9n para mejorar las condiciones de trabajo de los polic\u00edas.<\/p>\n\n\n\n<figure class=\"wp-block-image size-large\"><a href=\"https:\/\/tonala.gob.mx\/portal\/wp-content\/uploads\/2022\/07\/WhatsApp-Image-2022-07-27-at-2.54.55-PM.jpeg\"><img loading=\"lazy\" decoding=\"async\" width=\"1024\" height=\"682\" src=\"https:\/\/tonala.gob.mx\/portal\/wp-content\/uploads\/2022\/07\/WhatsApp-Image-2022-07-27-at-2.54.55-PM-1024x682.jpeg\" alt=\"\" class=\"wp-image-34430\" srcset=\"https:\/\/tonala.gob.mx\/portal\/wp-content\/uploads\/2022\/07\/WhatsApp-Image-2022-07-27-at-2.54.55-PM-1024x682.jpeg 1024w, https:\/\/tonala.gob.mx\/portal\/wp-content\/uploads\/2022\/07\/WhatsApp-Image-2022-07-27-at-2.54.55-PM-300x200.jpeg 300w, https:\/\/tonala.gob.mx\/portal\/wp-content\/uploads\/2022\/07\/WhatsApp-Image-2022-07-27-at-2.54.55-PM-768x512.jpeg 768w, https:\/\/tonala.gob.mx\/portal\/wp-content\/uploads\/2022\/07\/WhatsApp-Image-2022-07-27-at-2.54.55-PM-1536x1023.jpeg 1536w, https:\/\/tonala.gob.mx\/portal\/wp-content\/uploads\/2022\/07\/WhatsApp-Image-2022-07-27-at-2.54.55-PM.jpeg 1600w\" sizes=\"(max-width: 1024px) 100vw, 1024px\" \/><\/a><\/figure>\n\n\n\n<p>\u201cYo necesito sacar a mis elementos protegidos, porque no nada m\u00e1s es estarlos forzando a que salgan, sino que salgan protegidos y armados. Ah\u00ed van a ir esos 6 millones de pesos, a los chalecos. Ocupamos alrededor de 300 chalecos, para que cada elemento, mujer y hombre, tenga su chaleco, no se lo tenga que estar prestando\u201d, explic\u00f3.<\/p>\n\n\n\n<figure class=\"wp-block-image size-large\"><a href=\"https:\/\/tonala.gob.mx\/portal\/wp-content\/uploads\/2022\/07\/WhatsApp-Image-2022-07-27-at-2.54.57-PM.jpeg\"><img loading=\"lazy\" decoding=\"async\" width=\"1024\" height=\"682\" src=\"https:\/\/tonala.gob.mx\/portal\/wp-content\/uploads\/2022\/07\/WhatsApp-Image-2022-07-27-at-2.54.57-PM-1024x682.jpeg\" alt=\"\" class=\"wp-image-34431\" srcset=\"https:\/\/tonala.gob.mx\/portal\/wp-content\/uploads\/2022\/07\/WhatsApp-Image-2022-07-27-at-2.54.57-PM-1024x682.jpeg 1024w, https:\/\/tonala.gob.mx\/portal\/wp-content\/uploads\/2022\/07\/WhatsApp-Image-2022-07-27-at-2.54.57-PM-300x200.jpeg 300w, https:\/\/tonala.gob.mx\/portal\/wp-content\/uploads\/2022\/07\/WhatsApp-Image-2022-07-27-at-2.54.57-PM-768x512.jpeg 768w, https:\/\/tonala.gob.mx\/portal\/wp-content\/uploads\/2022\/07\/WhatsApp-Image-2022-07-27-at-2.54.57-PM-1536x1023.jpeg 1536w, https:\/\/tonala.gob.mx\/portal\/wp-content\/uploads\/2022\/07\/WhatsApp-Image-2022-07-27-at-2.54.57-PM.jpeg 1600w\" sizes=\"(max-width: 1024px) 100vw, 1024px\" \/><\/a><\/figure>\n\n\n\n<p><strong>Realizar\u00e1n operativo para detectar cl\u00ednicas o centros de rehabilitaci\u00f3n<\/strong><\/p>\n\n\n\n<p>Ninguna de las \u00e1reas de seguridad, inspecci\u00f3n o salud de Tonal\u00e1 recibieron alguna llamada o denuncia por el caso de la ni\u00f1a que result\u00f3 quemada en un centro de rehabilitaci\u00f3n, inform\u00f3 el alcalde Sergio Ch\u00e1vez.<\/p>\n\n\n\n<p>Indic\u00f3 que se realizar\u00e1n operativos para detectar centros como estos que operan en la clandestinidad e impedir su funcionamiento, aunque aclar\u00f3 que tambi\u00e9n se verificar\u00e1n las condiciones de los establecimientos que s\u00ed cuentan con permisos para su funcionamiento. Adem\u00e1s, en coordinaci\u00f3n con el resto de los municipios metropolitanos se buscar\u00e1 detectar estos sitios y poder intervenir en aquellos que no est\u00e1n alineados a las normas correspondientes.<\/p>\n\n\n\n<p>\u201cYa le gir\u00e9 al \u00e1rea de Inspecci\u00f3n y Vigilancia, que nos vayamos, sobre todo en la periferia del municipio, que es donde se instalan estas cl\u00ednicas que muchas de ellas ni siquiera tienen un letrero, es el caso de \u00e9sta que estamos interviniendo\u201d, explic\u00f3 el presidente municipal.<\/p>\n","protected":false},"excerpt":{"rendered":"<p>El Presidente Municipal de Tonal\u00e1, Sergio Ch\u00e1vez D\u00e1valos, entreg\u00f3 esta ma\u00f1ana 13 patrullas y 550 nuevos uniformes para elementos de<\/p>\n","protected":false},"author":2,"featured_media":34432,"comment_status":"closed","ping_status":"open","sticky":false,"template":"","format":"standard","meta":{"colormag_page_container_layout":"default_layout","colormag_page_sidebar_layout":"default_layout","footnotes":""},"categories":[2],"tags":[],"class_list":["post-34426","post","type-post","status-publish","format-standard","has-post-thumbnail","hentry","category-comunicacion-social"],"_links":{"self":[{"href":"https:\/\/tonala.gob.mx\/portal\/wp-json\/wp\/v2\/posts\/34426","targetHints":{"allow":["GET"]}}],"collection":[{"href":"https:\/\/tonala.gob.mx\/portal\/wp-json\/wp\/v2\/posts"}],"about":[{"href":"https:\/\/tonala.gob.mx\/portal\/wp-json\/wp\/v2\/types\/post"}],"author":[{"embeddable":true,"href":"https:\/\/tonala.gob.mx\/portal\/wp-json\/wp\/v2\/users\/2"}],"replies":[{"embeddable":true,"href":"https:\/\/tonala.gob.mx\/portal\/wp-json\/wp\/v2\/comments?post=34426"}],"version-history":[{"count":1,"href":"https:\/\/tonala.gob.mx\/portal\/wp-json\/wp\/v2\/posts\/34426\/revisions"}],"predecessor-version":[{"id":34433,"href":"https:\/\/tonala.gob.mx\/portal\/wp-json\/wp\/v2\/posts\/34426\/revisions\/34433"}],"wp:featuredmedia":[{"embeddable":true,"href":"https:\/\/tonala.gob.mx\/portal\/wp-json\/wp\/v2\/media\/34432"}],"wp:attachment":[{"href":"https:\/\/tonala.gob.mx\/portal\/wp-json\/wp\/v2\/media?parent=34426"}],"wp:term":[{"taxonomy":"category","embeddable":true,"href":"https:\/\/tonala.gob.mx\/portal\/wp-json\/wp\/v2\/categories?post=34426"},{"taxonomy":"post_tag","embeddable":true,"href":"https:\/\/tonala.gob.mx\/portal\/wp-json\/wp\/v2\/tags?post=34426"}],"curies":[{"name":"wp","href":"https:\/\/api.w.org\/{rel}","templated":true}]}}