{"id":34418,"date":"2022-07-25T14:11:13","date_gmt":"2022-07-25T20:11:13","guid":{"rendered":"https:\/\/tonala.gob.mx\/portal\/?p=34418"},"modified":"2022-07-25T14:11:15","modified_gmt":"2022-07-25T20:11:15","slug":"tonala-reanuda-la-tradicional-jugada-de-los-tastoanes","status":"publish","type":"post","link":"https:\/\/tonala.gob.mx\/portal\/2022\/07\/25\/tonala-reanuda-la-tradicional-jugada-de-los-tastoanes\/","title":{"rendered":"Tonal\u00e1 reanuda la tradicional jugada de los tastoanes"},"content":{"rendered":"\n<p>Despu\u00e9s de dos a\u00f1os de ausencia a causa de la pandemia, la sincr\u00e9tica fiesta de los tastoanes regres\u00f3 a la plaza principal de Tonal\u00e1, al cerro de la Reina, al Paseo de los Guardianes y a sus calles, para escenificar la \u00e9pica batalla que, seg\u00fan la cr\u00f3nica, sostuvieron los originarios en contra de los espa\u00f1oles, siendo derrotados los oriundos por la irrupci\u00f3n de Santo Santiago en la confrontaci\u00f3n.<\/p>\n\n\n\n<figure class=\"wp-block-image size-large\"><a href=\"https:\/\/tonala.gob.mx\/portal\/wp-content\/uploads\/2022\/07\/WhatsApp-Image-2022-07-25-at-11.23.35-AM.jpeg\"><img fetchpriority=\"high\" decoding=\"async\" width=\"1024\" height=\"682\" src=\"https:\/\/tonala.gob.mx\/portal\/wp-content\/uploads\/2022\/07\/WhatsApp-Image-2022-07-25-at-11.23.35-AM-1024x682.jpeg\" alt=\"\" class=\"wp-image-34422\" srcset=\"https:\/\/tonala.gob.mx\/portal\/wp-content\/uploads\/2022\/07\/WhatsApp-Image-2022-07-25-at-11.23.35-AM-1024x682.jpeg 1024w, https:\/\/tonala.gob.mx\/portal\/wp-content\/uploads\/2022\/07\/WhatsApp-Image-2022-07-25-at-11.23.35-AM-300x200.jpeg 300w, https:\/\/tonala.gob.mx\/portal\/wp-content\/uploads\/2022\/07\/WhatsApp-Image-2022-07-25-at-11.23.35-AM-768x512.jpeg 768w, https:\/\/tonala.gob.mx\/portal\/wp-content\/uploads\/2022\/07\/WhatsApp-Image-2022-07-25-at-11.23.35-AM.jpeg 1280w\" sizes=\"(max-width: 1024px) 100vw, 1024px\" \/><\/a><\/figure>\n\n\n\n<p>Bajo el marco de la festividad Tradici\u00f3n Fiesta y Fe, que conjunta las celebraciones patronales en honor a Santo Santiago y eventos culturales auspiciados por el gobierno municipal, las jugadas de los tastoanes son el corolario de la celebraci\u00f3n.<\/p>\n\n\n\n<p>Adultos, j\u00f3venes y ni\u00f1os ataviados con m\u00e1scaras hechas de baqueta y barro bru\u00f1ido en diferentes colores, con largas cabelleras de ixtle, cola de res o caballo; con incrustaciones animalescas y protuberancias, se enfrascan en una batalla con Santo Santiago, quien desde su caballo blanco azota a los originarios con largas y resistentes varas &nbsp;&nbsp;<\/p>\n\n\n\n<figure class=\"wp-block-image size-large\"><a href=\"https:\/\/tonala.gob.mx\/portal\/wp-content\/uploads\/2022\/07\/WhatsApp-Image-2022-07-25-at-11.23.33-AM.jpeg\"><img decoding=\"async\" width=\"1024\" height=\"682\" src=\"https:\/\/tonala.gob.mx\/portal\/wp-content\/uploads\/2022\/07\/WhatsApp-Image-2022-07-25-at-11.23.33-AM-1024x682.jpeg\" alt=\"\" class=\"wp-image-34419\" srcset=\"https:\/\/tonala.gob.mx\/portal\/wp-content\/uploads\/2022\/07\/WhatsApp-Image-2022-07-25-at-11.23.33-AM-1024x682.jpeg 1024w, https:\/\/tonala.gob.mx\/portal\/wp-content\/uploads\/2022\/07\/WhatsApp-Image-2022-07-25-at-11.23.33-AM-300x200.jpeg 300w, https:\/\/tonala.gob.mx\/portal\/wp-content\/uploads\/2022\/07\/WhatsApp-Image-2022-07-25-at-11.23.33-AM-768x512.jpeg 768w, https:\/\/tonala.gob.mx\/portal\/wp-content\/uploads\/2022\/07\/WhatsApp-Image-2022-07-25-at-11.23.33-AM.jpeg 1280w\" sizes=\"(max-width: 1024px) 100vw, 1024px\" \/><\/a><\/figure>\n\n\n\n<p>Esta tradici\u00f3n se remonta al a\u00f1o de 1531, cuando los pueblos originarios enfrentaron a Nu\u00f1o Beltr\u00e1n de Guzm\u00e1n y, se dice, apareci\u00f3 Santo Santiago para apoyarlo. Cuenta la leyenda tonalteca que venci\u00f3 a los Tastoanes golpe\u00e1ndolos con una vara de membrillo, escena que hoy forma parte de la ancestral cultura del municipio alfarero.<\/p>\n\n\n\n<figure class=\"wp-block-image size-large\"><a href=\"https:\/\/tonala.gob.mx\/portal\/wp-content\/uploads\/2022\/07\/WhatsApp-Image-2022-07-25-at-11.23.34-AM-1.jpeg\"><img decoding=\"async\" width=\"1024\" height=\"682\" src=\"https:\/\/tonala.gob.mx\/portal\/wp-content\/uploads\/2022\/07\/WhatsApp-Image-2022-07-25-at-11.23.34-AM-1-1024x682.jpeg\" alt=\"\" class=\"wp-image-34420\" srcset=\"https:\/\/tonala.gob.mx\/portal\/wp-content\/uploads\/2022\/07\/WhatsApp-Image-2022-07-25-at-11.23.34-AM-1-1024x682.jpeg 1024w, https:\/\/tonala.gob.mx\/portal\/wp-content\/uploads\/2022\/07\/WhatsApp-Image-2022-07-25-at-11.23.34-AM-1-300x200.jpeg 300w, https:\/\/tonala.gob.mx\/portal\/wp-content\/uploads\/2022\/07\/WhatsApp-Image-2022-07-25-at-11.23.34-AM-1-768x512.jpeg 768w, https:\/\/tonala.gob.mx\/portal\/wp-content\/uploads\/2022\/07\/WhatsApp-Image-2022-07-25-at-11.23.34-AM-1.jpeg 1280w\" sizes=\"(max-width: 1024px) 100vw, 1024px\" \/><\/a><\/figure>\n","protected":false},"excerpt":{"rendered":"<p>Despu\u00e9s de dos a\u00f1os de ausencia a causa de la pandemia, la sincr\u00e9tica fiesta de los tastoanes regres\u00f3 a la<\/p>\n","protected":false},"author":2,"featured_media":34423,"comment_status":"closed","ping_status":"open","sticky":false,"template":"","format":"standard","meta":{"colormag_page_container_layout":"default_layout","colormag_page_sidebar_layout":"default_layout","footnotes":""},"categories":[2],"tags":[],"class_list":["post-34418","post","type-post","status-publish","format-standard","has-post-thumbnail","hentry","category-comunicacion-social"],"_links":{"self":[{"href":"https:\/\/tonala.gob.mx\/portal\/wp-json\/wp\/v2\/posts\/34418","targetHints":{"allow":["GET"]}}],"collection":[{"href":"https:\/\/tonala.gob.mx\/portal\/wp-json\/wp\/v2\/posts"}],"about":[{"href":"https:\/\/tonala.gob.mx\/portal\/wp-json\/wp\/v2\/types\/post"}],"author":[{"embeddable":true,"href":"https:\/\/tonala.gob.mx\/portal\/wp-json\/wp\/v2\/users\/2"}],"replies":[{"embeddable":true,"href":"https:\/\/tonala.gob.mx\/portal\/wp-json\/wp\/v2\/comments?post=34418"}],"version-history":[{"count":1,"href":"https:\/\/tonala.gob.mx\/portal\/wp-json\/wp\/v2\/posts\/34418\/revisions"}],"predecessor-version":[{"id":34424,"href":"https:\/\/tonala.gob.mx\/portal\/wp-json\/wp\/v2\/posts\/34418\/revisions\/34424"}],"wp:featuredmedia":[{"embeddable":true,"href":"https:\/\/tonala.gob.mx\/portal\/wp-json\/wp\/v2\/media\/34423"}],"wp:attachment":[{"href":"https:\/\/tonala.gob.mx\/portal\/wp-json\/wp\/v2\/media?parent=34418"}],"wp:term":[{"taxonomy":"category","embeddable":true,"href":"https:\/\/tonala.gob.mx\/portal\/wp-json\/wp\/v2\/categories?post=34418"},{"taxonomy":"post_tag","embeddable":true,"href":"https:\/\/tonala.gob.mx\/portal\/wp-json\/wp\/v2\/tags?post=34418"}],"curies":[{"name":"wp","href":"https:\/\/api.w.org\/{rel}","templated":true}]}}