{"id":34295,"date":"2022-06-17T13:37:37","date_gmt":"2022-06-17T19:37:37","guid":{"rendered":"https:\/\/tonala.gob.mx\/portal\/?p=34295"},"modified":"2022-06-17T13:37:38","modified_gmt":"2022-06-17T19:37:38","slug":"logran-acuerdos-ayuntamiento-de-tonala-y-sindicatos","status":"publish","type":"post","link":"https:\/\/tonala.gob.mx\/portal\/2022\/06\/17\/logran-acuerdos-ayuntamiento-de-tonala-y-sindicatos\/","title":{"rendered":"Logran acuerdos Ayuntamiento de Tonal\u00e1 y sindicatos"},"content":{"rendered":"\n<div class=\"wp-block-group is-layout-flow wp-block-group-is-layout-flow\">\n<p>Concluyeron satisfactoriamente las negociaciones entre los sindicatos que representan a los trabajadores del Ayuntamiento de Tonal\u00e1 y los diferentes organismos p\u00fablicos descentralizados municipales.<\/p>\n\n\n\n<p><br>Luego de varias reuniones encabezadas por la titular de la Secretar\u00eda General del Ayuntamiento, Celia Gauna Ruiz de Le\u00f3n, y los dirigentes sindicales de Tonal\u00e1, en la que fungi\u00f3 como facilitador el Secretario General de Gobierno, Enrique Ibarra Pedroza, se lograron acuerdos para alcanzar la satisfacci\u00f3n de las partes en funci\u00f3n de la disponibilidad presupuestal.<\/p>\n\n\n\n<p><br>Se acord\u00f3 un incremento directo al salario de 400 pesos por trabajador, cantidad que ser\u00e1 retroactiva al 1 de enero y ser\u00e1 pagada a partir de la segunda quincena de junio pr\u00f3xima.<\/p>\n\n\n\n<p><br>As\u00ed mismo se acord\u00f3 instalar una mesa permanente entre autoridades municipales y sindicatos del Ayuntamiento para la revisi\u00f3n de las condiciones generales de trabajo de los servidores p\u00fablicos. Para el caso de los trabajadores sindicalizados del DIF, se refrendaron los acuerdos que ya se hab\u00edan realizado con anticipaci\u00f3n entre la titular del OPD y la dirigencia sindical.<\/p>\n\n\n\n<p><br>Dicho acuerdo fue firmado por Gauna Ruiz de Le\u00f3n y Rafael Cardona Razo, Secretario General del Sindicato mayoritario y rubricado por los dem\u00e1s l\u00edderes sindicales; con la r\u00fabrica del subsecretario de Asuntos del Interior, Salvador de la Cruz Rodr\u00edguez.<\/p>\n<\/div>\n","protected":false},"excerpt":{"rendered":"<p>Concluyeron satisfactoriamente las negociaciones entre los sindicatos que representan a los trabajadores del Ayuntamiento de Tonal\u00e1 y los diferentes organismos<\/p>\n","protected":false},"author":2,"featured_media":34296,"comment_status":"closed","ping_status":"open","sticky":false,"template":"","format":"standard","meta":{"colormag_page_container_layout":"default_layout","colormag_page_sidebar_layout":"default_layout","footnotes":""},"categories":[2],"tags":[],"class_list":["post-34295","post","type-post","status-publish","format-standard","has-post-thumbnail","hentry","category-comunicacion-social"],"_links":{"self":[{"href":"https:\/\/tonala.gob.mx\/portal\/wp-json\/wp\/v2\/posts\/34295","targetHints":{"allow":["GET"]}}],"collection":[{"href":"https:\/\/tonala.gob.mx\/portal\/wp-json\/wp\/v2\/posts"}],"about":[{"href":"https:\/\/tonala.gob.mx\/portal\/wp-json\/wp\/v2\/types\/post"}],"author":[{"embeddable":true,"href":"https:\/\/tonala.gob.mx\/portal\/wp-json\/wp\/v2\/users\/2"}],"replies":[{"embeddable":true,"href":"https:\/\/tonala.gob.mx\/portal\/wp-json\/wp\/v2\/comments?post=34295"}],"version-history":[{"count":1,"href":"https:\/\/tonala.gob.mx\/portal\/wp-json\/wp\/v2\/posts\/34295\/revisions"}],"predecessor-version":[{"id":34297,"href":"https:\/\/tonala.gob.mx\/portal\/wp-json\/wp\/v2\/posts\/34295\/revisions\/34297"}],"wp:featuredmedia":[{"embeddable":true,"href":"https:\/\/tonala.gob.mx\/portal\/wp-json\/wp\/v2\/media\/34296"}],"wp:attachment":[{"href":"https:\/\/tonala.gob.mx\/portal\/wp-json\/wp\/v2\/media?parent=34295"}],"wp:term":[{"taxonomy":"category","embeddable":true,"href":"https:\/\/tonala.gob.mx\/portal\/wp-json\/wp\/v2\/categories?post=34295"},{"taxonomy":"post_tag","embeddable":true,"href":"https:\/\/tonala.gob.mx\/portal\/wp-json\/wp\/v2\/tags?post=34295"}],"curies":[{"name":"wp","href":"https:\/\/api.w.org\/{rel}","templated":true}]}}