{"id":34254,"date":"2022-05-23T16:16:00","date_gmt":"2022-05-23T22:16:00","guid":{"rendered":"https:\/\/tonala.gob.mx\/portal\/?p=34254"},"modified":"2022-05-24T09:21:45","modified_gmt":"2022-05-24T15:21:45","slug":"inaugura-sergio-chavez-cruz-verde-en-tonala-y-anuncia-mas-acciones-en-materia-de-salud","status":"publish","type":"post","link":"https:\/\/tonala.gob.mx\/portal\/2022\/05\/23\/inaugura-sergio-chavez-cruz-verde-en-tonala-y-anuncia-mas-acciones-en-materia-de-salud\/","title":{"rendered":"Inaugura Sergio Ch\u00e1vez cruz verde en Tonal\u00e1 y anuncia m\u00e1s acciones en materia de salud"},"content":{"rendered":"\n<figure class=\"wp-block-image size-large\"><a href=\"https:\/\/tonala.gob.mx\/portal\/wp-content\/uploads\/2022\/05\/WhatsApp-Image-2022-05-23-at-3.05.39-PM-1.jpeg\"><img fetchpriority=\"high\" decoding=\"async\" width=\"1024\" height=\"682\" src=\"https:\/\/tonala.gob.mx\/portal\/wp-content\/uploads\/2022\/05\/WhatsApp-Image-2022-05-23-at-3.05.39-PM-1-1024x682.jpeg\" alt=\"\" class=\"wp-image-34262\" srcset=\"https:\/\/tonala.gob.mx\/portal\/wp-content\/uploads\/2022\/05\/WhatsApp-Image-2022-05-23-at-3.05.39-PM-1-1024x682.jpeg 1024w, https:\/\/tonala.gob.mx\/portal\/wp-content\/uploads\/2022\/05\/WhatsApp-Image-2022-05-23-at-3.05.39-PM-1-300x200.jpeg 300w, https:\/\/tonala.gob.mx\/portal\/wp-content\/uploads\/2022\/05\/WhatsApp-Image-2022-05-23-at-3.05.39-PM-1-768x512.jpeg 768w, https:\/\/tonala.gob.mx\/portal\/wp-content\/uploads\/2022\/05\/WhatsApp-Image-2022-05-23-at-3.05.39-PM-1-1536x1023.jpeg 1536w, https:\/\/tonala.gob.mx\/portal\/wp-content\/uploads\/2022\/05\/WhatsApp-Image-2022-05-23-at-3.05.39-PM-1.jpeg 1600w\" sizes=\"(max-width: 1024px) 100vw, 1024px\" \/><\/a><\/figure>\n\n\n\n<p>Sergio Ch\u00e1vez D\u00e1valos, presidente municipal, inaugur\u00f3 este d\u00eda la Cruz Verde Tonal\u00e1 Norte, en la colonia Jalisco, en la que se invirtieron 13 millones de pesos de recursos propios de los impuestos que pagan los ciudadanos del municipio.<\/p>\n\n\n\n<p>La unidad m\u00e9dica est\u00e1 acondicionada para atender a los habitantes de las colonias del norte del municipio, pero que tambi\u00e9n podr\u00e1 recibir a los habitantes de Guadalajara que se encuentran en las colonias colindantes.<\/p>\n\n\n\n<figure class=\"wp-block-image size-large\"><a href=\"https:\/\/tonala.gob.mx\/portal\/wp-content\/uploads\/2022\/05\/WhatsApp-Image-2022-05-23-at-3.05.37-PM-1.jpeg\"><img decoding=\"async\" width=\"1024\" height=\"682\" src=\"https:\/\/tonala.gob.mx\/portal\/wp-content\/uploads\/2022\/05\/WhatsApp-Image-2022-05-23-at-3.05.37-PM-1-1024x682.jpeg\" alt=\"\" class=\"wp-image-34258\" srcset=\"https:\/\/tonala.gob.mx\/portal\/wp-content\/uploads\/2022\/05\/WhatsApp-Image-2022-05-23-at-3.05.37-PM-1-1024x682.jpeg 1024w, https:\/\/tonala.gob.mx\/portal\/wp-content\/uploads\/2022\/05\/WhatsApp-Image-2022-05-23-at-3.05.37-PM-1-300x200.jpeg 300w, https:\/\/tonala.gob.mx\/portal\/wp-content\/uploads\/2022\/05\/WhatsApp-Image-2022-05-23-at-3.05.37-PM-1-768x512.jpeg 768w, https:\/\/tonala.gob.mx\/portal\/wp-content\/uploads\/2022\/05\/WhatsApp-Image-2022-05-23-at-3.05.37-PM-1-1536x1023.jpeg 1536w, https:\/\/tonala.gob.mx\/portal\/wp-content\/uploads\/2022\/05\/WhatsApp-Image-2022-05-23-at-3.05.37-PM-1.jpeg 1600w\" sizes=\"(max-width: 1024px) 100vw, 1024px\" \/><\/a><\/figure>\n\n\n\n<p>Ch\u00e1vez D\u00e1valos, destac\u00f3 que la inversi\u00f3n en materia de salud es indispensable para una mayor calidad de vida de sus habitantes, por lo que esta Cruz Verde ya podr\u00e1 brindar consultas y realizar ex\u00e1menes cl\u00ednicos, adem\u00e1s de atender emergencias las 24 horas del d\u00eda los 365 d\u00edas del a\u00f1o.<\/p>\n\n\n\n<p>Anunci\u00f3 que, en fecha pr\u00f3xima, tambi\u00e9n con recursos municipales que suman 16 millones de pesos en primera etapa, iniciar\u00e1 la construcci\u00f3n de un hospital aleda\u00f1o a la Cruz Verde Centro (Cerro de la Reina) en el que podr\u00e1n realizarse cirug\u00edas menores, adem\u00e1s de ampliar la atenci\u00f3n en servicios de emergencia:<\/p>\n\n\n\n<figure class=\"wp-block-image size-large\"><a href=\"https:\/\/tonala.gob.mx\/portal\/wp-content\/uploads\/2022\/05\/WhatsApp-Image-2022-05-23-at-3.05.37-PM.jpeg\"><img decoding=\"async\" width=\"1024\" height=\"682\" src=\"https:\/\/tonala.gob.mx\/portal\/wp-content\/uploads\/2022\/05\/WhatsApp-Image-2022-05-23-at-3.05.37-PM-1024x682.jpeg\" alt=\"\" class=\"wp-image-34257\" srcset=\"https:\/\/tonala.gob.mx\/portal\/wp-content\/uploads\/2022\/05\/WhatsApp-Image-2022-05-23-at-3.05.37-PM-1024x682.jpeg 1024w, https:\/\/tonala.gob.mx\/portal\/wp-content\/uploads\/2022\/05\/WhatsApp-Image-2022-05-23-at-3.05.37-PM-300x200.jpeg 300w, https:\/\/tonala.gob.mx\/portal\/wp-content\/uploads\/2022\/05\/WhatsApp-Image-2022-05-23-at-3.05.37-PM-768x512.jpeg 768w, https:\/\/tonala.gob.mx\/portal\/wp-content\/uploads\/2022\/05\/WhatsApp-Image-2022-05-23-at-3.05.37-PM.jpeg 1280w\" sizes=\"(max-width: 1024px) 100vw, 1024px\" \/><\/a><\/figure>\n\n\n\n<p>Aunado a lo anterior, dijo que, en breve, tal vez la pr\u00f3xima semana dependiendo de la agenda del gobernador del Estado, Enrique Alfaro Ram\u00edrez; arrancar\u00e1 la construcci\u00f3n de otra unidad m\u00e9dica, misma que estar\u00e1 ubicada en la delegaci\u00f3n de El Rosario, con 12 millones de recurso del municipio y una cantidad mayor aportada por el del gobierno del Estado<\/p>\n\n\n\n<p>Con la Cruz Verde inaugurada hoy, Tonal\u00e1 suma tres unidades m\u00e9dicas de esta \u00edndole, distribuidas estrat\u00e9gicamente en el territorio para un servicio m\u00e1s eficiente: Cruz Verde Centro, Cruz Verde Pajaritos, al sur del municipio, que se construy\u00f3 durante la pasada administraci\u00f3n que encabez\u00f3 Ch\u00e1vez Davalos; y la hoy puesta en marcha en la parte norte.<\/p>\n\n\n\n<figure class=\"wp-block-image size-large\"><a href=\"https:\/\/tonala.gob.mx\/portal\/wp-content\/uploads\/2022\/05\/WhatsApp-Image-2022-05-23-at-3.05.41-PM.jpeg\"><img loading=\"lazy\" decoding=\"async\" width=\"1024\" height=\"682\" src=\"https:\/\/tonala.gob.mx\/portal\/wp-content\/uploads\/2022\/05\/WhatsApp-Image-2022-05-23-at-3.05.41-PM-1024x682.jpeg\" alt=\"\" class=\"wp-image-34255\" srcset=\"https:\/\/tonala.gob.mx\/portal\/wp-content\/uploads\/2022\/05\/WhatsApp-Image-2022-05-23-at-3.05.41-PM-1024x682.jpeg 1024w, https:\/\/tonala.gob.mx\/portal\/wp-content\/uploads\/2022\/05\/WhatsApp-Image-2022-05-23-at-3.05.41-PM-300x200.jpeg 300w, https:\/\/tonala.gob.mx\/portal\/wp-content\/uploads\/2022\/05\/WhatsApp-Image-2022-05-23-at-3.05.41-PM-768x512.jpeg 768w, https:\/\/tonala.gob.mx\/portal\/wp-content\/uploads\/2022\/05\/WhatsApp-Image-2022-05-23-at-3.05.41-PM-1536x1023.jpeg 1536w, https:\/\/tonala.gob.mx\/portal\/wp-content\/uploads\/2022\/05\/WhatsApp-Image-2022-05-23-at-3.05.41-PM.jpeg 1600w\" sizes=\"(max-width: 1024px) 100vw, 1024px\" \/><\/a><\/figure>\n\n\n\n<p>As\u00ed las cosas, al t\u00e9rmino de la actual administraci\u00f3n municipal Tonal\u00e1 contar\u00e1 con cuatro Unidades M\u00e9dicas Cruz Verde, tres de ellas construidas bajo el mandato de Ch\u00e1vez D\u00e1valos, lo que sumado al Hospital Civil que construye el gobierno de Jalisco en territorio tonalteca, da un impulso sin precedente a la materia de salud. &nbsp;&nbsp;<\/p>\n","protected":false},"excerpt":{"rendered":"<p>Sergio Ch\u00e1vez D\u00e1valos, presidente municipal, inaugur\u00f3 este d\u00eda la Cruz Verde Tonal\u00e1 Norte, en la colonia Jalisco, en la que<\/p>\n","protected":false},"author":2,"featured_media":34260,"comment_status":"closed","ping_status":"open","sticky":false,"template":"","format":"standard","meta":{"colormag_page_container_layout":"default_layout","colormag_page_sidebar_layout":"default_layout","footnotes":""},"categories":[2],"tags":[],"class_list":["post-34254","post","type-post","status-publish","format-standard","has-post-thumbnail","hentry","category-comunicacion-social"],"_links":{"self":[{"href":"https:\/\/tonala.gob.mx\/portal\/wp-json\/wp\/v2\/posts\/34254","targetHints":{"allow":["GET"]}}],"collection":[{"href":"https:\/\/tonala.gob.mx\/portal\/wp-json\/wp\/v2\/posts"}],"about":[{"href":"https:\/\/tonala.gob.mx\/portal\/wp-json\/wp\/v2\/types\/post"}],"author":[{"embeddable":true,"href":"https:\/\/tonala.gob.mx\/portal\/wp-json\/wp\/v2\/users\/2"}],"replies":[{"embeddable":true,"href":"https:\/\/tonala.gob.mx\/portal\/wp-json\/wp\/v2\/comments?post=34254"}],"version-history":[{"count":1,"href":"https:\/\/tonala.gob.mx\/portal\/wp-json\/wp\/v2\/posts\/34254\/revisions"}],"predecessor-version":[{"id":34263,"href":"https:\/\/tonala.gob.mx\/portal\/wp-json\/wp\/v2\/posts\/34254\/revisions\/34263"}],"wp:featuredmedia":[{"embeddable":true,"href":"https:\/\/tonala.gob.mx\/portal\/wp-json\/wp\/v2\/media\/34260"}],"wp:attachment":[{"href":"https:\/\/tonala.gob.mx\/portal\/wp-json\/wp\/v2\/media?parent=34254"}],"wp:term":[{"taxonomy":"category","embeddable":true,"href":"https:\/\/tonala.gob.mx\/portal\/wp-json\/wp\/v2\/categories?post=34254"},{"taxonomy":"post_tag","embeddable":true,"href":"https:\/\/tonala.gob.mx\/portal\/wp-json\/wp\/v2\/tags?post=34254"}],"curies":[{"name":"wp","href":"https:\/\/api.w.org\/{rel}","templated":true}]}}