{"id":32516,"date":"2021-07-02T08:50:00","date_gmt":"2021-07-02T14:50:00","guid":{"rendered":"https:\/\/tonala.gob.mx\/portal\/?p=32516"},"modified":"2021-07-05T08:59:49","modified_gmt":"2021-07-05T14:59:49","slug":"elementos-de-proteccion-civil-tonala-lograron-el-rescate-de-6-personas-en-la-barranca-de-colimilla","status":"publish","type":"post","link":"https:\/\/tonala.gob.mx\/portal\/2021\/07\/02\/elementos-de-proteccion-civil-tonala-lograron-el-rescate-de-6-personas-en-la-barranca-de-colimilla\/","title":{"rendered":"Elementos de Protecci\u00f3n Civil Tonal\u00e1 lograron el rescate de 6 personas en la Barranca de Colimilla"},"content":{"rendered":"\n<p class=\"has-text-align-left\">Elementos de la Unidad municipal de Protecci\u00f3n Civil y Bomberos de Tonal\u00e1, efectuaron, durante la madrugada de este viernes, labores de rescate de seis personas, cuyo veh\u00edculo cay\u00f3 desde una altura de al menos 30 metros en la barranca de Colimilla.<\/p>\n\n\n\n<p class=\"has-text-align-left\">Fue alrededor de las 04:30 horas que se recibi\u00f3 el reporte con n\u00famero de control 578, por parte del Centro de Coordinaci\u00f3n, Comando, Control, Comunicaciones y C\u00f3mputo (C5), informando sobre la ca\u00edda al barranco de una camioneta, con probables personas lesionadas en su interior, a la altura del km 4 del Camino a Colimilla, inform\u00f3 el director de Protecci\u00f3n Civil y Bomberos, Issac Garc\u00eda.<\/p>\n\n\n\n<figure class=\"wp-block-image size-large is-resized\"><a href=\"https:\/\/tonala.gob.mx\/portal\/wp-content\/uploads\/2021\/07\/Image-2021-07-02-at-2.39.32-PM.jpg\"><img fetchpriority=\"high\" decoding=\"async\" src=\"https:\/\/tonala.gob.mx\/portal\/wp-content\/uploads\/2021\/07\/Image-2021-07-02-at-2.39.32-PM.jpg\" alt=\"\" class=\"wp-image-32517\" width=\"838\" height=\"629\" srcset=\"https:\/\/tonala.gob.mx\/portal\/wp-content\/uploads\/2021\/07\/Image-2021-07-02-at-2.39.32-PM.jpg 593w, https:\/\/tonala.gob.mx\/portal\/wp-content\/uploads\/2021\/07\/Image-2021-07-02-at-2.39.32-PM-300x225.jpg 300w\" sizes=\"(max-width: 838px) 100vw, 838px\" \/><\/a><\/figure>\n\n\n\n<p>Se procedi\u00f3 a la atenci\u00f3n del reporte a bordo de la unidad PCB-535 de Protecci\u00f3n Civil de Bomberos de Tonal\u00e1, con cuatro elementos al mando del Comandante Mart\u00edn Preciado, quienes arribaron al lugar y pudieron verificar que se trataba de un veh\u00edculo tipo Pick-Up Marca Toyota, modelo Tacoma 2009, color rojo, la cual hab\u00eda ca\u00eddo a una profundidad de entre 30 y 35 metros aproximadamente, con seis personas en el interior, por lo que se procedi\u00f3 a realizar el rescate de las mismas con equipo especializado de trabajo vertical.<\/p>\n\n\n\n<div class=\"wp-block-image\"><figure class=\"aligncenter size-large\"><a href=\"https:\/\/tonala.gob.mx\/portal\/wp-content\/uploads\/2021\/07\/Image-2021-07-02-at-2.39.33-PM-1.jpg\"><img decoding=\"async\" width=\"334\" height=\"445\" src=\"https:\/\/tonala.gob.mx\/portal\/wp-content\/uploads\/2021\/07\/Image-2021-07-02-at-2.39.33-PM-1.jpg\" alt=\"\" class=\"wp-image-32518\" srcset=\"https:\/\/tonala.gob.mx\/portal\/wp-content\/uploads\/2021\/07\/Image-2021-07-02-at-2.39.33-PM-1.jpg 334w, https:\/\/tonala.gob.mx\/portal\/wp-content\/uploads\/2021\/07\/Image-2021-07-02-at-2.39.33-PM-1-225x300.jpg 225w\" sizes=\"(max-width: 334px) 100vw, 334px\" \/><\/a><\/figure><\/div>\n\n\n\n<p>Gracias a la oportuna labor del personal de la dependencia municipal, se logr\u00f3 el rescate de cuatro femeninas de entre 25 y 30 a\u00f1os, as\u00ed como de dos masculinos de 29 y 32 a\u00f1os, quienes resultaron con lesiones leves y fueron atendidos por personal de los Servicios M\u00e9dicos del Municipio.<\/p>\n\n\n\n<p>Se hizo menci\u00f3n que, al parecer, los afectados viajaban bajo los efectos del alcohol, por lo que en el lugar se requiri\u00f3 presencia de la Comisar\u00eda de Seguridad P\u00fablica, as\u00ed como personal de la Fiscal\u00eda del Estado.<\/p>\n\n\n\n<div class=\"wp-block-image\"><figure class=\"aligncenter size-large\"><a href=\"https:\/\/tonala.gob.mx\/portal\/wp-content\/uploads\/2021\/07\/Image-2021-07-02-at-2.39.33-PM-2.jpg\"><img decoding=\"async\" width=\"334\" height=\"445\" src=\"https:\/\/tonala.gob.mx\/portal\/wp-content\/uploads\/2021\/07\/Image-2021-07-02-at-2.39.33-PM-2.jpg\" alt=\"\" class=\"wp-image-32519\" srcset=\"https:\/\/tonala.gob.mx\/portal\/wp-content\/uploads\/2021\/07\/Image-2021-07-02-at-2.39.33-PM-2.jpg 334w, https:\/\/tonala.gob.mx\/portal\/wp-content\/uploads\/2021\/07\/Image-2021-07-02-at-2.39.33-PM-2-225x300.jpg 225w\" sizes=\"(max-width: 334px) 100vw, 334px\" \/><\/a><\/figure><\/div>\n\n\n\n<p>En el sitio de los hechos, se concluy\u00f3 con la eliminaci\u00f3n de riesgos, verificando que no existieran m\u00e1s personas lesionadas o atrapadas, dando por terminadas las labores de rescate a las 07:48 horas.&nbsp;&nbsp;<\/p>\n","protected":false},"excerpt":{"rendered":"<p>Elementos de la Unidad municipal de Protecci\u00f3n Civil y Bomberos de Tonal\u00e1, efectuaron, durante la madrugada de este viernes, labores<\/p>\n","protected":false},"author":2,"featured_media":32520,"comment_status":"closed","ping_status":"open","sticky":false,"template":"","format":"standard","meta":{"colormag_page_container_layout":"default_layout","colormag_page_sidebar_layout":"default_layout","footnotes":""},"categories":[2],"tags":[],"class_list":["post-32516","post","type-post","status-publish","format-standard","has-post-thumbnail","hentry","category-comunicacion-social"],"_links":{"self":[{"href":"https:\/\/tonala.gob.mx\/portal\/wp-json\/wp\/v2\/posts\/32516","targetHints":{"allow":["GET"]}}],"collection":[{"href":"https:\/\/tonala.gob.mx\/portal\/wp-json\/wp\/v2\/posts"}],"about":[{"href":"https:\/\/tonala.gob.mx\/portal\/wp-json\/wp\/v2\/types\/post"}],"author":[{"embeddable":true,"href":"https:\/\/tonala.gob.mx\/portal\/wp-json\/wp\/v2\/users\/2"}],"replies":[{"embeddable":true,"href":"https:\/\/tonala.gob.mx\/portal\/wp-json\/wp\/v2\/comments?post=32516"}],"version-history":[{"count":1,"href":"https:\/\/tonala.gob.mx\/portal\/wp-json\/wp\/v2\/posts\/32516\/revisions"}],"predecessor-version":[{"id":32521,"href":"https:\/\/tonala.gob.mx\/portal\/wp-json\/wp\/v2\/posts\/32516\/revisions\/32521"}],"wp:featuredmedia":[{"embeddable":true,"href":"https:\/\/tonala.gob.mx\/portal\/wp-json\/wp\/v2\/media\/32520"}],"wp:attachment":[{"href":"https:\/\/tonala.gob.mx\/portal\/wp-json\/wp\/v2\/media?parent=32516"}],"wp:term":[{"taxonomy":"category","embeddable":true,"href":"https:\/\/tonala.gob.mx\/portal\/wp-json\/wp\/v2\/categories?post=32516"},{"taxonomy":"post_tag","embeddable":true,"href":"https:\/\/tonala.gob.mx\/portal\/wp-json\/wp\/v2\/tags?post=32516"}],"curies":[{"name":"wp","href":"https:\/\/api.w.org\/{rel}","templated":true}]}}