{"id":32472,"date":"2021-05-27T09:44:00","date_gmt":"2021-05-27T15:44:00","guid":{"rendered":"https:\/\/tonala.gob.mx\/portal\/?p=32472"},"modified":"2022-08-10T09:57:01","modified_gmt":"2022-08-10T15:57:01","slug":"tonala-aprueba-bases-de-la-convocatoria-para-la-celebracion-del-xvi-concurso-de-la-ceramica-tonallan-2021","status":"publish","type":"post","link":"https:\/\/tonala.gob.mx\/portal\/2021\/05\/27\/tonala-aprueba-bases-de-la-convocatoria-para-la-celebracion-del-xvi-concurso-de-la-ceramica-tonallan-2021\/","title":{"rendered":"Tonal\u00e1 aprueba bases de la convocatoria para la celebraci\u00f3n del XVI Concurso de la Cer\u00e1mica Tonallan 2021"},"content":{"rendered":"\n<p>La tarde de este jueves, en Sesi\u00f3n Ordinaria de Ayuntamiento, el gobierno de Tonal\u00e1 aprob\u00f3 por unanimidad la convocatoria para la celebraci\u00f3n del XVI Concurso de la Cer\u00e1mica Tonallan 2021, el cual concluir\u00e1 con la ceremonia de premiaci\u00f3n a realizarse el d\u00eda 23 de julio en el patio Miguel Hidalgo de Palacio Municipal y que otorgar\u00e1 $585,000.00 (quinientos ochenta y cinco mil pesos) en premios para las 11 categor\u00edas contempladas y distinciones especiales.<\/p>\n\n\n\n<figure class=\"wp-block-image size-large is-resized\"><a href=\"https:\/\/tonala.gob.mx\/portal\/wp-content\/uploads\/2021\/05\/photo_2021-05-28-10.50.17.jpg\"><img fetchpriority=\"high\" decoding=\"async\" src=\"https:\/\/tonala.gob.mx\/portal\/wp-content\/uploads\/2021\/05\/photo_2021-05-28-10.50.17.jpg\" alt=\"\" class=\"wp-image-32473\" width=\"837\" height=\"558\" srcset=\"https:\/\/tonala.gob.mx\/portal\/wp-content\/uploads\/2021\/05\/photo_2021-05-28-10.50.17.jpg 668w, https:\/\/tonala.gob.mx\/portal\/wp-content\/uploads\/2021\/05\/photo_2021-05-28-10.50.17-300x200.jpg 300w\" sizes=\"(max-width: 837px) 100vw, 837px\" \/><\/a><\/figure>\n\n\n\n<p>La convocatoria deber\u00e1 ser emitida de manera conjunta por la Secretar\u00eda de Cultura de Jalisco y el Gobierno Municipal de Tonal\u00e1, a trav\u00e9s de la Direcci\u00f3n de la Casa de los Artesanos, abierta a participantes de todo M\u00e9xico.<\/p>\n\n\n\n<p>La recepci\u00f3n y registro de obras ser\u00e1 en la Sala Candelario Medrano de Palacio Municipal, abierta del 05 al 09 de julio para artesanos for\u00e1neos y del d\u00eda 12 al 16 del mismo mes para artesanos locales, todos en un horario de 09:00 a 15:00 horas.<\/p>\n\n\n\n<figure class=\"wp-block-image size-large is-resized\"><a href=\"https:\/\/tonala.gob.mx\/portal\/wp-content\/uploads\/2021\/05\/photo_2021-05-28-10.50.32.jpg\"><img decoding=\"async\" src=\"https:\/\/tonala.gob.mx\/portal\/wp-content\/uploads\/2021\/05\/photo_2021-05-28-10.50.32.jpg\" alt=\"\" class=\"wp-image-32474\" width=\"838\" height=\"558\" srcset=\"https:\/\/tonala.gob.mx\/portal\/wp-content\/uploads\/2021\/05\/photo_2021-05-28-10.50.32.jpg 668w, https:\/\/tonala.gob.mx\/portal\/wp-content\/uploads\/2021\/05\/photo_2021-05-28-10.50.32-300x200.jpg 300w\" sizes=\"(max-width: 838px) 100vw, 838px\" \/><\/a><\/figure>\n\n\n\n<p>El director de Casa de Artesanos, Jos\u00e9 Luis Flores, resalt\u00f3 la importancia de incentivar la actividad artesanal en Tonal\u00e1 y desde el municipio a todo el pa\u00eds, as\u00ed como respaldar su actividad mediante la difusi\u00f3n de estos eventos.<\/p>\n\n\n\n<p>\u201cPara nosotros significa demostrar que seguimos de pie, demostrar que a pesar de todas las adversidades somos el \u00fanico municipio que no cancel\u00f3 su evento artesanal en el 2020 y qu\u00e9, por lo tanto, no lo vamos a hacer en el 2021, que ya vemos la luz al final del camino. Significa demostrarle a la gente que los artesanos a pesar de todas las adversidades seguimos trabajando, seguimos siendo reconocidos a nivel nacional e internacional por la calidad de nuestras obras y tambi\u00e9n significa seguir en contacto con nuestros hermanos artesanos del resto de la rep\u00fablica, con quienes tenemos una gran retroalimentaci\u00f3n, al ver las obras que llegan, ellos al ver las obras que participan\u201d, reiter\u00f3.<\/p>\n\n\n\n<figure class=\"wp-block-image size-large is-resized\"><a href=\"https:\/\/tonala.gob.mx\/portal\/wp-content\/uploads\/2021\/05\/photo_2021-05-28-10.50.24.jpg\"><img decoding=\"async\" src=\"https:\/\/tonala.gob.mx\/portal\/wp-content\/uploads\/2021\/05\/photo_2021-05-28-10.50.24.jpg\" alt=\"\" class=\"wp-image-32476\" width=\"839\" height=\"559\" srcset=\"https:\/\/tonala.gob.mx\/portal\/wp-content\/uploads\/2021\/05\/photo_2021-05-28-10.50.24.jpg 668w, https:\/\/tonala.gob.mx\/portal\/wp-content\/uploads\/2021\/05\/photo_2021-05-28-10.50.24-300x200.jpg 300w\" sizes=\"(max-width: 839px) 100vw, 839px\" \/><\/a><\/figure>\n\n\n\n<p>Se contempla contar con 11 categor\u00edas: Artesano Joven, Barro Bru\u00f1ido, Barro Petatillo, Cer\u00e1mica en Miniatura, Barro Canelo, Cer\u00e1mica Contempor\u00e1nea, Barro Bandera, Escultura en Cer\u00e1mica, Barro Vidriado sin Plomo, Barro Betus y Barro Natural y Terminado en Fr\u00edo.&nbsp;<br>ENLACE CON ASPECTOS DE VIDEO, FOTOS E INSERTO:<strong>&nbsp;<a rel=\"noreferrer noopener\" href=\"https:\/\/we.tl\/t-h7VJr50Z2n\" target=\"_blank\">https:\/\/we.tl\/t-h7VJr50Z2n<\/a><\/strong><\/p>\n","protected":false},"excerpt":{"rendered":"<p>La tarde de este jueves, en Sesi\u00f3n Ordinaria de Ayuntamiento, el gobierno de Tonal\u00e1 aprob\u00f3 por unanimidad la convocatoria para<\/p>\n","protected":false},"author":2,"featured_media":32477,"comment_status":"closed","ping_status":"open","sticky":false,"template":"","format":"standard","meta":{"colormag_page_container_layout":"default_layout","colormag_page_sidebar_layout":"default_layout","footnotes":""},"categories":[2],"tags":[],"class_list":["post-32472","post","type-post","status-publish","format-standard","has-post-thumbnail","hentry","category-comunicacion-social"],"_links":{"self":[{"href":"https:\/\/tonala.gob.mx\/portal\/wp-json\/wp\/v2\/posts\/32472","targetHints":{"allow":["GET"]}}],"collection":[{"href":"https:\/\/tonala.gob.mx\/portal\/wp-json\/wp\/v2\/posts"}],"about":[{"href":"https:\/\/tonala.gob.mx\/portal\/wp-json\/wp\/v2\/types\/post"}],"author":[{"embeddable":true,"href":"https:\/\/tonala.gob.mx\/portal\/wp-json\/wp\/v2\/users\/2"}],"replies":[{"embeddable":true,"href":"https:\/\/tonala.gob.mx\/portal\/wp-json\/wp\/v2\/comments?post=32472"}],"version-history":[{"count":2,"href":"https:\/\/tonala.gob.mx\/portal\/wp-json\/wp\/v2\/posts\/32472\/revisions"}],"predecessor-version":[{"id":34474,"href":"https:\/\/tonala.gob.mx\/portal\/wp-json\/wp\/v2\/posts\/32472\/revisions\/34474"}],"wp:featuredmedia":[{"embeddable":true,"href":"https:\/\/tonala.gob.mx\/portal\/wp-json\/wp\/v2\/media\/32477"}],"wp:attachment":[{"href":"https:\/\/tonala.gob.mx\/portal\/wp-json\/wp\/v2\/media?parent=32472"}],"wp:term":[{"taxonomy":"category","embeddable":true,"href":"https:\/\/tonala.gob.mx\/portal\/wp-json\/wp\/v2\/categories?post=32472"},{"taxonomy":"post_tag","embeddable":true,"href":"https:\/\/tonala.gob.mx\/portal\/wp-json\/wp\/v2\/tags?post=32472"}],"curies":[{"name":"wp","href":"https:\/\/api.w.org\/{rel}","templated":true}]}}