{"id":32382,"date":"2021-03-27T09:53:00","date_gmt":"2021-03-27T15:53:00","guid":{"rendered":"https:\/\/tonala.gob.mx\/portal\/?p=32382"},"modified":"2021-04-14T10:05:33","modified_gmt":"2021-04-14T16:05:33","slug":"tonala-y-gobierno-de-jalisco-rehabilitan-61-modulos-habitacionales-en-loma-dorada-con-el-programa-reconstruccion-del-tejido-social","status":"publish","type":"post","link":"https:\/\/tonala.gob.mx\/portal\/2021\/03\/27\/tonala-y-gobierno-de-jalisco-rehabilitan-61-modulos-habitacionales-en-loma-dorada-con-el-programa-reconstruccion-del-tejido-social\/","title":{"rendered":"Tonal\u00e1 y Gobierno de Jalisco rehabilitan 61 m\u00f3dulos habitacionales en Loma Dorada, con el programa Reconstrucci\u00f3n del Tejido Social"},"content":{"rendered":"\n<p>El Gobierno de Tonal\u00e1 en coordinaci\u00f3n con la Secretar\u00eda del Sistema de Asistencia Social (SSAS) del Gobierno de Jalisco, a trav\u00e9s del programa Reconstrucci\u00f3n del Tejido Social, realizaron la entrega de la rehabilitaci\u00f3n de 61 m\u00f3dulos habitacionales, beneficiando a 816 familias de la delegaci\u00f3n B y delegaci\u00f3n C, as\u00ed como la recuperaci\u00f3n de espacios, en Loma Dorada.<\/p>\n\n\n\n<figure class=\"wp-block-image size-large is-resized\"><a href=\"https:\/\/tonala.gob.mx\/portal\/wp-content\/uploads\/2021\/04\/photo_2021-04-14-10.57.38.jpg\"><img fetchpriority=\"high\" decoding=\"async\" src=\"https:\/\/tonala.gob.mx\/portal\/wp-content\/uploads\/2021\/04\/photo_2021-04-14-10.57.38.jpg\" alt=\"\" class=\"wp-image-32384\" width=\"838\" height=\"558\" srcset=\"https:\/\/tonala.gob.mx\/portal\/wp-content\/uploads\/2021\/04\/photo_2021-04-14-10.57.38.jpg 668w, https:\/\/tonala.gob.mx\/portal\/wp-content\/uploads\/2021\/04\/photo_2021-04-14-10.57.38-300x200.jpg 300w\" sizes=\"(max-width: 838px) 100vw, 838px\" \/><\/a><\/figure>\n\n\n\n<p>Con la aportaci\u00f3n de 2.5 mdp por parte del municipio, 8.25 mdp erogados por el Gobierno de Jalisco y cerca de 8 mdp de la Asociaci\u00f3n Coraz\u00f3n Urbano, se realiz\u00f3 la intervenci\u00f3n&nbsp;de mejoramiento estructural y urbano consistente en trabajos de pintura y rehabilitaci\u00f3n de los espacios comunes, as\u00ed como acercar a la comunidad, los apoyos, programas y servicios municipales.<\/p>\n\n\n\n<p>El presidente municipal, Juan Antonio Gonz\u00e1lez Mora, se\u00f1al\u00f3 que el prop\u00f3sito es dignificar los espacios comunes y as\u00ed fortalecer la cultura de paz,\u00a0asegur\u00f3 que hasta el \u00faltimo d\u00eda de su administraci\u00f3n seguir\u00e1 trabajando en beneficio de las y los tonaltecas, con una estrategia transversal que, adem\u00e1s de programas de infraestructura, aborda ejes de intervenci\u00f3n en materia de prevenci\u00f3n, seguridad y construcci\u00f3n de comunidad, en coordinaci\u00f3n con el gobierno estatal. \u00a0<\/p>\n\n\n\n<figure class=\"wp-block-image size-large is-resized\"><a href=\"https:\/\/tonala.gob.mx\/portal\/wp-content\/uploads\/2021\/04\/photo_2021-04-14-10.58.37.jpg\"><img decoding=\"async\" src=\"https:\/\/tonala.gob.mx\/portal\/wp-content\/uploads\/2021\/04\/photo_2021-04-14-10.58.37.jpg\" alt=\"\" class=\"wp-image-32385\" width=\"841\" height=\"560\" srcset=\"https:\/\/tonala.gob.mx\/portal\/wp-content\/uploads\/2021\/04\/photo_2021-04-14-10.58.37.jpg 668w, https:\/\/tonala.gob.mx\/portal\/wp-content\/uploads\/2021\/04\/photo_2021-04-14-10.58.37-300x200.jpg 300w\" sizes=\"(max-width: 841px) 100vw, 841px\" \/><\/a><\/figure>\n\n\n\n<p>\u201cAs\u00ed como todas las personas tenemos una segunda oportunidad en la vida, tambi\u00e9n las ciudades tienen una segunda oportunidad en la vida, y le estamos dando una segunda oportunidad, \u00bfSaben por qu\u00e9? Porque no nos estamos robando el dinero de la gente. \u00bfS\u00ed vieron la inversi\u00f3n tan grande que se est\u00e1 haciendo aqu\u00ed? Aprobamos en sesi\u00f3n de ayuntamiento, el continuar con este proyecto, porque se necesitaban dos factores, voluntad pol\u00edtica, que la tenemos de un gobernador valiente como es Enrique Alfaro y voluntad econ\u00f3mica, en donde tambi\u00e9n nos han apoyado\u201c, agreg\u00f3.<\/p>\n\n\n\n<p>Con la finalizaci\u00f3n de estos trabajos, se refrenda el compromiso del presidente municipal, Juan Antonio Gonz\u00e1lez, de que sin adquirir un peso de deuda en Tonal\u00e1, se continuar\u00e1 invirtiendo en obra y en ejercicios de construcci\u00f3n de comunidad en Loma Dorada, ya que esta intervenci\u00f3n se suma al rescate de espacios p\u00fablicos para actividades recreativas de ni\u00f1as, ni\u00f1os y j\u00f3venes, as\u00ed como el reencarpetamiento y balizamiento de una vialidad importante como la Av. Circuito Loma Norte, la inauguraci\u00f3n de la Unidad Especializada para Atenci\u00f3n de V\u00edctimas de Violencia de G\u00e9nero, realizada en noviembre del a\u00f1o pasado, as\u00ed como la construcci\u00f3n de la Unidad Deportiva Palenque, la cual contar\u00e1 con una alberca techada semiol\u00edmpica, juegos infantiles y cancha de usos m\u00faltiples, con una inversi\u00f3n de 30 millones de pesos.<\/p>\n\n\n\n<figure class=\"wp-block-image size-large is-resized\"><a href=\"https:\/\/tonala.gob.mx\/portal\/wp-content\/uploads\/2021\/04\/photo_2021-04-14-10.58.49.jpg\"><img decoding=\"async\" src=\"https:\/\/tonala.gob.mx\/portal\/wp-content\/uploads\/2021\/04\/photo_2021-04-14-10.58.49.jpg\" alt=\"\" class=\"wp-image-32386\" width=\"838\" height=\"558\" srcset=\"https:\/\/tonala.gob.mx\/portal\/wp-content\/uploads\/2021\/04\/photo_2021-04-14-10.58.49.jpg 668w, https:\/\/tonala.gob.mx\/portal\/wp-content\/uploads\/2021\/04\/photo_2021-04-14-10.58.49-300x200.jpg 300w\" sizes=\"(max-width: 838px) 100vw, 838px\" \/><\/a><\/figure>\n\n\n\n<p>Adem\u00e1s, el Instituto de Justicia Alternativa (IJA) forma parte de esta intervenci\u00f3n integral en la zona, al ofertar sesiones informativas para la mediaci\u00f3n y soluci\u00f3n de conflictos vecinales, adem\u00e1s el DIF Jalisco y DIF municipal participaron con brigadas de asesor\u00edas especializadas en salud, higiene, nutrici\u00f3n, manejo de emociones, dominio de plataformas y tecnolog\u00edas digitales, prevenci\u00f3n del delito y adicciones, atenci\u00f3n de trabajo social entre otros servicios.En el evento realizado en el parque lineal Nahuac, se cont\u00f3 con la presencia de Mar\u00eda del Carmen Bayardo Sol\u00f3rzano, representante del Sistema de Asistencia Social del Gobierno de Jalisco; el arquitecto Jorge S\u00faarez, de la Asociaci\u00f3n Civil Coraz\u00f3n Urbano, y el Mtro. Vladimir Rico Tostado, coordinador general de Participaci\u00f3n Ciudadana y Construcci\u00f3n de la Comunidad en Tonal\u00e1.<br>ENLACE CON ASPECTOS E INSERTO EN AUDIO Y VIDEO:<strong><span class=\"has-inline-color has-vivid-red-color\">\u00a0<a rel=\"noreferrer noopener\" href=\"https:\/\/we.tl\/t-CRUp24JqxG\" target=\"_blank\">https:\/\/we.tl\/t-CRUp24JqxG<\/a><\/span><\/strong><\/p>\n\n\n\n<figure class=\"wp-block-image size-large is-resized\"><a href=\"https:\/\/tonala.gob.mx\/portal\/wp-content\/uploads\/2021\/04\/photo_2021-04-14-10.58.23.jpg\"><img loading=\"lazy\" decoding=\"async\" src=\"https:\/\/tonala.gob.mx\/portal\/wp-content\/uploads\/2021\/04\/photo_2021-04-14-10.58.23.jpg\" alt=\"\" class=\"wp-image-32387\" width=\"840\" height=\"560\" srcset=\"https:\/\/tonala.gob.mx\/portal\/wp-content\/uploads\/2021\/04\/photo_2021-04-14-10.58.23.jpg 668w, https:\/\/tonala.gob.mx\/portal\/wp-content\/uploads\/2021\/04\/photo_2021-04-14-10.58.23-300x200.jpg 300w\" sizes=\"(max-width: 840px) 100vw, 840px\" \/><\/a><\/figure>\n","protected":false},"excerpt":{"rendered":"<p>El Gobierno de Tonal\u00e1 en coordinaci\u00f3n con la Secretar\u00eda del Sistema de Asistencia Social (SSAS) del Gobierno de Jalisco, a<\/p>\n","protected":false},"author":2,"featured_media":32388,"comment_status":"closed","ping_status":"open","sticky":false,"template":"","format":"standard","meta":{"colormag_page_container_layout":"default_layout","colormag_page_sidebar_layout":"default_layout","footnotes":""},"categories":[2],"tags":[],"class_list":["post-32382","post","type-post","status-publish","format-standard","has-post-thumbnail","hentry","category-comunicacion-social"],"_links":{"self":[{"href":"https:\/\/tonala.gob.mx\/portal\/wp-json\/wp\/v2\/posts\/32382","targetHints":{"allow":["GET"]}}],"collection":[{"href":"https:\/\/tonala.gob.mx\/portal\/wp-json\/wp\/v2\/posts"}],"about":[{"href":"https:\/\/tonala.gob.mx\/portal\/wp-json\/wp\/v2\/types\/post"}],"author":[{"embeddable":true,"href":"https:\/\/tonala.gob.mx\/portal\/wp-json\/wp\/v2\/users\/2"}],"replies":[{"embeddable":true,"href":"https:\/\/tonala.gob.mx\/portal\/wp-json\/wp\/v2\/comments?post=32382"}],"version-history":[{"count":1,"href":"https:\/\/tonala.gob.mx\/portal\/wp-json\/wp\/v2\/posts\/32382\/revisions"}],"predecessor-version":[{"id":32389,"href":"https:\/\/tonala.gob.mx\/portal\/wp-json\/wp\/v2\/posts\/32382\/revisions\/32389"}],"wp:featuredmedia":[{"embeddable":true,"href":"https:\/\/tonala.gob.mx\/portal\/wp-json\/wp\/v2\/media\/32388"}],"wp:attachment":[{"href":"https:\/\/tonala.gob.mx\/portal\/wp-json\/wp\/v2\/media?parent=32382"}],"wp:term":[{"taxonomy":"category","embeddable":true,"href":"https:\/\/tonala.gob.mx\/portal\/wp-json\/wp\/v2\/categories?post=32382"},{"taxonomy":"post_tag","embeddable":true,"href":"https:\/\/tonala.gob.mx\/portal\/wp-json\/wp\/v2\/tags?post=32382"}],"curies":[{"name":"wp","href":"https:\/\/api.w.org\/{rel}","templated":true}]}}