{"id":32376,"date":"2021-03-26T09:26:00","date_gmt":"2021-03-26T15:26:00","guid":{"rendered":"https:\/\/tonala.gob.mx\/portal\/?p=32376"},"modified":"2021-04-14T09:52:32","modified_gmt":"2021-04-14T15:52:32","slug":"tonala-y-secretaria-del-sistema-de-asistencia-social-invertiran-2-5-mdp-en-rehabilitacion-de-modulos-habitacionales-con-el-programa-reconstruccion-del-tejido-social","status":"publish","type":"post","link":"https:\/\/tonala.gob.mx\/portal\/2021\/03\/26\/tonala-y-secretaria-del-sistema-de-asistencia-social-invertiran-2-5-mdp-en-rehabilitacion-de-modulos-habitacionales-con-el-programa-reconstruccion-del-tejido-social\/","title":{"rendered":"Tonal\u00e1 y Secretar\u00eda del Sistema de Asistencia Social, invertir\u00e1n 2.5 mdp en rehabilitaci\u00f3n de m\u00f3dulos habitacionales con el programa Reconstrucci\u00f3n del Tejido Social"},"content":{"rendered":"\n<p>En Sesi\u00f3n Ordinaria, el Pleno del Ayuntamiento de Tonal\u00e1 aprob\u00f3 la adhesi\u00f3n del municipio al Programa de Reconstrucci\u00f3n del Tejido Social y la Imagen Urbana del Gobierno de Jalisco, a trav\u00e9s de la Secretar\u00eda del Sistema de Asistencia Social, con el que se beneficiar\u00e1n 53 m\u00f3dulos habitacionales con una poblaci\u00f3n de 3,392 personas y que tendr\u00e1 la inversi\u00f3n de 2.5 millones de pesos.<\/p>\n\n\n\n<p>En una l\u00f3gica tripartita, entre gobierno municipal, gobierno estatal y la sociedad civil organizada, se unir\u00e1n\u00a0 esfuerzos y voluntades a fin de una mejora integral en el entorno social de las comunidades beneficiadas.<\/p>\n\n\n\n<figure class=\"wp-block-image size-large is-resized\"><a href=\"https:\/\/tonala.gob.mx\/portal\/wp-content\/uploads\/2021\/04\/photo_2021-04-14-10.39.18.jpg\"><img fetchpriority=\"high\" decoding=\"async\" src=\"https:\/\/tonala.gob.mx\/portal\/wp-content\/uploads\/2021\/04\/photo_2021-04-14-10.39.18.jpg\" alt=\"\" class=\"wp-image-32377\" width=\"841\" height=\"560\" srcset=\"https:\/\/tonala.gob.mx\/portal\/wp-content\/uploads\/2021\/04\/photo_2021-04-14-10.39.18.jpg 668w, https:\/\/tonala.gob.mx\/portal\/wp-content\/uploads\/2021\/04\/photo_2021-04-14-10.39.18-300x200.jpg 300w\" sizes=\"(max-width: 841px) 100vw, 841px\" \/><\/a><\/figure>\n\n\n\n<p>El presidente municipal de Tonal\u00e1, Juan Antonio Gonz\u00e1lez Mora indic\u00f3 que de esta manera, la actual administraci\u00f3n municipal refrenda su compromiso de priorizar el bienestar de las personas y familias tonaltecas, con acciones que coadyuven a tales prop\u00f3sitos, favoreciendo tanto a la sociedad como su entorno, a trav\u00e9s del rescate de espacios p\u00fablicos y el mejoramiento de la imagen urbana, acompa\u00f1ados de una cultura de paz para las actuales y futuras generaciones.&nbsp;<\/p>\n\n\n\n<p>Asimismo, se aprob\u00f3 firmar un convenio de colaboraci\u00f3n con la Secretar\u00eda de Cultura de Jalisco y el Ayuntamiento de Tonal\u00e1, para dar continuidad al programa \u201cFondo de Talleres para Casas de Cultura Municipal, presencial o virtual durante la contingencia sanitaria COVID-19, ejercicio 2021; llevando talleres de iniciaci\u00f3n art\u00edstica a las diferentes comunidades.<\/p>\n\n\n\n<figure class=\"wp-block-image size-large is-resized\"><a href=\"https:\/\/tonala.gob.mx\/portal\/wp-content\/uploads\/2021\/04\/photo_2021-04-14-10.39.29.jpg\"><img decoding=\"async\" src=\"https:\/\/tonala.gob.mx\/portal\/wp-content\/uploads\/2021\/04\/photo_2021-04-14-10.39.29.jpg\" alt=\"\" class=\"wp-image-32378\" width=\"838\" height=\"558\" srcset=\"https:\/\/tonala.gob.mx\/portal\/wp-content\/uploads\/2021\/04\/photo_2021-04-14-10.39.29.jpg 668w, https:\/\/tonala.gob.mx\/portal\/wp-content\/uploads\/2021\/04\/photo_2021-04-14-10.39.29-300x200.jpg 300w\" sizes=\"(max-width: 838px) 100vw, 838px\" \/><\/a><\/figure>\n\n\n\n<p>Para efecto de dar continuidad a dicho programa, la Secretar\u00eda de Cultura de Jalisco se compromete a aportar la cantidad de 30 mil pesos, y el municipio aportar\u00e1 13 mil pesos.<\/p>\n\n\n\n<p>Integran la Comisi\u00f3n Edilicia para la Igualdad Sustantiva:<\/p>\n\n\n\n<p>Presidenta \u2013 S\u00edndica Miriam Rubio Vega.<\/p>\n\n\n\n<p>Vocal \u2013 Regidora Fabiola Patricia de Jes\u00fas Tinajero C\u00f3rdova.<\/p>\n\n\n\n<p>Vocal \u2013 Regidora Andrea Nallely Le\u00f3n Garc\u00eda.<\/p>\n\n\n\n<p>Vocal \u2013 Regidora Mayra Faviola Delgado Carrillo.<br>LINK CON ASPECTOS EN VIDEO:<strong>\u00a0<a rel=\"noreferrer noopener\" href=\"https:\/\/we.tl\/t-XCcZjL3qcb\" target=\"_blank\">https:\/\/we.tl\/t-XCcZjL3qcb<\/a><span class=\"has-inline-color has-vivid-red-color\">\u00a0<\/span><\/strong> \u00a0&#8212;<\/p>\n\n\n\n<figure class=\"wp-block-image size-large is-resized\"><a href=\"https:\/\/tonala.gob.mx\/portal\/wp-content\/uploads\/2021\/04\/photo_2021-04-14-10.39.39.jpg\"><img decoding=\"async\" src=\"https:\/\/tonala.gob.mx\/portal\/wp-content\/uploads\/2021\/04\/photo_2021-04-14-10.39.39.jpg\" alt=\"\" class=\"wp-image-32379\" width=\"837\" height=\"558\" srcset=\"https:\/\/tonala.gob.mx\/portal\/wp-content\/uploads\/2021\/04\/photo_2021-04-14-10.39.39.jpg 668w, https:\/\/tonala.gob.mx\/portal\/wp-content\/uploads\/2021\/04\/photo_2021-04-14-10.39.39-300x200.jpg 300w\" sizes=\"(max-width: 837px) 100vw, 837px\" \/><\/a><\/figure>\n","protected":false},"excerpt":{"rendered":"<p>En Sesi\u00f3n Ordinaria, el Pleno del Ayuntamiento de Tonal\u00e1 aprob\u00f3 la adhesi\u00f3n del municipio al Programa de Reconstrucci\u00f3n del Tejido<\/p>\n","protected":false},"author":2,"featured_media":32380,"comment_status":"closed","ping_status":"open","sticky":false,"template":"","format":"standard","meta":{"colormag_page_container_layout":"default_layout","colormag_page_sidebar_layout":"default_layout","footnotes":""},"categories":[2],"tags":[],"class_list":["post-32376","post","type-post","status-publish","format-standard","has-post-thumbnail","hentry","category-comunicacion-social"],"_links":{"self":[{"href":"https:\/\/tonala.gob.mx\/portal\/wp-json\/wp\/v2\/posts\/32376","targetHints":{"allow":["GET"]}}],"collection":[{"href":"https:\/\/tonala.gob.mx\/portal\/wp-json\/wp\/v2\/posts"}],"about":[{"href":"https:\/\/tonala.gob.mx\/portal\/wp-json\/wp\/v2\/types\/post"}],"author":[{"embeddable":true,"href":"https:\/\/tonala.gob.mx\/portal\/wp-json\/wp\/v2\/users\/2"}],"replies":[{"embeddable":true,"href":"https:\/\/tonala.gob.mx\/portal\/wp-json\/wp\/v2\/comments?post=32376"}],"version-history":[{"count":1,"href":"https:\/\/tonala.gob.mx\/portal\/wp-json\/wp\/v2\/posts\/32376\/revisions"}],"predecessor-version":[{"id":32381,"href":"https:\/\/tonala.gob.mx\/portal\/wp-json\/wp\/v2\/posts\/32376\/revisions\/32381"}],"wp:featuredmedia":[{"embeddable":true,"href":"https:\/\/tonala.gob.mx\/portal\/wp-json\/wp\/v2\/media\/32380"}],"wp:attachment":[{"href":"https:\/\/tonala.gob.mx\/portal\/wp-json\/wp\/v2\/media?parent=32376"}],"wp:term":[{"taxonomy":"category","embeddable":true,"href":"https:\/\/tonala.gob.mx\/portal\/wp-json\/wp\/v2\/categories?post=32376"},{"taxonomy":"post_tag","embeddable":true,"href":"https:\/\/tonala.gob.mx\/portal\/wp-json\/wp\/v2\/tags?post=32376"}],"curies":[{"name":"wp","href":"https:\/\/api.w.org\/{rel}","templated":true}]}}