{"id":29913,"date":"2020-04-08T12:34:20","date_gmt":"2020-04-08T18:34:20","guid":{"rendered":"https:\/\/tonala.gob.mx\/portal\/?p=29913"},"modified":"2020-04-22T12:36:23","modified_gmt":"2020-04-22T18:36:23","slug":"tonala-aprueba-presupuesto-para-2-mil-apoyos-directos","status":"publish","type":"post","link":"https:\/\/tonala.gob.mx\/portal\/2020\/04\/08\/tonala-aprueba-presupuesto-para-2-mil-apoyos-directos\/","title":{"rendered":"Tonal\u00e1 aprueba presupuesto para 2 mil apoyos directos"},"content":{"rendered":"<p style=\"font-weight: 400; text-align: justify;\">En sesi\u00f3n de Ayuntamiento se aprob\u00f3 el Decreto Municipal 498 que propuso el presidente municipal, Juan Antonio Gonz\u00e1lez, para destinar dos millones de pesos en la entrega de 2 mil apoyos directos de mil pesos cada uno. Estos apoyos ser\u00e1n destinados para artesanas, artesanos y comerciantes que su actividad econ\u00f3mica se suspendi\u00f3 temporalmente, de acuerdo con las determinaciones emitidas en la declaratoria de Emergencia Sanitaria por COVID-19.<\/p>\n<p style=\"font-weight: 400; text-align: justify;\">Las reglas de operaci\u00f3n para la inscripci\u00f3n al programa de apoyo ser\u00e1n publicadas en 48 horas a partir de este mi\u00e9rcoles 8 de abril y podr\u00e1n participar del programa las y los ciudadanos de Tonal\u00e1 que se dediquen a actividades catalogadas como no esenciales.<\/p>\n<p style=\"font-weight: 400; text-align: justify;\">En la sesi\u00f3n de ayuntamiento el presidente se\u00f1al\u00f3 que a pesar de que Tonal\u00e1 no tiene condiciones econ\u00f3micas favorables, ya que arrastra una deuda heredada de mil 700 millones de pesos, con la administraci\u00f3n austera y la eliminaci\u00f3n de gastos superfluos se ha logrado una bolsa de 2 millones de pesos de recursos propios y sin deuda para apoyar a las y los comerciantes y artesanos en esta situaci\u00f3n de contingencia. Adem\u00e1s a\u00f1adi\u00f3 que instruy\u00f3 al gabinete econ\u00f3mico de Tonal\u00e1 para que preparen una propuesta de acciones para la reactivaci\u00f3n de la econom\u00eda para que, inmediatamente despu\u00e9s de superar la crisis, se implemente en el municipio.<\/p>\n<p style=\"font-weight: 400; text-align: justify;\">Estos apoyos se suman a las acciones que ha realizado el Gobierno Municipal bajo el programa Tonal\u00e1 Refuerza que pretende disminuir el impacto econ\u00f3mico para las familias tonaltecas, donde adem\u00e1s de los 2 mil apoyos directos se realizar\u00e1n descuentos y se eliminar\u00e1n multas, actualizaciones y recargos en todas las contribuciones municipales como impuestos, derechos, productos y aprovechamiento.<\/p>\n<p style=\"font-weight: 400; text-align: justify;\">Decreto:<\/p>\n<p style=\"font-weight: 400; text-align: justify;\">PRIMERO.- Se aprueba girar atenta y respetuosa solicitud al Honorable Congreso del Estado de Jalisco a fin de decretar, a favor de ciudadanos tonaltecas, lo siguiente:<\/p>\n<ol>\n<li style=\"font-weight: 400;\">La exenci\u00f3n del pago de actualizaciones y recargos por el pago extempor\u00e1neo de todo tipo contribuciones municipales, con excepci\u00f3n de multas, lo anterior en el periodo que comprende de enero a junio del presente ejercicio fiscal 2020;<\/li>\n<\/ol>\n<ol>\n<li style=\"font-weight: 400;\">La exenci\u00f3n del pago del derecho por el uso de piso a los comerciantes de los tianguis, de puestos semifijos y de espacios abiertos afectados por la suspensi\u00f3n de actividades comerciales no esenciales, correspondiente a los meses de abril y mayo de 2020;<\/li>\n<\/ol>\n<p style=\"font-weight: 400;\">III.\u00a0\u00a0\u00a0\u00a0\u00a0\u00a0\u00a0 El descuento en el pago del impuesto predial \u00fanicamente con relaci\u00f3n al ejercicio fiscal de 2020 a raz\u00f3n del 5%, durante los meses de mayo y junio de 2020; y<\/p>\n<ol start=\"2020\">\n<li style=\"font-weight: 400; text-align: justify;\">La exenci\u00f3n del pago de arrendamiento de los locales, en los mercados municipales para aquellos comerciantes afectados por la suspensi\u00f3n de actividades comerciales no esenciales, correspondiente a los meses de abril y mayo de 2020.<\/li>\n<\/ol>\n<p style=\"font-weight: 400; text-align: justify;\">Se propone que los beneficios fiscales no operar\u00e1n para efectos de devoluci\u00f3n respecto de aquellos que ya se hayan\u00a0 efectuado previo a la eventual aprobaci\u00f3n del decreto correspondiente emitido por el Honorable Congreso del Estado de Jalisco.<\/p>\n<p style=\"font-weight: 400; text-align: justify;\">SEGUNDO.- Se aprueba otorgar un apoyo econ\u00f3mico de $1,000.00 (Mil pesos M.N 00\/100) por \u00fanica ocasi\u00f3n a los siguientes comerciantes:<\/p>\n<ol>\n<li style=\"font-weight: 400;\">Tianguistas afectados por la suspensi\u00f3n de actividades comerciales no esenciales determinada por las autoridades sanitarias, atendiendo la emergencia sanitaria; y<\/li>\n<\/ol>\n<ol>\n<li style=\"font-weight: 400;\">Artesanos registrados en el padr\u00f3n con el que cuenta la Direcci\u00f3n de la Casa de Artesanos del Municipio.<\/li>\n<\/ol>\n<p style=\"font-weight: 400; text-align: justify;\">TERCERO.- Se instruye a la Direcci\u00f3n de Programas Estrat\u00e9gicos Municipales a efecto de que de inmediato elabore las reglas de operaci\u00f3n para otorgar el apoyo econ\u00f3mico se\u00f1alado en el punto de decreto precedente, mismas que deber\u00e1n remitirse a la Secretar\u00eda General para su publicaci\u00f3n en la Gaceta Municipal.<\/p>\n<p style=\"font-weight: 400; text-align: justify;\">Asimismo, en un mensaje que ofreci\u00f3 el presidente municipal en conjunto con regidoras y regidores del Ayuntamiento, se anunci\u00f3 que donar\u00e1n una quincena de su sueldo para la compra de despensas que ser\u00e1n entregadas a personas vulnerables del municipio, adem\u00e1s a esta invitaci\u00f3n realizada por el presidente municipal se han sumado funcionarios municipales de diferentes \u00e1reas y se pretende lograr al menos mil despensas que saldr\u00e1n de los donativos y que ser\u00e1n dirigidas a personas vulnerables.<\/p>\n<p style=\"text-align: center;\"><iframe style=\"border: none; overflow: hidden;\" src=\"https:\/\/www.facebook.com\/plugins\/video.php?href=https%3A%2F%2Fwww.facebook.com%2Fgobiernotonala%2Fvideos%2F2347596622216661%2F&amp;show_text=0&amp;width=560\" width=\"560\" height=\"315\" frameborder=\"0\" scrolling=\"no\" allowfullscreen=\"allowfullscreen\"><\/iframe><\/p>\n","protected":false},"excerpt":{"rendered":"<p>En sesi\u00f3n de Ayuntamiento se aprob\u00f3 el Decreto Municipal 498 que propuso el presidente municipal, Juan Antonio Gonz\u00e1lez, para destinar<\/p>\n","protected":false},"author":2,"featured_media":29920,"comment_status":"closed","ping_status":"open","sticky":false,"template":"","format":"standard","meta":{"colormag_page_container_layout":"default_layout","colormag_page_sidebar_layout":"default_layout","footnotes":""},"categories":[2,1],"tags":[],"class_list":["post-29913","post","type-post","status-publish","format-standard","has-post-thumbnail","hentry","category-comunicacion-social","category-uncategorized"],"_links":{"self":[{"href":"https:\/\/tonala.gob.mx\/portal\/wp-json\/wp\/v2\/posts\/29913","targetHints":{"allow":["GET"]}}],"collection":[{"href":"https:\/\/tonala.gob.mx\/portal\/wp-json\/wp\/v2\/posts"}],"about":[{"href":"https:\/\/tonala.gob.mx\/portal\/wp-json\/wp\/v2\/types\/post"}],"author":[{"embeddable":true,"href":"https:\/\/tonala.gob.mx\/portal\/wp-json\/wp\/v2\/users\/2"}],"replies":[{"embeddable":true,"href":"https:\/\/tonala.gob.mx\/portal\/wp-json\/wp\/v2\/comments?post=29913"}],"version-history":[{"count":8,"href":"https:\/\/tonala.gob.mx\/portal\/wp-json\/wp\/v2\/posts\/29913\/revisions"}],"predecessor-version":[{"id":30037,"href":"https:\/\/tonala.gob.mx\/portal\/wp-json\/wp\/v2\/posts\/29913\/revisions\/30037"}],"wp:featuredmedia":[{"embeddable":true,"href":"https:\/\/tonala.gob.mx\/portal\/wp-json\/wp\/v2\/media\/29920"}],"wp:attachment":[{"href":"https:\/\/tonala.gob.mx\/portal\/wp-json\/wp\/v2\/media?parent=29913"}],"wp:term":[{"taxonomy":"category","embeddable":true,"href":"https:\/\/tonala.gob.mx\/portal\/wp-json\/wp\/v2\/categories?post=29913"},{"taxonomy":"post_tag","embeddable":true,"href":"https:\/\/tonala.gob.mx\/portal\/wp-json\/wp\/v2\/tags?post=29913"}],"curies":[{"name":"wp","href":"https:\/\/api.w.org\/{rel}","templated":true}]}}