{"id":29885,"date":"2020-04-02T19:07:57","date_gmt":"2020-04-03T01:07:57","guid":{"rendered":"https:\/\/tonala.gob.mx\/portal\/?p=29885"},"modified":"2020-04-06T08:35:14","modified_gmt":"2020-04-06T14:35:14","slug":"anuncia-gobierno-de-tonala-dos-mil-apoyos-directos-para-comerciantes-y-artesanos","status":"publish","type":"post","link":"https:\/\/tonala.gob.mx\/portal\/2020\/04\/02\/anuncia-gobierno-de-tonala-dos-mil-apoyos-directos-para-comerciantes-y-artesanos\/","title":{"rendered":"Anuncia Gobierno de Tonal\u00e1 dos mil apoyos directos para comerciantes y artesanos"},"content":{"rendered":"<p style=\"font-weight: 400; text-align: justify;\">El presidente municipal, Juan Antonio Gonz\u00e1lez, anunci\u00f3 que para apoyar a las y los comerciantes y artesanos que no realizan una actividad catalogada como esencial, y que por la declaratoria de Emergencia Sanitaria del Covid-19 deber\u00e1n suspender sus actividades, se ofrecer\u00e1n 2 mil apoyos directos de mil pesos cada uno. Se\u00f1al\u00f3 que se est\u00e1 trabajando en las reglas de operaci\u00f3n y que la pr\u00f3xima semana estar\u00e1n listas para que las y los comerciantes y artesanos que lo necesiten para cubrir gastos esenciales puedan inscribirse a estos apoyos. Ser\u00e1n dos millones de pesos que se reasignar\u00e1n del presupuesto para estos apoyos, el presidente se\u00f1al\u00f3 que no se contratar\u00e1 deuda, sino que se seguir\u00e1 con una pol\u00edtica de austeridad y gastos esenciales para obtener este recurso.<\/p>\n<p style=\"font-weight: 400; text-align: justify;\">Asimismo, Juan Antonio Gonz\u00e1lez, indic\u00f3 que donar\u00e1 el sueldo de su pr\u00f3xima quincena e invitar\u00e1 a las y los regidores del Ayuntamiento y funcionarios de primer nivel a que se sumen a esta iniciativa para comprar despensas que ser\u00e1n entregadas a personas vulnerables. El presidente conf\u00eda en que se puedan comprar al menos 600 despensas que ayuden a los que menos tienen.<\/p>\n<p style=\"font-weight: 400; text-align: justify;\">El presidente municipal agradeci\u00f3 a las y los comerciantes que se han sumado a las medidas de prevenci\u00f3n, indic\u00f3 que se ha privilegiado el di\u00e1logo y reconoci\u00f3 su solidaridad para cuidar a sus familias y a sus clientes al suspender las actividades no esenciales. Este jueves, en el tianguis de la cabecera municipal, uno de los m\u00e1s importantes, solo se instalaron comerciantes que ofrecen productos alimenticios y con las medidas de prevenci\u00f3n adecuadas.<\/p>\n<p style=\"font-weight: 400;\">\n","protected":false},"excerpt":{"rendered":"<p>El presidente municipal, Juan Antonio Gonz\u00e1lez, anunci\u00f3 que para apoyar a las y los comerciantes y artesanos que no realizan<\/p>\n","protected":false},"author":2,"featured_media":29886,"comment_status":"closed","ping_status":"open","sticky":false,"template":"","format":"standard","meta":{"colormag_page_container_layout":"default_layout","colormag_page_sidebar_layout":"default_layout","footnotes":""},"categories":[2],"tags":[],"class_list":["post-29885","post","type-post","status-publish","format-standard","has-post-thumbnail","hentry","category-comunicacion-social"],"_links":{"self":[{"href":"https:\/\/tonala.gob.mx\/portal\/wp-json\/wp\/v2\/posts\/29885","targetHints":{"allow":["GET"]}}],"collection":[{"href":"https:\/\/tonala.gob.mx\/portal\/wp-json\/wp\/v2\/posts"}],"about":[{"href":"https:\/\/tonala.gob.mx\/portal\/wp-json\/wp\/v2\/types\/post"}],"author":[{"embeddable":true,"href":"https:\/\/tonala.gob.mx\/portal\/wp-json\/wp\/v2\/users\/2"}],"replies":[{"embeddable":true,"href":"https:\/\/tonala.gob.mx\/portal\/wp-json\/wp\/v2\/comments?post=29885"}],"version-history":[{"count":2,"href":"https:\/\/tonala.gob.mx\/portal\/wp-json\/wp\/v2\/posts\/29885\/revisions"}],"predecessor-version":[{"id":29906,"href":"https:\/\/tonala.gob.mx\/portal\/wp-json\/wp\/v2\/posts\/29885\/revisions\/29906"}],"wp:featuredmedia":[{"embeddable":true,"href":"https:\/\/tonala.gob.mx\/portal\/wp-json\/wp\/v2\/media\/29886"}],"wp:attachment":[{"href":"https:\/\/tonala.gob.mx\/portal\/wp-json\/wp\/v2\/media?parent=29885"}],"wp:term":[{"taxonomy":"category","embeddable":true,"href":"https:\/\/tonala.gob.mx\/portal\/wp-json\/wp\/v2\/categories?post=29885"},{"taxonomy":"post_tag","embeddable":true,"href":"https:\/\/tonala.gob.mx\/portal\/wp-json\/wp\/v2\/tags?post=29885"}],"curies":[{"name":"wp","href":"https:\/\/api.w.org\/{rel}","templated":true}]}}