{"id":29877,"date":"2020-03-31T16:45:08","date_gmt":"2020-03-31T22:45:08","guid":{"rendered":"https:\/\/tonala.gob.mx\/portal\/?p=29877"},"modified":"2020-04-02T16:50:46","modified_gmt":"2020-04-02T22:50:46","slug":"sesiona-el-ayuntamiento-de-tonala-con-estrictas-medidas-de-prevencion","status":"publish","type":"post","link":"https:\/\/tonala.gob.mx\/portal\/2020\/03\/31\/sesiona-el-ayuntamiento-de-tonala-con-estrictas-medidas-de-prevencion\/","title":{"rendered":"Sesiona el Ayuntamiento de Tonal\u00e1 con estrictas medidas de prevenci\u00f3n"},"content":{"rendered":"<p style=\"text-align: justify;\"><span lang=\"ES-TRAD\">Esta tarde, en Sesi\u00f3n Ordinaria de Ayuntamiento, el presidente municipal, Juan Antonio Gonz\u00e1lez Mora,\u00a0inform\u00f3 sobre las acciones preventivas que se han implementado en Tonal\u00e1<\/span><span lang=\"NL\">, en coordinaci<\/span><span lang=\"ES-TRAD\">\u00f3n con el Gobierno de Jalisco, en relaci\u00f3n a la contingencia mundial por coronavirus (COVID-19).<\/span><\/p>\n<p style=\"text-align: justify;\"><span lang=\"RU\">\u00ab<\/span><span lang=\"ES-TRAD\">Este es el momento id\u00f3neo para demostrar que en una l\u00f3gica de gobernanza se puede construir una contenci\u00f3n a esta situaci\u00f3n tan lamentable; con el esfuerzo de las y los ciudadanos, as\u00ed como de los tres \u00f3rdenes de gobierno, desde su respectivo marco de competencia, si todos hacemos lo que nos corresponde, vamos a mitigar los efectos de manera contundente\u00bb, se\u00f1al\u00f3.<\/span><\/p>\n<p style=\"text-align: center;\"><a href=\"https:\/\/tonala.gob.mx\/portal\/wp-content\/uploads\/2020\/04\/photo4909055651649529996.jpg\"><img fetchpriority=\"high\" decoding=\"async\" class=\"alignnone size-large wp-image-29878\" src=\"https:\/\/tonala.gob.mx\/portal\/wp-content\/uploads\/2020\/04\/photo4909055651649529996-1024x682.jpg\" alt=\"photo4909055651649529996\" width=\"800\" height=\"533\" srcset=\"https:\/\/tonala.gob.mx\/portal\/wp-content\/uploads\/2020\/04\/photo4909055651649529996-1024x682.jpg 1024w, https:\/\/tonala.gob.mx\/portal\/wp-content\/uploads\/2020\/04\/photo4909055651649529996-300x200.jpg 300w, https:\/\/tonala.gob.mx\/portal\/wp-content\/uploads\/2020\/04\/photo4909055651649529996-768x511.jpg 768w, https:\/\/tonala.gob.mx\/portal\/wp-content\/uploads\/2020\/04\/photo4909055651649529996.jpg 1280w\" sizes=\"(max-width: 800px) 100vw, 800px\" \/><\/a><\/p>\n<p style=\"text-align: justify;\"><span lang=\"PT\">Enunci<\/span><span lang=\"ES-TRAD\">\u00f3 que el 13 de marzo se instal\u00f3\u00a0<\/span><span lang=\"IT\">el Comit<\/span><span lang=\"FR\">\u00e9\u00a0<\/span><span lang=\"ES-TRAD\">E<\/span><span lang=\"PT\">jecutivo de\u00a0<\/span><span lang=\"ES-TRAD\">Emergencias de Salud de Tonal\u00e1, compuesto por \u00e1reas ejecutivas estrat<\/span><span lang=\"FR\">\u00e9<\/span><span lang=\"PT\">gicas,<\/span><span lang=\"ES-TRAD\">\u00a0para darle seguimiento al plan de acci\u00f3n que elabor\u00f3 la Direcci\u00f3n de Servicios M<\/span><span lang=\"FR\">\u00e9<\/span><span lang=\"ES-TRAD\">dicos Municipales para la atenci\u00f3n primaria de posibles casos sospechosos de contagio; se han adoptado<\/span><span lang=\"PT\">\u00a0medidas de prevenci<\/span><span lang=\"ES-TRAD\">\u00f3n en las oficinas del Gobierno Municipal reduciendo la atenci\u00f3n al p\u00fablico para evitar concentraciones de personas y priorizando que las y los trabajadores mayores a 60 a\u00f1os, embarazadas o con alguna enfermedad cr\u00f3nica permanezcan en sus casas; se han implementado 19 filtros sanitarios en las oficinas p\u00fa<\/span><span lang=\"PT\">blicas, as<\/span><span lang=\"ES-TRAD\">\u00ed como 15 filtros itinerantes en tianguis, mercados y centros comerciales; se implementaron cuadrillas para desinfecci\u00f3n espacios p\u00fablicos y mobiliario urbano, priorizando las zonas de mayor concurrencia y se ha instaurado una campa\u00f1a de comunicaci\u00f3n hacia la ciudadan\u00eda con la finalidad de que solo salga de su casa si es estrictamente necesario.<\/span><\/p>\n<p style=\"text-align: center;\"><a href=\"https:\/\/tonala.gob.mx\/portal\/wp-content\/uploads\/2020\/04\/photo4909055651649530018.jpg\"><img decoding=\"async\" class=\"alignnone size-large wp-image-29881\" src=\"https:\/\/tonala.gob.mx\/portal\/wp-content\/uploads\/2020\/04\/photo4909055651649530018-1024x682.jpg\" alt=\"photo4909055651649530018\" width=\"800\" height=\"533\" srcset=\"https:\/\/tonala.gob.mx\/portal\/wp-content\/uploads\/2020\/04\/photo4909055651649530018-1024x682.jpg 1024w, https:\/\/tonala.gob.mx\/portal\/wp-content\/uploads\/2020\/04\/photo4909055651649530018-300x200.jpg 300w, https:\/\/tonala.gob.mx\/portal\/wp-content\/uploads\/2020\/04\/photo4909055651649530018-768x511.jpg 768w, https:\/\/tonala.gob.mx\/portal\/wp-content\/uploads\/2020\/04\/photo4909055651649530018.jpg 1280w\" sizes=\"(max-width: 800px) 100vw, 800px\" \/><\/a><\/p>\n<p style=\"text-align: justify;\"><span lang=\"ES-TRAD\">El presidente tambi\u00e9n dio cuenta del di\u00e1logo permanente que se mantiene con representantes de las y los comerciantes, a quienes les agradeci\u00f3 la disposici\u00f3n y la solidaridad para adoptar medidas de prevenci\u00f3n que han dado resultado en el municipio.<\/span><\/p>\n<p style=\"text-align: justify;\"><span lang=\"ES-TRAD\">En la misma sesi\u00f3n, se aprob\u00f3 que el Ayuntamiento realice un exhorto a la Secretar\u00eda de Comunicaciones y Transportes del Gobierno de la Rep\u00fablica a fin de solicitarle analice la REVOCACI\u00d3<\/span><span lang=\"IT\">N del contrato de concesi<\/span><span lang=\"ES-TRAD\">\u00f3n federal para construir, operar, explotar, conservar y mantener por 30 (treinta) a\u00f1os los tramos carreteros de las autopistas Maravat\u00edo-Zapotlanejo y Guadalajara-Aguascalientes-<wbr \/>Le\u00f3n, esto como continuaci\u00f3n a los trabajos t\u00e9cnicos que se realizan desde el Gobierno de Tonal\u00e1 para lograr que se eliminen las casetas que han provocado una divisi\u00f3n urbana al interior del municipio y que representa un gasto para cientos de familias tonaltecas.<\/span><\/p>\n<p style=\"text-align: center;\"><a href=\"https:\/\/tonala.gob.mx\/portal\/wp-content\/uploads\/2020\/04\/photo4909055651649530001.jpg\"><img decoding=\"async\" class=\"alignnone size-large wp-image-29880\" src=\"https:\/\/tonala.gob.mx\/portal\/wp-content\/uploads\/2020\/04\/photo4909055651649530001-1024x682.jpg\" alt=\"photo4909055651649530001\" width=\"800\" height=\"533\" srcset=\"https:\/\/tonala.gob.mx\/portal\/wp-content\/uploads\/2020\/04\/photo4909055651649530001-1024x682.jpg 1024w, https:\/\/tonala.gob.mx\/portal\/wp-content\/uploads\/2020\/04\/photo4909055651649530001-300x200.jpg 300w, https:\/\/tonala.gob.mx\/portal\/wp-content\/uploads\/2020\/04\/photo4909055651649530001-768x511.jpg 768w, https:\/\/tonala.gob.mx\/portal\/wp-content\/uploads\/2020\/04\/photo4909055651649530001.jpg 1280w\" sizes=\"(max-width: 800px) 100vw, 800px\" \/><\/a><\/p>\n<p style=\"text-align: justify;\"><span lang=\"ES-TRAD\">\u00abNo vamos a quitar el dedo del rengl\u00f3n en este tema, por el contrario, vamos agotar todas las posibilidades para solucionar esta problem\u00e1tica, quiero decirlo claramente: es prioridad para nosotros el retiro de las casetas de cobro o cuota porque las mismas implican una restricci\u00f3n a la garant\u00eda de libre tr\u00e1nsito, consagrada en la Constituci\u00f3n y a la cual los Mexicanos tenemos derecho sin distinci\u00f3n alguna\u00bb, se\u00f1al\u00f3 el presidente municipal, Juan Antonio Gonz\u00e1lez.<\/span><\/p>\n<p style=\"text-align: justify;\"><span lang=\"ES-TRAD\">Tambi<\/span><span lang=\"FR\">\u00e9<\/span><span lang=\"ES-TRAD\">n se aprob\u00f3 que dependencias municipales se coordinen para llevar a cabo un programa a fin de verificar que la publicidad comercial donde se oferten lotes, terrenos, predios o fincas se haga la debida referencia a la licencia, permiso o autorizaci\u00f3n del Ayuntamiento, a fin de evitar la enajenaci\u00f3n irregular de los mismos.<\/span><\/p>\n<p style=\"text-align: center;\"><a href=\"https:\/\/tonala.gob.mx\/portal\/wp-content\/uploads\/2020\/04\/photo4909055651649529999.jpg\"><img loading=\"lazy\" decoding=\"async\" class=\"alignnone size-large wp-image-29879\" src=\"https:\/\/tonala.gob.mx\/portal\/wp-content\/uploads\/2020\/04\/photo4909055651649529999-1024x682.jpg\" alt=\"photo4909055651649529999\" width=\"800\" height=\"533\" srcset=\"https:\/\/tonala.gob.mx\/portal\/wp-content\/uploads\/2020\/04\/photo4909055651649529999-1024x682.jpg 1024w, https:\/\/tonala.gob.mx\/portal\/wp-content\/uploads\/2020\/04\/photo4909055651649529999-300x200.jpg 300w, https:\/\/tonala.gob.mx\/portal\/wp-content\/uploads\/2020\/04\/photo4909055651649529999-768x511.jpg 768w, https:\/\/tonala.gob.mx\/portal\/wp-content\/uploads\/2020\/04\/photo4909055651649529999.jpg 1280w\" sizes=\"(max-width: 800px) 100vw, 800px\" \/><\/a><\/p>\n","protected":false},"excerpt":{"rendered":"<p>Esta tarde, en Sesi\u00f3n Ordinaria de Ayuntamiento, el presidente municipal, Juan Antonio Gonz\u00e1lez Mora,\u00a0inform\u00f3 sobre las acciones preventivas que se<\/p>\n","protected":false},"author":2,"featured_media":29878,"comment_status":"closed","ping_status":"open","sticky":false,"template":"","format":"standard","meta":{"colormag_page_container_layout":"default_layout","colormag_page_sidebar_layout":"default_layout","footnotes":""},"categories":[2],"tags":[],"class_list":["post-29877","post","type-post","status-publish","format-standard","has-post-thumbnail","hentry","category-comunicacion-social"],"_links":{"self":[{"href":"https:\/\/tonala.gob.mx\/portal\/wp-json\/wp\/v2\/posts\/29877","targetHints":{"allow":["GET"]}}],"collection":[{"href":"https:\/\/tonala.gob.mx\/portal\/wp-json\/wp\/v2\/posts"}],"about":[{"href":"https:\/\/tonala.gob.mx\/portal\/wp-json\/wp\/v2\/types\/post"}],"author":[{"embeddable":true,"href":"https:\/\/tonala.gob.mx\/portal\/wp-json\/wp\/v2\/users\/2"}],"replies":[{"embeddable":true,"href":"https:\/\/tonala.gob.mx\/portal\/wp-json\/wp\/v2\/comments?post=29877"}],"version-history":[{"count":1,"href":"https:\/\/tonala.gob.mx\/portal\/wp-json\/wp\/v2\/posts\/29877\/revisions"}],"predecessor-version":[{"id":29882,"href":"https:\/\/tonala.gob.mx\/portal\/wp-json\/wp\/v2\/posts\/29877\/revisions\/29882"}],"wp:featuredmedia":[{"embeddable":true,"href":"https:\/\/tonala.gob.mx\/portal\/wp-json\/wp\/v2\/media\/29878"}],"wp:attachment":[{"href":"https:\/\/tonala.gob.mx\/portal\/wp-json\/wp\/v2\/media?parent=29877"}],"wp:term":[{"taxonomy":"category","embeddable":true,"href":"https:\/\/tonala.gob.mx\/portal\/wp-json\/wp\/v2\/categories?post=29877"},{"taxonomy":"post_tag","embeddable":true,"href":"https:\/\/tonala.gob.mx\/portal\/wp-json\/wp\/v2\/tags?post=29877"}],"curies":[{"name":"wp","href":"https:\/\/api.w.org\/{rel}","templated":true}]}}