{"id":28681,"date":"2019-11-06T11:51:52","date_gmt":"2019-11-06T17:51:52","guid":{"rendered":"http:\/\/tonala.gob.mx\/portal\/?p=28681"},"modified":"2019-11-07T13:43:36","modified_gmt":"2019-11-07T19:43:36","slug":"mil-500-beneficiarios-del-programa-mi-pasaje-en-tonala","status":"publish","type":"post","link":"https:\/\/tonala.gob.mx\/portal\/2019\/11\/06\/mil-500-beneficiarios-del-programa-mi-pasaje-en-tonala\/","title":{"rendered":"Mil 500 beneficiarios del programa Mi Pasaje en Tonal\u00e1"},"content":{"rendered":"<div class=\"gmail_default\">\n<p style=\"text-align: justify;\"><span lang=\"ES-TRAD\">El Gobierno de Tonal\u00e1\u00a0<\/span><span lang=\"NL\">en coordinaci<\/span><span lang=\"ES-TRAD\">\u00f3n con la Secretar\u00eda de Desarrollo e Integraci\u00f3n Social del Gobierno de Jalisco, hizo la entrega del apoyo Mi Pasaje a mil 500 beneficiarios y beneficiarias entre estudiantes, adultos mayores y personas con discapacidad del municipio de Tonal\u00e1<\/span><span lang=\"DE\">.<\/span><\/p>\n<p><a href=\"https:\/\/tonala.gob.mx\/portal\/wp-content\/uploads\/2019\/11\/photo_2019-11-07-09.51.16-1.jpg\"><img fetchpriority=\"high\" decoding=\"async\" class=\"alignnone size-full wp-image-28689 aligncenter\" src=\"https:\/\/tonala.gob.mx\/portal\/wp-content\/uploads\/2019\/11\/photo_2019-11-07-09.51.16-1.jpg\" alt=\"photo_2019-11-07 09.51.16\" width=\"667\" height=\"445\" srcset=\"https:\/\/tonala.gob.mx\/portal\/wp-content\/uploads\/2019\/11\/photo_2019-11-07-09.51.16-1.jpg 667w, https:\/\/tonala.gob.mx\/portal\/wp-content\/uploads\/2019\/11\/photo_2019-11-07-09.51.16-1-300x200.jpg 300w\" sizes=\"(max-width: 667px) 100vw, 667px\" \/><\/a><\/p>\n<p style=\"text-align: justify;\"><span lang=\"ES-TRAD\">Durante la entrega, en representaci\u00f3n del presidente municipal, Juan Antonio Gonz\u00e1lez Mora, el Secretario General, Manuel Salvador Romero Cueva, enfatiz\u00f3 en el beneficio que tiene el programa Mi Pasaje y que fortalece la econom\u00eda familiar de las y los tonaltecas.<\/span><\/p>\n<p><span lang=\"ES-TRAD\">\u201cEmpezar a ver a Tonal\u00e1 como un municipio metropolitano es la consigna del presidente municipal Juan Antonio Gonz\u00e1lez, y la instrucci\u00f3n es que todos trabajemos arduamente para llevar a este municipio a esa condici\u00f3n. Y hoy esta solidaridad de la Subsecretar\u00eda y del Gobernador, demuestran que vamos por la ruta correcta\u201d<\/span><span lang=\"DE\">, reiter<\/span><span lang=\"ES-TRAD\">\u00f3.<\/span><\/p>\n<p style=\"text-align: justify;\"><span lang=\"ES-TRAD\">Por su parte, el director\u00a0 de Programas Estatales de la Subsecretar\u00ed<\/span><span lang=\"DE\">a de Gesti<\/span><span lang=\"ES-TRAD\">\u00f3n Integral de Recursos y Programas Sociales, \u00d3<\/span><span lang=\"DE\">scar P<\/span><span lang=\"ES-TRAD\">\u00e9<\/span><span lang=\"PT\">rez Flores, resalt<\/span><span lang=\"ES-TRAD\">\u00f3 que los apoyos de Mi Pasaje que se entregaron fueron fruto de la gesti\u00f3n del presidente municipal, Juan Antonio Gonz\u00e1<\/span><span lang=\"DE\">lez,\u00a0<\/span><span lang=\"ES-TRAD\">\u201clos invito a que hagan buen uso del programa, nosotros estaremos encantados de casarnos con ustedes los pr\u00f3<\/span><span lang=\"PT\">ximos seis a<\/span><span lang=\"ES-TRAD\">\u00f1os para que tengan su apoyo, Tonal\u00e1 cuenta hoy con mil 500 espacios del programa\u201d, coment\u00f3<\/span><span lang=\"DE\">.<\/span><\/p>\n<p style=\"text-align: center;\"><a href=\"https:\/\/tonala.gob.mx\/portal\/wp-content\/uploads\/2019\/11\/IMG_4967-1.jpg\"><img decoding=\"async\" class=\"alignnone size-full wp-image-28688\" src=\"https:\/\/tonala.gob.mx\/portal\/wp-content\/uploads\/2019\/11\/IMG_4967-1.jpg\" alt=\"IMG_4967\" width=\"667\" height=\"445\" srcset=\"https:\/\/tonala.gob.mx\/portal\/wp-content\/uploads\/2019\/11\/IMG_4967-1.jpg 667w, https:\/\/tonala.gob.mx\/portal\/wp-content\/uploads\/2019\/11\/IMG_4967-1-300x200.jpg 300w\" sizes=\"(max-width: 667px) 100vw, 667px\" \/><\/a><\/p>\n<p style=\"text-align: justify;\"><span lang=\"ES-TRAD\">En ese sentido, la alumna de bachillerato t\u00e9cnico en Turismo y beneficiara de Mi Pasaje, Mar\u00ed<\/span><span lang=\"IT\">a del Carmen Mac<\/span><span lang=\"ES-TRAD\">\u00edas, expres\u00f3 que este apoyo es muy significativo para ella y su familia, ya que representa el costo del transporte p\u00fablico lo que lo vuelve determinante en la vida de las y los j\u00f3venes para continuar con sus estudios, \u201cesta gran oportunidad que nos brindan de tener un enfoque m\u00e1s profundo en nuestros estudios con una preocupaci\u00f3<\/span><span lang=\"DE\">n econ<\/span><span lang=\"ES-TRAD\">\u00f3mica menos\u201d<\/span><span lang=\"DE\">, finaliz<\/span><span lang=\"ES-TRAD\">\u00f3<\/span><span lang=\"DE\">.<\/span><\/p>\n<p><a href=\"https:\/\/tonala.gob.mx\/portal\/wp-content\/uploads\/2019\/11\/IMG_4868-1.jpg\"><img decoding=\"async\" class=\"alignnone size-full wp-image-28686 aligncenter\" src=\"https:\/\/tonala.gob.mx\/portal\/wp-content\/uploads\/2019\/11\/IMG_4868-1.jpg\" alt=\"IMG_4868\" width=\"668\" height=\"445\" srcset=\"https:\/\/tonala.gob.mx\/portal\/wp-content\/uploads\/2019\/11\/IMG_4868-1.jpg 668w, https:\/\/tonala.gob.mx\/portal\/wp-content\/uploads\/2019\/11\/IMG_4868-1-300x200.jpg 300w\" sizes=\"(max-width: 668px) 100vw, 668px\" \/><\/a><\/p>\n<p style=\"text-align: justify;\"><span lang=\"ES-TRAD\">Asimismo, en representaci\u00f3<\/span><span lang=\"IT\">n del Subsecretario de Gesti<\/span><span lang=\"ES-TRAD\">\u00f3n Integral de Recursos y Programas Sociales,\u00a0<\/span><span lang=\"DE\">Ram<\/span><span lang=\"ES-TRAD\">\u00f3<\/span><span lang=\"IT\">n Demetrio Guerrero Mart<\/span><span lang=\"ES-TRAD\">\u00ed<\/span><span lang=\"DE\">nez, Jos<\/span><span lang=\"ES-TRAD\">\u00e9\u00a0<\/span><span lang=\"DE\">Nu<\/span><span lang=\"ES-TRAD\">\u00f1<\/span><span lang=\"DE\">o Guzman, se<\/span><span lang=\"ES-TRAD\">\u00f1<\/span><span lang=\"DE\">al<\/span><span lang=\"ES-TRAD\">\u00f3 que la movilidad debe ser un derecho social as\u00ed como lo es la educaci\u00f3n y la salud, \u201c el programa Mi Pasaje es un eje articulador de la refundaci\u00f3n, esta pol\u00ed<\/span><span lang=\"IT\">tica p<\/span><span lang=\"ES-TRAD\">\u00fablica busca apoyar a la poblaci\u00f3<\/span><span lang=\"DE\">n m<\/span><span lang=\"ES-TRAD\">\u00e1s vulnerable\u201d<\/span><span lang=\"DE\">, finaliz<\/span><span lang=\"ES-TRAD\">\u00f3<\/span><span lang=\"DE\">.<\/span><\/p>\n<\/div>\n<div class=\"gmail_default\">LINK DE VIDEOS\u00a0<strong><span style=\"color: #800000;\"><a style=\"color: #800000;\" href=\"https:\/\/we.tl\/t-xjL2W1R5Kr\" target=\"_blank\" data-saferedirecturl=\"https:\/\/www.google.com\/url?q=https:\/\/we.tl\/t-xjL2W1R5Kr&amp;source=gmail&amp;ust=1573226947442000&amp;usg=AFQjCNGlYBMX1XqzoXbfm5MSbAmISmAA8Q\">https:\/\/we.tl\/t-<wbr \/>xjL2W1R5Kr<\/a><\/span><\/strong><\/div>\n","protected":false},"excerpt":{"rendered":"<p>El Gobierno de Tonal\u00e1\u00a0en coordinaci\u00f3n con la Secretar\u00eda de Desarrollo e Integraci\u00f3n Social del Gobierno de Jalisco, hizo la entrega<\/p>\n","protected":false},"author":2,"featured_media":28694,"comment_status":"closed","ping_status":"open","sticky":false,"template":"","format":"standard","meta":{"colormag_page_container_layout":"default_layout","colormag_page_sidebar_layout":"default_layout","footnotes":""},"categories":[2],"tags":[],"class_list":["post-28681","post","type-post","status-publish","format-standard","has-post-thumbnail","hentry","category-comunicacion-social"],"_links":{"self":[{"href":"https:\/\/tonala.gob.mx\/portal\/wp-json\/wp\/v2\/posts\/28681","targetHints":{"allow":["GET"]}}],"collection":[{"href":"https:\/\/tonala.gob.mx\/portal\/wp-json\/wp\/v2\/posts"}],"about":[{"href":"https:\/\/tonala.gob.mx\/portal\/wp-json\/wp\/v2\/types\/post"}],"author":[{"embeddable":true,"href":"https:\/\/tonala.gob.mx\/portal\/wp-json\/wp\/v2\/users\/2"}],"replies":[{"embeddable":true,"href":"https:\/\/tonala.gob.mx\/portal\/wp-json\/wp\/v2\/comments?post=28681"}],"version-history":[{"count":2,"href":"https:\/\/tonala.gob.mx\/portal\/wp-json\/wp\/v2\/posts\/28681\/revisions"}],"predecessor-version":[{"id":28691,"href":"https:\/\/tonala.gob.mx\/portal\/wp-json\/wp\/v2\/posts\/28681\/revisions\/28691"}],"wp:featuredmedia":[{"embeddable":true,"href":"https:\/\/tonala.gob.mx\/portal\/wp-json\/wp\/v2\/media\/28694"}],"wp:attachment":[{"href":"https:\/\/tonala.gob.mx\/portal\/wp-json\/wp\/v2\/media?parent=28681"}],"wp:term":[{"taxonomy":"category","embeddable":true,"href":"https:\/\/tonala.gob.mx\/portal\/wp-json\/wp\/v2\/categories?post=28681"},{"taxonomy":"post_tag","embeddable":true,"href":"https:\/\/tonala.gob.mx\/portal\/wp-json\/wp\/v2\/tags?post=28681"}],"curies":[{"name":"wp","href":"https:\/\/api.w.org\/{rel}","templated":true}]}}