{"id":28633,"date":"2019-11-01T10:15:33","date_gmt":"2019-11-01T16:15:33","guid":{"rendered":"http:\/\/tonala.gob.mx\/portal\/?p=28633"},"modified":"2019-11-04T10:25:59","modified_gmt":"2019-11-04T16:25:59","slug":"gobierno-de-tonala-celebra-fiesta-de-las-calaveras-con-mas-de-12-mil-asistentes","status":"publish","type":"post","link":"https:\/\/tonala.gob.mx\/portal\/2019\/11\/01\/gobierno-de-tonala-celebra-fiesta-de-las-calaveras-con-mas-de-12-mil-asistentes\/","title":{"rendered":"Gobierno de Tonal\u00e1 celebra fiesta de las calaveras con m\u00e1s de 12 mil asistentes"},"content":{"rendered":"<p style=\"text-align: justify;\">La noche de ayer, las calles del Centro Hist\u00f3rico de Tonal\u00e1 se llenaron de alegr\u00eda al celebrarse el Gran Desfile del Segundo Festival de las Calaveras 2019, que reuni\u00f3 a m\u00e1s de 12 mil asistentes, ciudadanos y ciudadanas que salieron de sus casas para vivir la magia de esta bella tradici\u00f3n del municipio.<\/p>\n<p style=\"text-align: center;\"><a href=\"https:\/\/tonala.gob.mx\/portal\/wp-content\/uploads\/2019\/11\/IMG_4156-1.jpg\"><img fetchpriority=\"high\" decoding=\"async\" class=\"alignnone size-full wp-image-28641\" src=\"https:\/\/tonala.gob.mx\/portal\/wp-content\/uploads\/2019\/11\/IMG_4156-1.jpg\" alt=\"IMG_4156\" width=\"668\" height=\"445\" srcset=\"https:\/\/tonala.gob.mx\/portal\/wp-content\/uploads\/2019\/11\/IMG_4156-1.jpg 668w, https:\/\/tonala.gob.mx\/portal\/wp-content\/uploads\/2019\/11\/IMG_4156-1-300x200.jpg 300w\" sizes=\"(max-width: 668px) 100vw, 668px\" \/><\/a><\/p>\n<p style=\"text-align: justify;\">Con m\u00fasica, carros aleg\u00f3ricos, personas caracterizadas de catrinas y calaveras, recorrieron la ruta del desfile que comenz\u00f3 en el Cerro de la Reina para seguir por la Plaza Cihualpilli y terminar en el Andador Guardianes de la Reina, donde se celebr\u00f3 una verbena popular con juegos mec\u00e1nicos, espect\u00e1culo art\u00edstico y la premiaci\u00f3n del concurso de Catrinas y Gala Infantil de Catrinas.<\/p>\n<p style=\"text-align: justify;\">El presidente municipal, Juan Antonio Gonz\u00e1lez Mora, se\u00f1al\u00f3 que la grandeza de Tonal\u00e1 est\u00e1 en su gente y tradiciones, reiter\u00f3 que este segundo Festival de las Calaveras es un momento propicio para que las y los ciudadanos se vuelvan\u00a0apropiar de los espacios p\u00fablicos.<\/p>\n<p style=\"text-align: center;\"><a href=\"https:\/\/tonala.gob.mx\/portal\/wp-content\/uploads\/2019\/11\/IMG_4220-1.jpg\"><img decoding=\"async\" class=\"alignnone size-full wp-image-28642\" src=\"https:\/\/tonala.gob.mx\/portal\/wp-content\/uploads\/2019\/11\/IMG_4220-1.jpg\" alt=\"IMG_4220\" width=\"668\" height=\"445\" srcset=\"https:\/\/tonala.gob.mx\/portal\/wp-content\/uploads\/2019\/11\/IMG_4220-1.jpg 668w, https:\/\/tonala.gob.mx\/portal\/wp-content\/uploads\/2019\/11\/IMG_4220-1-300x200.jpg 300w\" sizes=\"(max-width: 668px) 100vw, 668px\" \/><\/a><\/p>\n<p style=\"text-align: justify;\">\u201cEstamos muy contentos de lo que estamos logrando que los ciudadanos nos estemos apropiando de estos espacios p\u00fablicos, s\u00f3lo as\u00ed vamos a regresarle a Tonal\u00e1 esa grandeza, ese municipio que durante a\u00f1os estuvo disminuido en materia cultural e hist\u00f3rica, quiero decirles que somos un municipio con relevancia estatal, no dejemos de participar, todos y cada uno de ustedes son responsables de que Tonal\u00e1 resurja\u201d, reiter\u00f3.<\/p>\n<p style=\"text-align: center;\"><a href=\"https:\/\/tonala.gob.mx\/portal\/wp-content\/uploads\/2019\/11\/IMG_4128-1.jpg\"><img decoding=\"async\" class=\"alignnone size-full wp-image-28640\" src=\"https:\/\/tonala.gob.mx\/portal\/wp-content\/uploads\/2019\/11\/IMG_4128-1.jpg\" alt=\"IMG_4128\" width=\"668\" height=\"445\" srcset=\"https:\/\/tonala.gob.mx\/portal\/wp-content\/uploads\/2019\/11\/IMG_4128-1.jpg 668w, https:\/\/tonala.gob.mx\/portal\/wp-content\/uploads\/2019\/11\/IMG_4128-1-300x200.jpg 300w\" sizes=\"(max-width: 668px) 100vw, 668px\" \/><\/a><\/p>\n<p style=\"text-align: justify;\">Despu\u00e9s del Gran Desfile se hizo entrega de manos del presidente municipal, Juan Antonio Gonz\u00e1lez y la diputada federal, Priscilla Gonz\u00e1lez Garc\u00eda, de los premios del concurso de Catrinas y Gala Infantil de Catrinas a las ganadoras del primero, segundo y tercer lugar, con un incentivo econ\u00f3mico de 5 mil, 3 mil y 2 mil pesos, respectivamente.<\/p>\n<p style=\"text-align: justify;\">El d\u00eda de hoy contin\u00faan las actividades del segundo Festival de las Calaveras 2019, a partir de las 17:00 horas con talleres de exhibici\u00f3n, presentaci\u00f3n de obra de teatro, representaci\u00f3n de ballet cl\u00e1sico, pasarela de catrinas y una presentaci\u00f3n de mariachi en la explanada del Andador Guardianes de la Reina en Tonal\u00e1.<\/p>\n<p style=\"text-align: center;\"><a href=\"https:\/\/tonala.gob.mx\/portal\/wp-content\/uploads\/2019\/11\/photo_2019-11-04-10.10.49.jpg\"><img loading=\"lazy\" decoding=\"async\" class=\"alignnone size-large wp-image-28638\" src=\"https:\/\/tonala.gob.mx\/portal\/wp-content\/uploads\/2019\/11\/photo_2019-11-04-10.10.49-1024x698.jpg\" alt=\"photo_2019-11-04 10.10.49\" width=\"800\" height=\"545\" srcset=\"https:\/\/tonala.gob.mx\/portal\/wp-content\/uploads\/2019\/11\/photo_2019-11-04-10.10.49-1024x698.jpg 1024w, https:\/\/tonala.gob.mx\/portal\/wp-content\/uploads\/2019\/11\/photo_2019-11-04-10.10.49-300x204.jpg 300w, https:\/\/tonala.gob.mx\/portal\/wp-content\/uploads\/2019\/11\/photo_2019-11-04-10.10.49-768x523.jpg 768w, https:\/\/tonala.gob.mx\/portal\/wp-content\/uploads\/2019\/11\/photo_2019-11-04-10.10.49-130x90.jpg 130w, https:\/\/tonala.gob.mx\/portal\/wp-content\/uploads\/2019\/11\/photo_2019-11-04-10.10.49.jpg 1080w\" sizes=\"(max-width: 800px) 100vw, 800px\" \/><\/a><\/p>\n","protected":false},"excerpt":{"rendered":"<p>La noche de ayer, las calles del Centro Hist\u00f3rico de Tonal\u00e1 se llenaron de alegr\u00eda al celebrarse el Gran Desfile<\/p>\n","protected":false},"author":2,"featured_media":28639,"comment_status":"closed","ping_status":"open","sticky":false,"template":"","format":"standard","meta":{"colormag_page_container_layout":"default_layout","colormag_page_sidebar_layout":"default_layout","footnotes":""},"categories":[2,4],"tags":[],"class_list":["post-28633","post","type-post","status-publish","format-standard","has-post-thumbnail","hentry","category-comunicacion-social","category-eventos"],"_links":{"self":[{"href":"https:\/\/tonala.gob.mx\/portal\/wp-json\/wp\/v2\/posts\/28633","targetHints":{"allow":["GET"]}}],"collection":[{"href":"https:\/\/tonala.gob.mx\/portal\/wp-json\/wp\/v2\/posts"}],"about":[{"href":"https:\/\/tonala.gob.mx\/portal\/wp-json\/wp\/v2\/types\/post"}],"author":[{"embeddable":true,"href":"https:\/\/tonala.gob.mx\/portal\/wp-json\/wp\/v2\/users\/2"}],"replies":[{"embeddable":true,"href":"https:\/\/tonala.gob.mx\/portal\/wp-json\/wp\/v2\/comments?post=28633"}],"version-history":[{"count":1,"href":"https:\/\/tonala.gob.mx\/portal\/wp-json\/wp\/v2\/posts\/28633\/revisions"}],"predecessor-version":[{"id":28643,"href":"https:\/\/tonala.gob.mx\/portal\/wp-json\/wp\/v2\/posts\/28633\/revisions\/28643"}],"wp:featuredmedia":[{"embeddable":true,"href":"https:\/\/tonala.gob.mx\/portal\/wp-json\/wp\/v2\/media\/28639"}],"wp:attachment":[{"href":"https:\/\/tonala.gob.mx\/portal\/wp-json\/wp\/v2\/media?parent=28633"}],"wp:term":[{"taxonomy":"category","embeddable":true,"href":"https:\/\/tonala.gob.mx\/portal\/wp-json\/wp\/v2\/categories?post=28633"},{"taxonomy":"post_tag","embeddable":true,"href":"https:\/\/tonala.gob.mx\/portal\/wp-json\/wp\/v2\/tags?post=28633"}],"curies":[{"name":"wp","href":"https:\/\/api.w.org\/{rel}","templated":true}]}}