{"id":28606,"date":"2019-10-30T10:36:17","date_gmt":"2019-10-30T16:36:17","guid":{"rendered":"http:\/\/tonala.gob.mx\/portal\/?p=28606"},"modified":"2019-10-31T10:42:47","modified_gmt":"2019-10-31T16:42:47","slug":"tonala-se-alista-con-operativo-para-dia-de-muertos-se-estima-la-visita-de-50-mil-visitantes-en-los-nueve-cementerios","status":"publish","type":"post","link":"https:\/\/tonala.gob.mx\/portal\/2019\/10\/30\/tonala-se-alista-con-operativo-para-dia-de-muertos-se-estima-la-visita-de-50-mil-visitantes-en-los-nueve-cementerios\/","title":{"rendered":"Tonal\u00e1 se alista con operativo para D\u00eda de Muertos; se estima la visita de 50 mil visitantes en los nueve cementerios"},"content":{"rendered":"<p style=\"text-align: justify;\"><span lang=\"ES-TRAD\">El Gobierno de Tonal<\/span><span lang=\"DE\">\u00e1\u00a0<\/span><span lang=\"ES-TRAD\">se declara listo con un operativo para el D<\/span><span lang=\"DE\">\u00ed<\/span><span lang=\"ES-TRAD\">a de Muertos 2019, con el que se garantizar\u00e1 seguridad y espacios limpios para las familias que visiten a sus difuntos, en los nueve cementerios del municipio los d<\/span><span lang=\"DE\">\u00ed<\/span><span lang=\"ES-TRAD\">as 01, 02 y 03 de noviembre de 7:00 a las 19:00 horas, adem<\/span><span lang=\"DE\">\u00e1s<\/span><span lang=\"ES-TRAD\">\u00a0contar\u00e1 con\u00a0<\/span><span lang=\"PT\">actividades culturales\u00a0<\/span><span lang=\"ES-TRAD\">del segundo Festival de las Calaveras.<\/span><\/p>\n<p style=\"text-align: center;\"><a href=\"https:\/\/tonala.gob.mx\/portal\/wp-content\/uploads\/2019\/10\/photo_2019-10-31-10.34.59.jpg\"><img fetchpriority=\"high\" decoding=\"async\" class=\"alignnone size-large wp-image-28610\" src=\"https:\/\/tonala.gob.mx\/portal\/wp-content\/uploads\/2019\/10\/photo_2019-10-31-10.34.59-1024x682.jpg\" alt=\"photo_2019-10-31 10.34.59\" width=\"800\" height=\"533\" srcset=\"https:\/\/tonala.gob.mx\/portal\/wp-content\/uploads\/2019\/10\/photo_2019-10-31-10.34.59-1024x682.jpg 1024w, https:\/\/tonala.gob.mx\/portal\/wp-content\/uploads\/2019\/10\/photo_2019-10-31-10.34.59-300x200.jpg 300w, https:\/\/tonala.gob.mx\/portal\/wp-content\/uploads\/2019\/10\/photo_2019-10-31-10.34.59-768x512.jpg 768w, https:\/\/tonala.gob.mx\/portal\/wp-content\/uploads\/2019\/10\/photo_2019-10-31-10.34.59.jpg 1280w\" sizes=\"(max-width: 800px) 100vw, 800px\" \/><\/a><\/p>\n<p style=\"text-align: justify;\"><span lang=\"ES-TRAD\">Para garantizar la seguridad de los m<\/span><span lang=\"DE\">\u00e1<\/span><span lang=\"ES-TRAD\">s de 50 mil visitantes que se esperan acudan a los panteones se realizaron trabajos de mantenimiento y limpieza, adem<\/span><span lang=\"DE\">\u00e1<\/span><span lang=\"ES-TRAD\">s las direcciones de Protecci<\/span><span lang=\"DE\">\u00f3<\/span><span lang=\"ES-TRAD\">n Civil y Bomberos, Comisar<\/span><span lang=\"DE\">\u00ed<\/span><span lang=\"ES-TRAD\">a de Seguridad P<\/span><span lang=\"DE\">\u00fa<\/span><span lang=\"ES-TRAD\">blica, Servicios M<\/span><span lang=\"DE\">\u00e9<\/span><span lang=\"ES-TRAD\">dicos y la Jefatura de Cementerios, desplegar<\/span><span lang=\"DE\">\u00e1<\/span><span lang=\"ES-TRAD\">n un operativo con elementos y equipo humano con el prop<\/span><span lang=\"DE\">\u00f3<\/span><span lang=\"ES-TRAD\">sito de prevenir y, en su caso, intervenir ante posibles accidentes o incidencias de riesgo durante el desarrollo de las visitas y los eventos programados.<\/span><\/p>\n<p style=\"text-align: justify;\"><span lang=\"ES-TRAD\">Se emitieron una serie de recomendaciones a la ciudadan\u00eda, por ejemplo: no ingerir ni introducir bebidas alcoh\u00f3licas a los panteones, vigilar a los menores de edad, usar sombrillas o gorras para evitar insolaci\u00f3n, usar protector solar, mantenerse hidratados y, en caso de presentar alg\u00fan incidente, llamar a los tel\u00e9fonos de emergencia del municipio que son 911; Comisar\u00eda de Seguridad al 3320999264 y Protecci\u00f3n Civil al 12 00 3930, 31 y 18.<\/span><\/p>\n<p><span lang=\"DE\"><a href=\"https:\/\/tonala.gob.mx\/portal\/wp-content\/uploads\/2019\/10\/photo_2019-10-31-10.34.24.jpg\"><img decoding=\"async\" class=\"alignnone size-large wp-image-28608\" src=\"https:\/\/tonala.gob.mx\/portal\/wp-content\/uploads\/2019\/10\/photo_2019-10-31-10.34.24-1024x682.jpg\" alt=\"photo_2019-10-31 10.34.24\" width=\"800\" height=\"533\" srcset=\"https:\/\/tonala.gob.mx\/portal\/wp-content\/uploads\/2019\/10\/photo_2019-10-31-10.34.24-1024x682.jpg 1024w, https:\/\/tonala.gob.mx\/portal\/wp-content\/uploads\/2019\/10\/photo_2019-10-31-10.34.24-300x200.jpg 300w, https:\/\/tonala.gob.mx\/portal\/wp-content\/uploads\/2019\/10\/photo_2019-10-31-10.34.24-768x512.jpg 768w, https:\/\/tonala.gob.mx\/portal\/wp-content\/uploads\/2019\/10\/photo_2019-10-31-10.34.24.jpg 1280w\" sizes=\"(max-width: 800px) 100vw, 800px\" \/><\/a>\u00a0<\/span><\/p>\n<p style=\"text-align: justify;\"><span lang=\"ES-TRAD\">Durante los d\u00edas del operativo, se realizar\u00e1 una constante supervisi\u00f3n e inspecci\u00f3n en los nueve panteones con la finalidad de verificar las condiciones de las l\u00e1pidas y tumbas e identificar factores de riesgo para las familias. Participar\u00e1n 12 param\u00e9dicos; 50 voluntarios y de servicio social; 2 polic\u00edas asignados para la vigilancia de cada pante\u00f3n; 03 ambulancias y dem\u00e1s personal.<\/span><\/p>\n<p><span lang=\"DE\">\u00a0<\/span><\/p>\n<p style=\"text-align: justify;\"><span lang=\"ES-TRAD\">Asimismo, a partir del 30 de octubre al 2 de noviembre, se realizar\u00e1 el Segundo Festival de las Calaveras 2019, con el prop\u00f3sito de resaltar las tradiciones culturales del municipio y sus Centros Fundacionales, tal es el caso de San Gaspar donde se llevar\u00e1 a cabo la Gran Fiesta de las Flores, con un desfile inaugural con la participaci\u00f3n de carros aleg\u00f3ricos y catrinas, intervenci\u00f3n art\u00edstica de una banda musical y la exhibici\u00f3n de altares de muertos y premiaci\u00f3n en la plaza principal de San Gaspar.<\/span><\/p>\n<p><span lang=\"ES-TRAD\">En la Plaza Cihualpilli, en el Centro Hist\u00f3rico de Tonal\u00e1, continuar\u00e1n las actividades. Se anexa el programa completo.<\/span><\/p>\n<p><span lang=\"DE\">\u00a0<\/span><span style=\"color: #800000;\"><strong><span lang=\"DE\"><a style=\"color: #800000;\" href=\"https:\/\/bit.ly\/31Y9n7s?fbclid=IwAR2Ck-v0FfXWL75e2NkkR0L1C0Ji11B-Eyl8AD5AXYnr7TET0sQB10LyYRM\" target=\"_blank\" data-saferedirecturl=\"https:\/\/www.google.com\/url?q=https:\/\/bit.ly\/31Y9n7s?fbclid%3DIwAR2Ck-v0FfXWL75e2NkkR0L1C0Ji11B-Eyl8AD5AXYnr7TET0sQB10LyYRM&amp;source=gmail&amp;ust=1572625781348000&amp;usg=AFQjCNGCvBnhfvTlViRhw5NxC1Z8_GuSbA\">https:\/\/bit.ly\/31Y9n7s<\/a><\/span><\/strong><\/span><\/p>\n<p><span lang=\"DE\">\u00a0<\/span><\/p>\n<table border=\"1\" width=\"565\" cellspacing=\"0\" cellpadding=\"0\">\n<tbody>\n<tr>\n<td valign=\"top\" width=\"197\"><span lang=\"ES-TRAD\">CEMENTERIO<\/span><\/td>\n<td valign=\"top\" width=\"368\"><span lang=\"ES-TRAD\">DIRECCION<\/span><\/td>\n<\/tr>\n<tr>\n<td valign=\"top\" width=\"197\"><span lang=\"ES-TRAD\">Viejo en Cabecera<\/span><\/td>\n<td valign=\"top\" width=\"368\"><span lang=\"ES-TRAD\">Av.\u00a0 La paz No. 9 entre Nicol\u00e1s Bravo y Morelos<\/span><\/td>\n<\/tr>\n<tr>\n<td valign=\"top\" width=\"197\"><span lang=\"ES-TRAD\">Nuevo en Cabecera<\/span><\/td>\n<td valign=\"top\" width=\"368\"><span lang=\"ES-TRAD\">Av.\u00a0 La paz No. 9 entre Nicol\u00e1s Bravo y Morelos<\/span><\/td>\n<\/tr>\n<tr>\n<td valign=\"top\" width=\"197\"><span lang=\"ES-TRAD\">Santa Cruz de las Huertas<\/span><\/td>\n<td valign=\"top\" width=\"368\"><span lang=\"ES-TRAD\">Constituci\u00f3n y Madero a espaldas del templo municipal<\/span><\/td>\n<\/tr>\n<tr>\n<td valign=\"top\" width=\"197\"><span lang=\"ES-TRAD\">Rosario<\/span><\/td>\n<td valign=\"top\" width=\"368\"><span lang=\"ES-TRAD\">Constituci\u00f3n No 17 entre Loma Azul y Jitomate<\/span><\/td>\n<\/tr>\n<tr>\n<td valign=\"top\" width=\"197\"><span lang=\"ES-TRAD\">Zalatit\u00e1n<\/span><\/td>\n<td valign=\"top\" width=\"368\"><span lang=\"ES-TRAD\">Pante\u00f3n sin n\u00famero entre Abascal y Souza<\/span><\/td>\n<\/tr>\n<tr>\n<td valign=\"top\" width=\"197\"><span lang=\"ES-TRAD\">Puente Grande<\/span><\/td>\n<td valign=\"top\" width=\"368\"><span lang=\"ES-TRAD\">Hidalgo No. 1200<\/span><\/td>\n<\/tr>\n<tr>\n<td valign=\"top\" width=\"197\"><span lang=\"ES-TRAD\">Tololotl\u00e1n<\/span><\/td>\n<td valign=\"top\" width=\"368\"><span lang=\"ES-TRAD\">Frente a la Delegaci\u00f3n en el atrio del templo<\/span><\/td>\n<\/tr>\n<tr>\n<td valign=\"top\" width=\"197\"><span lang=\"ES-TRAD\">San Gaspar<\/span><\/td>\n<td valign=\"top\" width=\"368\"><span lang=\"ES-TRAD\">Tata C\u00e1rdenas sin n\u00famero Col. L\u00e1zaro C\u00e1rdenas<\/span><\/td>\n<\/tr>\n<\/tbody>\n<\/table>\n<div class=\"yj6qo ajU\">\n<div id=\":m7\" class=\"ajR\" tabindex=\"0\" data-tooltip=\"Ocultar contenido ampliado\"><img decoding=\"async\" class=\"ajT\" src=\"https:\/\/ssl.gstatic.com\/ui\/v1\/icons\/mail\/images\/cleardot.gif\" \/><a href=\"https:\/\/tonala.gob.mx\/portal\/wp-content\/uploads\/2019\/10\/photo_2019-10-31-10.34.50.jpg\"><img decoding=\"async\" class=\"alignnone size-large wp-image-28609\" src=\"https:\/\/tonala.gob.mx\/portal\/wp-content\/uploads\/2019\/10\/photo_2019-10-31-10.34.50-1024x682.jpg\" alt=\"photo_2019-10-31 10.34.50\" width=\"800\" height=\"533\" srcset=\"https:\/\/tonala.gob.mx\/portal\/wp-content\/uploads\/2019\/10\/photo_2019-10-31-10.34.50-1024x682.jpg 1024w, https:\/\/tonala.gob.mx\/portal\/wp-content\/uploads\/2019\/10\/photo_2019-10-31-10.34.50-300x200.jpg 300w, https:\/\/tonala.gob.mx\/portal\/wp-content\/uploads\/2019\/10\/photo_2019-10-31-10.34.50-768x512.jpg 768w, https:\/\/tonala.gob.mx\/portal\/wp-content\/uploads\/2019\/10\/photo_2019-10-31-10.34.50.jpg 1280w\" sizes=\"(max-width: 800px) 100vw, 800px\" \/><\/a><\/div>\n<\/div>\n","protected":false},"excerpt":{"rendered":"<p>El Gobierno de Tonal\u00e1\u00a0se declara listo con un operativo para el D\u00eda de Muertos 2019, con el que se garantizar\u00e1<\/p>\n","protected":false},"author":2,"featured_media":28609,"comment_status":"closed","ping_status":"open","sticky":false,"template":"","format":"standard","meta":{"colormag_page_container_layout":"default_layout","colormag_page_sidebar_layout":"default_layout","footnotes":""},"categories":[2],"tags":[],"class_list":["post-28606","post","type-post","status-publish","format-standard","has-post-thumbnail","hentry","category-comunicacion-social"],"_links":{"self":[{"href":"https:\/\/tonala.gob.mx\/portal\/wp-json\/wp\/v2\/posts\/28606","targetHints":{"allow":["GET"]}}],"collection":[{"href":"https:\/\/tonala.gob.mx\/portal\/wp-json\/wp\/v2\/posts"}],"about":[{"href":"https:\/\/tonala.gob.mx\/portal\/wp-json\/wp\/v2\/types\/post"}],"author":[{"embeddable":true,"href":"https:\/\/tonala.gob.mx\/portal\/wp-json\/wp\/v2\/users\/2"}],"replies":[{"embeddable":true,"href":"https:\/\/tonala.gob.mx\/portal\/wp-json\/wp\/v2\/comments?post=28606"}],"version-history":[{"count":1,"href":"https:\/\/tonala.gob.mx\/portal\/wp-json\/wp\/v2\/posts\/28606\/revisions"}],"predecessor-version":[{"id":28611,"href":"https:\/\/tonala.gob.mx\/portal\/wp-json\/wp\/v2\/posts\/28606\/revisions\/28611"}],"wp:featuredmedia":[{"embeddable":true,"href":"https:\/\/tonala.gob.mx\/portal\/wp-json\/wp\/v2\/media\/28609"}],"wp:attachment":[{"href":"https:\/\/tonala.gob.mx\/portal\/wp-json\/wp\/v2\/media?parent=28606"}],"wp:term":[{"taxonomy":"category","embeddable":true,"href":"https:\/\/tonala.gob.mx\/portal\/wp-json\/wp\/v2\/categories?post=28606"},{"taxonomy":"post_tag","embeddable":true,"href":"https:\/\/tonala.gob.mx\/portal\/wp-json\/wp\/v2\/tags?post=28606"}],"curies":[{"name":"wp","href":"https:\/\/api.w.org\/{rel}","templated":true}]}}