{"id":28571,"date":"2019-10-27T11:53:48","date_gmt":"2019-10-27T17:53:48","guid":{"rendered":"http:\/\/tonala.gob.mx\/portal\/?p=28571"},"modified":"2019-10-28T12:16:05","modified_gmt":"2019-10-28T18:16:05","slug":"tonala-sede-de-la-16va-edicion-de-festival-nacional-de-bandas-sinfonicas","status":"publish","type":"post","link":"https:\/\/tonala.gob.mx\/portal\/2019\/10\/27\/tonala-sede-de-la-16va-edicion-de-festival-nacional-de-bandas-sinfonicas\/","title":{"rendered":"Tonal\u00e1 sede de la 16va. Edici\u00f3n de Festival Nacional de Bandas Sinf\u00f3nicas"},"content":{"rendered":"<p style=\"font-weight: 400; text-align: center;\"><a href=\"https:\/\/tonala.gob.mx\/portal\/wp-content\/uploads\/2019\/10\/photo_2019-10-28-11.51.24.jpg\"><img fetchpriority=\"high\" decoding=\"async\" class=\"alignnone size-full wp-image-28576\" src=\"https:\/\/tonala.gob.mx\/portal\/wp-content\/uploads\/2019\/10\/photo_2019-10-28-11.51.24.jpg\" alt=\"photo_2019-10-28 11.51.24\" width=\"668\" height=\"445\" srcset=\"https:\/\/tonala.gob.mx\/portal\/wp-content\/uploads\/2019\/10\/photo_2019-10-28-11.51.24.jpg 668w, https:\/\/tonala.gob.mx\/portal\/wp-content\/uploads\/2019\/10\/photo_2019-10-28-11.51.24-300x200.jpg 300w\" sizes=\"(max-width: 668px) 100vw, 668px\" \/><\/a><\/p>\n<p style=\"font-weight: 400; text-align: justify;\">Este domingo vibr\u00f3 Tonal\u00e1 al son de la m\u00fasica con la 16va. Edici\u00f3n del Festival Nacional de Bandas Sinf\u00f3nicas, con la participaci\u00f3n 350 m\u00fasicos entre ni\u00f1os, j\u00f3venes y adultos que integraron las 12 Bandas Sinf\u00f3nicas que participaron, provenientes de 9 estados de la Rep\u00fablica.<\/p>\n<p style=\"font-weight: 400; text-align: center;\"><a href=\"https:\/\/tonala.gob.mx\/portal\/wp-content\/uploads\/2019\/10\/photo_2019-10-28-11.50.10.jpg\"><img decoding=\"async\" class=\"alignnone size-full wp-image-28575\" src=\"https:\/\/tonala.gob.mx\/portal\/wp-content\/uploads\/2019\/10\/photo_2019-10-28-11.50.10.jpg\" alt=\"photo_2019-10-28 11.50.10\" width=\"668\" height=\"445\" srcset=\"https:\/\/tonala.gob.mx\/portal\/wp-content\/uploads\/2019\/10\/photo_2019-10-28-11.50.10.jpg 668w, https:\/\/tonala.gob.mx\/portal\/wp-content\/uploads\/2019\/10\/photo_2019-10-28-11.50.10-300x200.jpg 300w\" sizes=\"(max-width: 668px) 100vw, 668px\" \/><\/a><\/p>\n<p style=\"font-weight: 400; text-align: justify;\">Fueron dos d\u00edas llenos de m\u00fasica, el s\u00e1bado se realiz\u00f3 un concierto itinerante por las calles de Tonal\u00e1 y el domingo finaliz\u00f3 esta edici\u00f3n nacional con un concierto al aire libre desde el Cerro de la Reina.<\/p>\n<p style=\"font-weight: 400; text-align: justify;\">El presidente municipal, Juan Antonio Gonz\u00e1lez, indic\u00f3 que su gobierno seguir\u00e1 invirtiendo en este tipo de eventos que fortalecen la cultura y el arte en Tonal\u00e1, para que la ciudadan\u00eda se siga apropiando de los espacios p\u00fablicos y se expulse a la delincuencia.<\/p>\n<p style=\"font-weight: 400; text-align: center;\"><a href=\"https:\/\/tonala.gob.mx\/portal\/wp-content\/uploads\/2019\/10\/photo_2019-10-28-11.49.41.jpg\"><img decoding=\"async\" class=\"alignnone size-full wp-image-28574\" src=\"https:\/\/tonala.gob.mx\/portal\/wp-content\/uploads\/2019\/10\/photo_2019-10-28-11.49.41.jpg\" alt=\"photo_2019-10-28 11.49.41\" width=\"667\" height=\"445\" srcset=\"https:\/\/tonala.gob.mx\/portal\/wp-content\/uploads\/2019\/10\/photo_2019-10-28-11.49.41.jpg 667w, https:\/\/tonala.gob.mx\/portal\/wp-content\/uploads\/2019\/10\/photo_2019-10-28-11.49.41-300x200.jpg 300w\" sizes=\"(max-width: 667px) 100vw, 667px\" \/><\/a><\/p>\n<p style=\"font-weight: 400; text-align: justify;\">Algunas de las obras que el p\u00fablico asistente pudo disfrutar fueron Cielo Andaluz; Rapsodia Bohemia; Rolling Stone The Music Tour; el Huapango de Moncayo y un Homenaje a Jos\u00e9 Jos\u00e9, est\u00e1 \u00faltima bajo la direcci\u00f3n del Mtro. Manuel Cerros Guevara, director de la Banda Sinf\u00f3nica Juvenil \u201cTonantzin\u201d de Tonal\u00e1, Jalisco.<\/p>\n<p style=\"font-weight: 400; text-align: center;\"><a href=\"https:\/\/tonala.gob.mx\/portal\/wp-content\/uploads\/2019\/10\/photo_2019-10-28-11.49.23.jpg\"><img loading=\"lazy\" decoding=\"async\" class=\"alignnone size-full wp-image-28573\" src=\"https:\/\/tonala.gob.mx\/portal\/wp-content\/uploads\/2019\/10\/photo_2019-10-28-11.49.23.jpg\" alt=\"photo_2019-10-28 11.49.23\" width=\"667\" height=\"445\" srcset=\"https:\/\/tonala.gob.mx\/portal\/wp-content\/uploads\/2019\/10\/photo_2019-10-28-11.49.23.jpg 667w, https:\/\/tonala.gob.mx\/portal\/wp-content\/uploads\/2019\/10\/photo_2019-10-28-11.49.23-300x200.jpg 300w\" sizes=\"(max-width: 667px) 100vw, 667px\" \/><\/a><\/p>\n<p style=\"font-weight: 400; text-align: justify;\">Entre las bandas que participaron se encuentran la Banda de M\u00fasica de la Universidad La Salle de Oaxaca; la Banda Sinf\u00f3nica infantil y juvenil de Cuanalan Acolman, Estado de M\u00e9xico; la Banda Sinf\u00f3nica Tratados de Teocoluyan, Estado de M\u00e9xico; la Banda Sinf\u00f3nica de la Escuela de M\u00fasica de Torre\u00f3n Cohahuila, A.C.; la Banda de M\u00fasica \u201cAcaxetl\u201d de Acajete Puebla; la Banda Municipal de Tepatitl\u00e1n, Jalisco; la Banda Sinf\u00f3nica Juvenil \u201cRuben Fuentes\u201d de Zapotl\u00e1n, Jalisco; la Banda Sinf\u00f3nica Juvenil de Ojocaliente, Zacatecas; y la Banda Sinf\u00f3nica Juvenil de San Pedro Tultepec Lerma, Estado de M\u00e9xico.<\/p>\n<p style=\"font-weight: 400;\">Videos con aspectos:\u00a0<strong><span style=\"color: #800000;\"><a style=\"color: #800000;\" href=\"https:\/\/we.tl\/t-pE7ZnLzPUM\" data-saferedirecturl=\"https:\/\/www.google.com\/url?q=https:\/\/we.tl\/t-pE7ZnLzPUM&amp;source=gmail&amp;ust=1572371140105000&amp;usg=AFQjCNGQYpcdZAP1-rdMAkP8peRGf5tX4w\">https:\/\/we.tl\/t-pE7ZnLzPUM<\/a>\u00a0\u00a0<a style=\"color: #800000;\" href=\"https:\/\/wetransfer.com\/downloads\/7d4c631ea2149b7e5500d20d08e911c020191028165945\/1f17d64e64e721b528d392f7d01dfe6f20191028165945\/a83c31\" data-saferedirecturl=\"https:\/\/www.google.com\/url?q=https:\/\/wetransfer.com\/downloads\/7d4c631ea2149b7e5500d20d08e911c020191028165945\/1f17d64e64e721b528d392f7d01dfe6f20191028165945\/a83c31&amp;source=gmail&amp;ust=1572371140106000&amp;usg=AFQjCNFVNyCYs7hfEHVk1zMtE3xqfY0KDQ\">https:\/\/wetransfer.com\/downloads\/7d4c631ea2149b7e5500d20d08e911c020191028165945\/1f17d64e64e721b528d392f7d01dfe6f20191028165945\/a83c31<\/a><\/span><\/strong><\/p>\n<p style=\"font-weight: 400;\">\n","protected":false},"excerpt":{"rendered":"<p>Este domingo vibr\u00f3 Tonal\u00e1 al son de la m\u00fasica con la 16va. Edici\u00f3n del Festival Nacional de Bandas Sinf\u00f3nicas, con<\/p>\n","protected":false},"author":2,"featured_media":28578,"comment_status":"closed","ping_status":"open","sticky":false,"template":"","format":"standard","meta":{"colormag_page_container_layout":"default_layout","colormag_page_sidebar_layout":"default_layout","footnotes":""},"categories":[2],"tags":[],"class_list":["post-28571","post","type-post","status-publish","format-standard","has-post-thumbnail","hentry","category-comunicacion-social"],"_links":{"self":[{"href":"https:\/\/tonala.gob.mx\/portal\/wp-json\/wp\/v2\/posts\/28571","targetHints":{"allow":["GET"]}}],"collection":[{"href":"https:\/\/tonala.gob.mx\/portal\/wp-json\/wp\/v2\/posts"}],"about":[{"href":"https:\/\/tonala.gob.mx\/portal\/wp-json\/wp\/v2\/types\/post"}],"author":[{"embeddable":true,"href":"https:\/\/tonala.gob.mx\/portal\/wp-json\/wp\/v2\/users\/2"}],"replies":[{"embeddable":true,"href":"https:\/\/tonala.gob.mx\/portal\/wp-json\/wp\/v2\/comments?post=28571"}],"version-history":[{"count":1,"href":"https:\/\/tonala.gob.mx\/portal\/wp-json\/wp\/v2\/posts\/28571\/revisions"}],"predecessor-version":[{"id":28577,"href":"https:\/\/tonala.gob.mx\/portal\/wp-json\/wp\/v2\/posts\/28571\/revisions\/28577"}],"wp:featuredmedia":[{"embeddable":true,"href":"https:\/\/tonala.gob.mx\/portal\/wp-json\/wp\/v2\/media\/28578"}],"wp:attachment":[{"href":"https:\/\/tonala.gob.mx\/portal\/wp-json\/wp\/v2\/media?parent=28571"}],"wp:term":[{"taxonomy":"category","embeddable":true,"href":"https:\/\/tonala.gob.mx\/portal\/wp-json\/wp\/v2\/categories?post=28571"},{"taxonomy":"post_tag","embeddable":true,"href":"https:\/\/tonala.gob.mx\/portal\/wp-json\/wp\/v2\/tags?post=28571"}],"curies":[{"name":"wp","href":"https:\/\/api.w.org\/{rel}","templated":true}]}}