{"id":28518,"date":"2019-10-22T08:46:47","date_gmt":"2019-10-22T14:46:47","guid":{"rendered":"http:\/\/tonala.gob.mx\/portal\/?p=28518"},"modified":"2019-10-23T09:50:42","modified_gmt":"2019-10-23T15:50:42","slug":"arranca-rehabilitacion-de-la-calle-antonio-caso-que-beneficiara-a-la-comunidad-de-la-prepa-tonala-norte-y-vecinos-de-basilio-vadillo","status":"publish","type":"post","link":"https:\/\/tonala.gob.mx\/portal\/2019\/10\/22\/arranca-rehabilitacion-de-la-calle-antonio-caso-que-beneficiara-a-la-comunidad-de-la-prepa-tonala-norte-y-vecinos-de-basilio-vadillo\/","title":{"rendered":"Arranca rehabilitaci\u00f3n de la calle Antonio Caso que beneficiar\u00e1 a la comunidad de la Prepa Tonal\u00e1 Norte y vecinos de Basilio Vadillo"},"content":{"rendered":"<p style=\"font-weight: 400; text-align: justify;\">El Gobierno de Tonal\u00e1 arranc\u00f3 con los trabajos para la rehabilitaci\u00f3n de la calle Antonio Caso en la colonia Basilio Vadillo, una vialidad que se encontraba destrozada y permaneci\u00f3 durante a\u00f1os en el abandono, se colocar\u00e1 concreto hidr\u00e1ulico lo cual beneficiar\u00e1 a las y los vecinos que a diario transitan esta importante vialidad, as\u00ed como estudiantes y personal de la Preparatoria Tonal\u00e1 Norte de la Universidad de Guadalajara.<\/p>\n<p style=\"font-weight: 400; text-align: center;\"><a href=\"https:\/\/tonala.gob.mx\/portal\/wp-content\/uploads\/2019\/10\/image-3.jpg\"><img fetchpriority=\"high\" decoding=\"async\" class=\"alignnone size-full wp-image-28524\" src=\"https:\/\/tonala.gob.mx\/portal\/wp-content\/uploads\/2019\/10\/image-3.jpg\" alt=\"image\" width=\"668\" height=\"445\" srcset=\"https:\/\/tonala.gob.mx\/portal\/wp-content\/uploads\/2019\/10\/image-3.jpg 668w, https:\/\/tonala.gob.mx\/portal\/wp-content\/uploads\/2019\/10\/image-3-300x200.jpg 300w\" sizes=\"(max-width: 668px) 100vw, 668px\" \/><\/a><\/p>\n<p style=\"font-weight: 400; text-align: justify;\">El presidente municipal, Juan Antonio Gonz\u00e1lez Mora, realiz\u00f3 un recorrido de supervisi\u00f3n y explic\u00f3 que est\u00e1 obra tendr\u00e1 una inversi\u00f3n de 5 millones 359 mil 886 pesos, adem\u00e1s se impulsar\u00e1 el programa Sendero Seguro para mejorar la seguridad de las y los estudiantes y ciudadan\u00eda. Los trabajos en la calles Antonio Caso se realizar\u00e1n desde la calle Juan Gil Preciado hasta la calle Prolongaci\u00f3n Gigantes.<\/p>\n<p style=\"font-weight: 400; text-align: justify;\">\u00abLogramos generar ahorros sustanciales y esos casi 6 millones de pesos se van a invertir en este a\u00f1o para estarles entregando a los ciudadanos y a los estudiantes una vialidad de primera con concreto hidr\u00e1ulico, con todos los servicios hidr\u00e1ulicos y sanitarios\u00bb, se\u00f1al\u00f3 el presidente municipal.<\/p>\n<p style=\"font-weight: 400; text-align: center;\"><a href=\"https:\/\/tonala.gob.mx\/portal\/wp-content\/uploads\/2019\/10\/image-1-3.jpg\"><img decoding=\"async\" class=\"alignnone size-full wp-image-28523\" src=\"https:\/\/tonala.gob.mx\/portal\/wp-content\/uploads\/2019\/10\/image-1-3.jpg\" alt=\"image (1)\" width=\"668\" height=\"445\" srcset=\"https:\/\/tonala.gob.mx\/portal\/wp-content\/uploads\/2019\/10\/image-1-3.jpg 668w, https:\/\/tonala.gob.mx\/portal\/wp-content\/uploads\/2019\/10\/image-1-3-300x200.jpg 300w\" sizes=\"(max-width: 668px) 100vw, 668px\" \/><\/a><\/p>\n<p style=\"font-weight: 400; text-align: justify;\">Asimismo, durante la ma\u00f1ana, el presidente de Tonal\u00e1, Juan Antonio Gonz\u00e1lez, visit\u00f3 a las y los vecinos de las colonias Paseos de Tonal\u00e1, Santa Rosa y Santa Anita, para supervisar una obra que dotar\u00e1 de servicios b\u00e1sicos a las familias que viven en las calles el Vado, la Noria y Av. Pinar de la Palomas. Ah\u00ed se construye una red de drenaje y agua potable que tendr\u00e1 una inversi\u00f3n de un mill\u00f3n 954 mil 631 mil pesos.<\/p>\n<p style=\"font-weight: 400; text-align: justify;\">Juan Antonio se\u00f1al\u00f3 ante los vecinos que los recursos con los que se realiza esta obra provienen de sus impuestos, los cuales ahora s\u00ed se invierten en servicios p\u00fablicos, y reiter\u00f3 que al eliminar gastos innecesarios los recursos alcanzan para m\u00e1s acciones que benefician a la ciudadan\u00eda. El presidente les pidi\u00f3 a los vecinos que tuvieran constante comunicaci\u00f3n con el Gobierno Municipal.<\/p>\n<p style=\"font-weight: 400; text-align: center;\"><a href=\"https:\/\/tonala.gob.mx\/portal\/wp-content\/uploads\/2019\/10\/photo_2019-10-23-09.57.45.jpg\"><img decoding=\"async\" class=\"alignnone size-large wp-image-28522\" src=\"https:\/\/tonala.gob.mx\/portal\/wp-content\/uploads\/2019\/10\/photo_2019-10-23-09.57.45-1024x682.jpg\" alt=\"photo_2019-10-23 09.57.45\" width=\"800\" height=\"533\" srcset=\"https:\/\/tonala.gob.mx\/portal\/wp-content\/uploads\/2019\/10\/photo_2019-10-23-09.57.45-1024x682.jpg 1024w, https:\/\/tonala.gob.mx\/portal\/wp-content\/uploads\/2019\/10\/photo_2019-10-23-09.57.45-300x200.jpg 300w, https:\/\/tonala.gob.mx\/portal\/wp-content\/uploads\/2019\/10\/photo_2019-10-23-09.57.45-768x512.jpg 768w, https:\/\/tonala.gob.mx\/portal\/wp-content\/uploads\/2019\/10\/photo_2019-10-23-09.57.45.jpg 1280w\" sizes=\"(max-width: 800px) 100vw, 800px\" \/><\/a><\/p>\n<p style=\"font-weight: 400; text-align: justify;\">\u00abUn gobierno que no se comunica con su gente deja de hacer actos de gobernanza y por eso los gobiernos hacen lo que les plazca. Soy muy claro, nosotros no somos ciudadanos de segunda, somos tan de primera como Guadalajara y Zapopan y requerimos los mismos servicios; como lo hicimos, pues con ahorros municipales, dec\u00edan que no \u00edbamos a poder y estamos pudiendo, administrando y no rob\u00e1ndonos el dinero de la gente\u00bb, finaliz\u00f3 el presidente municipal.<\/p>\n<p style=\"font-weight: 400;\">Videos con aspectos de obra en la Colonia Paseos de Tonal\u00e1: <span style=\"color: #800000;\"><strong><a style=\"color: #800000;\" href=\"https:\/\/we.tl\/t-0jOZlUtZL1\" data-saferedirecturl=\"https:\/\/www.google.com\/url?q=https:\/\/we.tl\/t-0jOZlUtZL1&amp;source=gmail&amp;ust=1571928281055000&amp;usg=AFQjCNG-iZntrYYEeVoj_MmFg8B9SJmnlw\">https:\/\/we.tl\/t-0jOZlUtZL1<\/a><\/strong><\/span><\/p>\n<p style=\"font-weight: 400;\">Videso con aspectos de obra en la Colonia Basilio Vadillo:<strong><span style=\"color: #800000;\">\u00a0<a style=\"color: #800000;\" href=\"https:\/\/we.tl\/t-eljVv86aIc\" data-saferedirecturl=\"https:\/\/www.google.com\/url?q=https:\/\/we.tl\/t-eljVv86aIc&amp;source=gmail&amp;ust=1571928281055000&amp;usg=AFQjCNG19ZdUgwwWq_9jZ-lqYTy7kER1dw\">https:\/\/we.tl\/t-eljVv86aIc<\/a><\/span><\/strong><\/p>\n","protected":false},"excerpt":{"rendered":"<p>El Gobierno de Tonal\u00e1 arranc\u00f3 con los trabajos para la rehabilitaci\u00f3n de la calle Antonio Caso en la colonia Basilio<\/p>\n","protected":false},"author":2,"featured_media":28521,"comment_status":"closed","ping_status":"open","sticky":false,"template":"","format":"standard","meta":{"colormag_page_container_layout":"default_layout","colormag_page_sidebar_layout":"default_layout","footnotes":""},"categories":[2],"tags":[],"class_list":["post-28518","post","type-post","status-publish","format-standard","has-post-thumbnail","hentry","category-comunicacion-social"],"_links":{"self":[{"href":"https:\/\/tonala.gob.mx\/portal\/wp-json\/wp\/v2\/posts\/28518","targetHints":{"allow":["GET"]}}],"collection":[{"href":"https:\/\/tonala.gob.mx\/portal\/wp-json\/wp\/v2\/posts"}],"about":[{"href":"https:\/\/tonala.gob.mx\/portal\/wp-json\/wp\/v2\/types\/post"}],"author":[{"embeddable":true,"href":"https:\/\/tonala.gob.mx\/portal\/wp-json\/wp\/v2\/users\/2"}],"replies":[{"embeddable":true,"href":"https:\/\/tonala.gob.mx\/portal\/wp-json\/wp\/v2\/comments?post=28518"}],"version-history":[{"count":1,"href":"https:\/\/tonala.gob.mx\/portal\/wp-json\/wp\/v2\/posts\/28518\/revisions"}],"predecessor-version":[{"id":28525,"href":"https:\/\/tonala.gob.mx\/portal\/wp-json\/wp\/v2\/posts\/28518\/revisions\/28525"}],"wp:featuredmedia":[{"embeddable":true,"href":"https:\/\/tonala.gob.mx\/portal\/wp-json\/wp\/v2\/media\/28521"}],"wp:attachment":[{"href":"https:\/\/tonala.gob.mx\/portal\/wp-json\/wp\/v2\/media?parent=28518"}],"wp:term":[{"taxonomy":"category","embeddable":true,"href":"https:\/\/tonala.gob.mx\/portal\/wp-json\/wp\/v2\/categories?post=28518"},{"taxonomy":"post_tag","embeddable":true,"href":"https:\/\/tonala.gob.mx\/portal\/wp-json\/wp\/v2\/tags?post=28518"}],"curies":[{"name":"wp","href":"https:\/\/api.w.org\/{rel}","templated":true}]}}