{"id":28463,"date":"2019-10-18T08:36:12","date_gmt":"2019-10-18T14:36:12","guid":{"rendered":"http:\/\/tonala.gob.mx\/portal\/?p=28463"},"modified":"2019-10-21T08:40:54","modified_gmt":"2019-10-21T14:40:54","slug":"gobierno-de-tonala-lleva-infraestructura-basica-a-colonia-con-calles-de-terraceria","status":"publish","type":"post","link":"https:\/\/tonala.gob.mx\/portal\/2019\/10\/18\/gobierno-de-tonala-lleva-infraestructura-basica-a-colonia-con-calles-de-terraceria\/","title":{"rendered":"Gobierno de Tonal\u00e1 lleva infraestructura b\u00e1sica a colonia con calles de terracer\u00eda"},"content":{"rendered":"<p style=\"font-weight: 400; text-align: justify;\">El presidente municipal de Tonal\u00e1, Juan Antonio Gonz\u00e1lez Mora, visit\u00f3 la colonia El Panor\u00e1mico para supervisar la instalaci\u00f3n de empedrado zampeado que se realiza en la calle Nadir entre Ram\u00f3n Corona y Crep\u00fasculo, durante el recorrido, vecinas y vecinos le externaron que ten\u00edan m\u00e1s de 20 a\u00f1os solicitando la reparaci\u00f3n de sus calles que estaban en el abandono y terracer\u00eda.<\/p>\n<p style=\"font-weight: 400; text-align: center;\"><a href=\"https:\/\/tonala.gob.mx\/portal\/wp-content\/uploads\/2019\/10\/photo_2019-10-21-09.31.55.jpg\"><img fetchpriority=\"high\" decoding=\"async\" class=\"alignnone size-large wp-image-28464\" src=\"https:\/\/tonala.gob.mx\/portal\/wp-content\/uploads\/2019\/10\/photo_2019-10-21-09.31.55-1024x682.jpg\" alt=\"photo_2019-10-21 09.31.55\" width=\"800\" height=\"533\" srcset=\"https:\/\/tonala.gob.mx\/portal\/wp-content\/uploads\/2019\/10\/photo_2019-10-21-09.31.55-1024x682.jpg 1024w, https:\/\/tonala.gob.mx\/portal\/wp-content\/uploads\/2019\/10\/photo_2019-10-21-09.31.55-300x200.jpg 300w, https:\/\/tonala.gob.mx\/portal\/wp-content\/uploads\/2019\/10\/photo_2019-10-21-09.31.55-768x512.jpg 768w, https:\/\/tonala.gob.mx\/portal\/wp-content\/uploads\/2019\/10\/photo_2019-10-21-09.31.55.jpg 1280w\" sizes=\"(max-width: 800px) 100vw, 800px\" \/><\/a><\/p>\n<p style=\"font-weight: 400; text-align: justify;\">Con una inversi\u00f3n de un mill\u00f3n 598 mil 451.98 pesos, el presidente municipal, Juan Antonio Gonz\u00e1lez, les explic\u00f3 que los trabajos se realizan con recursos municipales y sin un peso de deuda, por el contrario, con ahorros que se hacen con una administraci\u00f3n austera en el manejo de recursos, responsable y transparente donde se invierte dinero en lo que se necesita como lo son las calles de esta colonia que por muchos a\u00f1os han permanecido en el abandono.<\/p>\n<p style=\"font-weight: 400; text-align: center;\"><a href=\"https:\/\/tonala.gob.mx\/portal\/wp-content\/uploads\/2019\/10\/photo_2019-10-21-09.32.39.jpg\"><img decoding=\"async\" class=\"alignnone size-large wp-image-28466\" src=\"https:\/\/tonala.gob.mx\/portal\/wp-content\/uploads\/2019\/10\/photo_2019-10-21-09.32.39-1024x682.jpg\" alt=\"photo_2019-10-21 09.32.39\" width=\"800\" height=\"533\" srcset=\"https:\/\/tonala.gob.mx\/portal\/wp-content\/uploads\/2019\/10\/photo_2019-10-21-09.32.39-1024x682.jpg 1024w, https:\/\/tonala.gob.mx\/portal\/wp-content\/uploads\/2019\/10\/photo_2019-10-21-09.32.39-300x200.jpg 300w, https:\/\/tonala.gob.mx\/portal\/wp-content\/uploads\/2019\/10\/photo_2019-10-21-09.32.39-768x512.jpg 768w, https:\/\/tonala.gob.mx\/portal\/wp-content\/uploads\/2019\/10\/photo_2019-10-21-09.32.39.jpg 1280w\" sizes=\"(max-width: 800px) 100vw, 800px\" \/><\/a><\/p>\n<p style=\"font-weight: 400; text-align: justify;\">\u201cEsto no es un asunto pol\u00edtico sino de dignidad ciudadana, \u00bfsomos metropolitanos para tener los vertederos y no para tener obras de calidad?, yo lo dej\u00e9 muy claro en las mesas metropolitanas que en Tonal\u00e1 no somos ciudadanos de segunda, les pido que nos sigan, que opinen\u00a0 y que vean lo que estamos haciendo, que volteen atr\u00e1s y para que vean lo que pas\u00f3 y c\u00f3mo nos dejaron con 30 a\u00f1os de atraso en infraestructura b\u00e1sica y ya no lo vamos a permitir, vamos a caminar de verdad con ustedes los ciudadanos poco a poco para darle dignidad a Tonal\u00e1 y esto es una muestra de la buena voluntad que tenemos, les dije que en el primer a\u00f1o se iba hacer esta calle y ya la estamos construyendo\u201d, coment\u00f3.<\/p>\n<p style=\"font-weight: 400; text-align: center;\"><a href=\"https:\/\/tonala.gob.mx\/portal\/wp-content\/uploads\/2019\/10\/photo_2019-10-21-09.32.31.jpg\"><img decoding=\"async\" class=\"alignnone size-large wp-image-28465\" src=\"https:\/\/tonala.gob.mx\/portal\/wp-content\/uploads\/2019\/10\/photo_2019-10-21-09.32.31-1024x682.jpg\" alt=\"photo_2019-10-21 09.32.31\" width=\"800\" height=\"533\" srcset=\"https:\/\/tonala.gob.mx\/portal\/wp-content\/uploads\/2019\/10\/photo_2019-10-21-09.32.31-1024x682.jpg 1024w, https:\/\/tonala.gob.mx\/portal\/wp-content\/uploads\/2019\/10\/photo_2019-10-21-09.32.31-300x200.jpg 300w, https:\/\/tonala.gob.mx\/portal\/wp-content\/uploads\/2019\/10\/photo_2019-10-21-09.32.31-768x512.jpg 768w, https:\/\/tonala.gob.mx\/portal\/wp-content\/uploads\/2019\/10\/photo_2019-10-21-09.32.31.jpg 1280w\" sizes=\"(max-width: 800px) 100vw, 800px\" \/><\/a><\/p>\n<p style=\"font-weight: 400; text-align: justify;\">Adem\u00e1s, reiter\u00f3 que\u00a0continuar\u00e1n con la rehabilitaci\u00f3n de m\u00e1s obras para dignificar las calles que est\u00e1n en terracer\u00eda en la misma colonia por lo que se comprometi\u00f3 a hacerlo con responsabilidad y de la mano de la ciudadan\u00eda ya que los trabajos son vigilados y supervisados por los ciudadanos.<\/p>\n<p style=\"font-weight: 400; text-align: justify;\">Descripci\u00f3n de trabajos:<\/p>\n<ul>\n<li style=\"font-weight: 400; text-align: justify;\">Pavimentaci\u00f3n de 1,530 m2 en concreto\u00a0 f\u2019c 200 kg\/cm2 con remate de piedra braza (zampeado) de 20cm de espesor<\/li>\n<li style=\"font-weight: 400; text-align: justify;\">forjado de 225 m2 de banqueta de concreto f\u2019c 150 kg\/cm2 de 10 cm de espesor<\/li>\n<li style=\"font-weight: 400; text-align: justify;\">Instalaci\u00f3n de 300 ml de machuelo lineal de concreto prefabricado de 12*30*100 cm<\/li>\n<li style=\"font-weight: 400;\">Nivelaci\u00f3n de pozos de visita<\/li>\n<\/ul>\n","protected":false},"excerpt":{"rendered":"<p>El presidente municipal de Tonal\u00e1, Juan Antonio Gonz\u00e1lez Mora, visit\u00f3 la colonia El Panor\u00e1mico para supervisar la instalaci\u00f3n de empedrado<\/p>\n","protected":false},"author":2,"featured_media":28467,"comment_status":"closed","ping_status":"open","sticky":false,"template":"","format":"standard","meta":{"colormag_page_container_layout":"default_layout","colormag_page_sidebar_layout":"default_layout","footnotes":""},"categories":[2],"tags":[],"class_list":["post-28463","post","type-post","status-publish","format-standard","has-post-thumbnail","hentry","category-comunicacion-social"],"_links":{"self":[{"href":"https:\/\/tonala.gob.mx\/portal\/wp-json\/wp\/v2\/posts\/28463","targetHints":{"allow":["GET"]}}],"collection":[{"href":"https:\/\/tonala.gob.mx\/portal\/wp-json\/wp\/v2\/posts"}],"about":[{"href":"https:\/\/tonala.gob.mx\/portal\/wp-json\/wp\/v2\/types\/post"}],"author":[{"embeddable":true,"href":"https:\/\/tonala.gob.mx\/portal\/wp-json\/wp\/v2\/users\/2"}],"replies":[{"embeddable":true,"href":"https:\/\/tonala.gob.mx\/portal\/wp-json\/wp\/v2\/comments?post=28463"}],"version-history":[{"count":1,"href":"https:\/\/tonala.gob.mx\/portal\/wp-json\/wp\/v2\/posts\/28463\/revisions"}],"predecessor-version":[{"id":28468,"href":"https:\/\/tonala.gob.mx\/portal\/wp-json\/wp\/v2\/posts\/28463\/revisions\/28468"}],"wp:featuredmedia":[{"embeddable":true,"href":"https:\/\/tonala.gob.mx\/portal\/wp-json\/wp\/v2\/media\/28467"}],"wp:attachment":[{"href":"https:\/\/tonala.gob.mx\/portal\/wp-json\/wp\/v2\/media?parent=28463"}],"wp:term":[{"taxonomy":"category","embeddable":true,"href":"https:\/\/tonala.gob.mx\/portal\/wp-json\/wp\/v2\/categories?post=28463"},{"taxonomy":"post_tag","embeddable":true,"href":"https:\/\/tonala.gob.mx\/portal\/wp-json\/wp\/v2\/tags?post=28463"}],"curies":[{"name":"wp","href":"https:\/\/api.w.org\/{rel}","templated":true}]}}