{"id":28421,"date":"2019-10-17T15:50:35","date_gmt":"2019-10-17T21:50:35","guid":{"rendered":"http:\/\/tonala.gob.mx\/portal\/?p=28421"},"modified":"2019-10-17T16:12:05","modified_gmt":"2019-10-17T22:12:05","slug":"arrancan-obras-en-la-comunidad-de-el-vado-una-localidad-olvidada-en-tonala","status":"publish","type":"post","link":"https:\/\/tonala.gob.mx\/portal\/2019\/10\/17\/arrancan-obras-en-la-comunidad-de-el-vado-una-localidad-olvidada-en-tonala\/","title":{"rendered":"Arrancan obras en la comunidad de El Vado, una localidad olvidada en Tonal\u00e1"},"content":{"rendered":"<p style=\"text-align: justify;\"><span lang=\"ES-TRAD\">Las y los vecinos de la localidad El Vado se beneficiar\u00e1n con la construcci\u00f3n de empedrado zampeado que inici\u00f3 el Gobierno de Tonal\u00e1. El presidente municipal, Juan Antonio Gonz\u00e1lez Mora, supervis\u00f3 el arranque de los trabajos que tendr\u00e1n una inversi\u00f3n de un mill\u00f3n 799 mil 479 pesos para rehabilitar la calle Javier Due\u00f1as, entre calle Tonal\u00e1 y calle Los Reyes. El presidente municipal se\u00f1al\u00f3 que esta obra se realiza en beneficio de los habitantes de la zona, les record\u00f3 que con una administraci\u00f3n austera, responsable y transparente se realizar\u00e1n m\u00e1s trabajos, a pesar de los recortes del presupuesto federal.\u00a0<\/span><\/p>\n<p style=\"text-align: justify;\"><span lang=\"ES-TRAD\">\u201cNosotros cuando estuvimos aqu\u00ed y caminamos por las calles, era lamentable que un poblado como El Vado, que es tan importante en la zona, tuviera la infraestructura como se encuentra, aqu\u00ed se ve la muestra de la corrupci\u00f3n, un concreto que deb\u00eda durar 30 a\u00f1os ya est\u00e1 despegado\u201d, reiter\u00f3 Juan Antonio.\u00a0<\/span><\/p>\n<p style=\"text-align: center;\"><a href=\"https:\/\/tonala.gob.mx\/portal\/wp-content\/uploads\/2019\/10\/image.jpg\"><img fetchpriority=\"high\" decoding=\"async\" class=\"alignnone size-full wp-image-28423\" src=\"https:\/\/tonala.gob.mx\/portal\/wp-content\/uploads\/2019\/10\/image.jpg\" alt=\"image\" width=\"800\" height=\"607\" srcset=\"https:\/\/tonala.gob.mx\/portal\/wp-content\/uploads\/2019\/10\/image.jpg 800w, https:\/\/tonala.gob.mx\/portal\/wp-content\/uploads\/2019\/10\/image-300x228.jpg 300w, https:\/\/tonala.gob.mx\/portal\/wp-content\/uploads\/2019\/10\/image-768x583.jpg 768w\" sizes=\"(max-width: 800px) 100vw, 800px\" \/><\/a><\/p>\n<p style=\"text-align: justify;\"><span lang=\"ES-TRAD\">\u00a0<\/span><span lang=\"ES-TRAD\">En el mismo sentido, en di\u00e1logo con los vecinos y vecinas, les refrend\u00f3 el compromiso de administrar el dinero de sus impuestos en la rehabilitaci\u00f3n de m\u00e1s calles, adem\u00e1s, les explic\u00f3 la comunicaci\u00f3n constante que ha tenido con los Senadores de Jalisco, Ver\u00f3nica Delgadillo y Clemente Casta\u00f1eda, para emitir un exhorto desde el Senado de la Rep\u00fablica para que la Secretar\u00eda de Comunicaciones y Transporte del Gobierno Federal retire las casetas de cobro, que por irresponsabilidades de anteriores administraciones han dividido a la ciudad y representado una cicatriz urbana en la prestaci\u00f3n de servicios p\u00fablicos.<\/span><\/p>\n<p style=\"text-align: justify;\"><span lang=\"ES-TRAD\">\u00a0<\/span><\/p>\n<p style=\"text-align: justify;\"><span lang=\"ES-TRAD\">Adem\u00e1s, visit\u00f3 la primaria Fray Antonio Alcalde, de la misma localidad, y se comprometi\u00f3 con que el Gobierno de Tonal\u00e1 facilitar\u00e1 la mano de obra para realizar una bodega y la colocaci\u00f3n de unos comedores para las ni\u00f1as y los ni\u00f1os que ah\u00ed estudian. Juan Antonio se\u00f1al\u00f3 que con la participaci\u00f3n de la ciudadan\u00eda, donde ellos se organizan para poner el material, el gobierno le entra para que juntos se puedan realizar acciones adicionales que beneficien a la comunidad.\u00a0<\/span><\/p>\n<p style=\"text-align: justify;\"><span lang=\"ES-TRAD\">DESCRIPCI\u00d3N DE TRABAJOS:\u00a0<\/span><\/p>\n<p style=\"text-align: justify;\"><span lang=\"ES-TRAD\">\u00a0<\/span><\/p>\n<p style=\"text-align: justify;\"><span lang=\"ES-TRAD\">\u2022\u00a0\u00a0\u00a0 PAVIMENTACI\u00d3N DE 1,657.35 M2 EN CONCRETO\u00a0 F\u2019C 200 KG\/CM2 CON REMATE DE PIEDRA BRAZA (ZAMPEADO) DE 20CM DE ESPESOR<\/span><\/p>\n<p style=\"text-align: justify;\"><span lang=\"ES-TRAD\">\u2022\u00a0\u00a0\u00a0 FORJADO DE 279 M2 DE BANQUETA DE CONCRETO F\u2019C 150 KG\/CM2 DE 10 CM DE ESPESOR<\/span><\/p>\n<p style=\"text-align: justify;\"><span lang=\"ES-TRAD\">\u2022\u00a0\u00a0\u00a0 INSTALACI\u00d3N DE 337 ML DE MACHUELO LINEAL DE CONCRETO PREFABRICADO DE 12x30x100 CM<\/span><\/p>\n<div class=\"gmail_default\" style=\"text-align: justify;\">\u2022\u00a0\u00a0\u00a0 NIVELACI\u00d3N DE POZOS DE VISITA<\/div>\n<div class=\"gmail_default\"><\/div>\n<div class=\"gmail_default\">Videos con aspectos:<span style=\"color: #800000;\"><strong>\u00a0<a style=\"color: #800000;\" href=\"https:\/\/we.tl\/t-8x3zPtmXO9\" target=\"_blank\" rel=\"noopener noreferrer\" data-saferedirecturl=\"https:\/\/www.google.com\/url?q=https:\/\/we.tl\/t-8x3zPtmXO9&amp;source=gmail&amp;ust=1571434663655000&amp;usg=AFQjCNHsR6CB4VraAg-JHQtUt9SfcfYWog\">https:\/\/we.tl\/t-<wbr \/>8x3zPtmXO9<\/a>\u00a0<\/strong><\/span><\/div>\n","protected":false},"excerpt":{"rendered":"<p>Las y los vecinos de la localidad El Vado se beneficiar\u00e1n con la construcci\u00f3n de empedrado zampeado que inici\u00f3 el<\/p>\n","protected":false},"author":2,"featured_media":28426,"comment_status":"closed","ping_status":"open","sticky":false,"template":"","format":"standard","meta":{"colormag_page_container_layout":"default_layout","colormag_page_sidebar_layout":"default_layout","footnotes":""},"categories":[2],"tags":[],"class_list":["post-28421","post","type-post","status-publish","format-standard","has-post-thumbnail","hentry","category-comunicacion-social"],"_links":{"self":[{"href":"https:\/\/tonala.gob.mx\/portal\/wp-json\/wp\/v2\/posts\/28421","targetHints":{"allow":["GET"]}}],"collection":[{"href":"https:\/\/tonala.gob.mx\/portal\/wp-json\/wp\/v2\/posts"}],"about":[{"href":"https:\/\/tonala.gob.mx\/portal\/wp-json\/wp\/v2\/types\/post"}],"author":[{"embeddable":true,"href":"https:\/\/tonala.gob.mx\/portal\/wp-json\/wp\/v2\/users\/2"}],"replies":[{"embeddable":true,"href":"https:\/\/tonala.gob.mx\/portal\/wp-json\/wp\/v2\/comments?post=28421"}],"version-history":[{"count":1,"href":"https:\/\/tonala.gob.mx\/portal\/wp-json\/wp\/v2\/posts\/28421\/revisions"}],"predecessor-version":[{"id":28425,"href":"https:\/\/tonala.gob.mx\/portal\/wp-json\/wp\/v2\/posts\/28421\/revisions\/28425"}],"wp:featuredmedia":[{"embeddable":true,"href":"https:\/\/tonala.gob.mx\/portal\/wp-json\/wp\/v2\/media\/28426"}],"wp:attachment":[{"href":"https:\/\/tonala.gob.mx\/portal\/wp-json\/wp\/v2\/media?parent=28421"}],"wp:term":[{"taxonomy":"category","embeddable":true,"href":"https:\/\/tonala.gob.mx\/portal\/wp-json\/wp\/v2\/categories?post=28421"},{"taxonomy":"post_tag","embeddable":true,"href":"https:\/\/tonala.gob.mx\/portal\/wp-json\/wp\/v2\/tags?post=28421"}],"curies":[{"name":"wp","href":"https:\/\/api.w.org\/{rel}","templated":true}]}}