{"id":28029,"date":"2019-09-14T09:44:19","date_gmt":"2019-09-14T15:44:19","guid":{"rendered":"http:\/\/tonala.gob.mx\/portal\/?p=28029"},"modified":"2019-09-17T11:23:46","modified_gmt":"2019-09-17T17:23:46","slug":"con-latetonala-se-recupera-el-centro-historico-y-se-continuara-con-zalatitan","status":"publish","type":"post","link":"https:\/\/tonala.gob.mx\/portal\/2019\/09\/14\/con-latetonala-se-recupera-el-centro-historico-y-se-continuara-con-zalatitan\/","title":{"rendered":"Con LateTonal\u00e1 se recupera el Centro Hist\u00f3rico y se continuar\u00e1 con Zalatit\u00e1n"},"content":{"rendered":"<div class=\"gmail_default\">\n<p dir=\"ltr\" style=\"text-align: justify;\">Ante la aceptaci\u00f3n de decenas de ciudadanos y ciudadanas, esta tarde, el Gobierno de Tonal\u00e1 hizo entrega de los avances de los trabajos de restauraci\u00f3n que se realizaron en el Centro Hist\u00f3rico y la Plaza Cihualpilli para el rescate del primero de los 11 Centros Fundacionales que se intervienen con el programa LateTonal\u00e1 y que tiene como prop\u00f3sito recuperar la identidad tonalteca, adem\u00e1s de promover el desarrollo tur\u00edstico, econ\u00f3mico y cultural.<\/p>\n<p dir=\"ltr\" style=\"text-align: center;\"><a href=\"https:\/\/tonala.gob.mx\/portal\/wp-content\/uploads\/2019\/09\/photo_2019-09-17-10.54.26.jpg\"><img fetchpriority=\"high\" decoding=\"async\" class=\"alignnone size-full wp-image-28033\" src=\"https:\/\/tonala.gob.mx\/portal\/wp-content\/uploads\/2019\/09\/photo_2019-09-17-10.54.26.jpg\" alt=\"photo_2019-09-17 10.54.26\" width=\"670\" height=\"445\" srcset=\"https:\/\/tonala.gob.mx\/portal\/wp-content\/uploads\/2019\/09\/photo_2019-09-17-10.54.26.jpg 670w, https:\/\/tonala.gob.mx\/portal\/wp-content\/uploads\/2019\/09\/photo_2019-09-17-10.54.26-300x199.jpg 300w\" sizes=\"(max-width: 670px) 100vw, 670px\" \/><\/a><\/p>\n<p dir=\"ltr\" style=\"text-align: justify;\">Durante el recorrido, el Presidente Municipal Juan Antonio Gonz\u00e1lez Mora, anunci\u00f3 que el pr\u00f3ximo Centro Fundacional que se intervendr\u00e1 ser\u00e1 Zalatit\u00e1n. Explic\u00f3 que en la rehabilitaci\u00f3n del Centro Hist\u00f3rico de Tonal\u00e1, un \u00e1rea conformada por\u00a0 38 manzanas, se realizaron trabajos de limpieza de pisos, restauraci\u00f3n de fachadas, colocaci\u00f3n de toldos en los comercios del mercado, instalaci\u00f3n de se\u00f1al\u00e9tica y balizamiento, implementaci\u00f3n del Uno a Uno en el tr\u00e1nsito vehicular, entre otras adecuaciones.<\/p>\n<p dir=\"ltr\" style=\"text-align: justify;\">\u201cEsto es solo parte de lo que se ha hecho, sin embargo, hay muchas cosas detr\u00e1s de este trabajo, las \u00faltimas semanas han sido un c\u00famulo de esfuerzos enormes por parte de la administraci\u00f3n p\u00fablica municipal, pero tambi\u00e9n de la ciudadan\u00eda, por lo cual no quiero desaprovechar el momento para agradecer a todos los actores involucrados en la planeaci\u00f3n, operaci\u00f3n y ejecuci\u00f3n de las obras que se est\u00e1n realizando en el municipio y a los comerciantes\u201d, explic\u00f3 Gonz\u00e1lez Mora.<\/p>\n<p dir=\"ltr\" style=\"text-align: center;\"><a href=\"https:\/\/tonala.gob.mx\/portal\/wp-content\/uploads\/2019\/09\/photo_2019-09-17-10.59.03.jpg\"><img decoding=\"async\" class=\"alignnone size-full wp-image-28034\" src=\"https:\/\/tonala.gob.mx\/portal\/wp-content\/uploads\/2019\/09\/photo_2019-09-17-10.59.03.jpg\" alt=\"photo_2019-09-17 10.59.03\" width=\"670\" height=\"445\" srcset=\"https:\/\/tonala.gob.mx\/portal\/wp-content\/uploads\/2019\/09\/photo_2019-09-17-10.59.03.jpg 670w, https:\/\/tonala.gob.mx\/portal\/wp-content\/uploads\/2019\/09\/photo_2019-09-17-10.59.03-300x199.jpg 300w\" sizes=\"(max-width: 670px) 100vw, 670px\" \/><\/a><\/p>\n<p dir=\"ltr\" style=\"text-align: justify;\">Adem\u00e1s, se han pintado 95 fachadas, 23 letreros, 68 cortinas de fachadas y mercado, 15 canceles de mercado, 75 pie de \u00e1rbol, 35 registros y 4 jardineras. Se super\u00f3 la meta de las \u00e1reas que se pintaron de 14 mil metros cuadrados proyectados se extendi\u00f3 a 18 mil, es decir, 4 mil metros cuadrados m\u00e1s. Se han instalado 10 postes y 110 luminarias nuevas, as\u00ed como el cambio de la iluminaci\u00f3n en portales de presidencia, se reemplazaron las l\u00e1mparas convencionales con tecnolog\u00eda LED reduciendo el costo de energ\u00eda el\u00e9ctrica y el impacto ambiental.<\/p>\n<p dir=\"ltr\" style=\"text-align: justify;\">Se colocaron 16 botes de basura y se reemplazaron los que estaban en mal estado, adem\u00e1s, se retiraron canceles de jardineras y casetas de tel\u00e9fono que ya no eran \u00fatiles y estaban mal ubicadas. Se plantaron 34 \u00e1rboles de tipo Array\u00e1n, y se adecuaron las jardineras con 800 plantas, se colocaron 150 metros de pasto, adem\u00e1s de 3 metros c\u00fabicos de piedra oxidada.<\/p>\n<p dir=\"ltr\" style=\"text-align: justify;\">LateTonal\u00e1, es un programa integral que busca recuperar la identidad tonalteca, beneficiar al comercio, el desarrollo econ\u00f3mico, la apropiaci\u00f3n de los espacios p\u00fablicos por parte de las y los vecinos as\u00ed como consolidar al municipio como un lugar tur\u00edstico con sus Centros Fundacionales, a trav\u00e9s de seis ejes de intervenci\u00f3n: Intervenci\u00f3n del espacio p\u00fablico; Seguridad; Desarrollo Econ\u00f3mico; Comercio ordenado; Libre tr\u00e1nsito; y Promoci\u00f3n Tur\u00edstica y Cultural.<\/p>\n<p dir=\"ltr\" style=\"text-align: center;\"><a href=\"https:\/\/tonala.gob.mx\/portal\/wp-content\/uploads\/2019\/09\/photo_2019-09-17-10.53.08.jpg\"><img decoding=\"async\" class=\"alignnone size-full wp-image-28032\" src=\"https:\/\/tonala.gob.mx\/portal\/wp-content\/uploads\/2019\/09\/photo_2019-09-17-10.53.08.jpg\" alt=\"photo_2019-09-17 10.53.08\" width=\"667\" height=\"445\" srcset=\"https:\/\/tonala.gob.mx\/portal\/wp-content\/uploads\/2019\/09\/photo_2019-09-17-10.53.08.jpg 667w, https:\/\/tonala.gob.mx\/portal\/wp-content\/uploads\/2019\/09\/photo_2019-09-17-10.53.08-300x200.jpg 300w\" sizes=\"(max-width: 667px) 100vw, 667px\" \/><\/a><\/p>\n<p dir=\"ltr\" style=\"text-align: justify;\">Los trabajos del Centro Hist\u00f3rico arrancaron el pasado mes de agosto con una inversi\u00f3n de un mill\u00f3n 500 mil pesos, recursos provenientes de ahorros que se han realizado en la administraci\u00f3n.<\/p>\n<p dir=\"ltr\">En el marco de Late Tonal\u00e1, el presidente municipal coron\u00f3 a G\u00e9nesis Giordana Vazquez Aceves como Reina de las Fiestas Patrias y se otorg\u00f3 la corona de princesa a Lizeth Yamileth Vel\u00e1zquez Alonso.<\/p>\n<\/div>\n<p>&#8212;\u00a0<span class=\"gmail_default\">Video de recorrido de los trabajos de Late Tonal\u00e1:\u00a0<\/span><strong><span class=\"gmail_default\" style=\"color: #800000;\"><a style=\"color: #800000;\" href=\"https:\/\/we.tl\/t-a5mBeX9iHF\" target=\"_blank\" rel=\"noopener noreferrer noreferrer\" data-saferedirecturl=\"https:\/\/www.google.com\/url?q=https:\/\/we.tl\/t-a5mBeX9iHF&amp;source=gmail&amp;ust=1568821147679000&amp;usg=AFQjCNGPAKsfQG5geX_sFG8a3Y30ms6MKg\">https:\/\/we.tl\/t-a5mBeX9iHF<\/a>\u00a0<\/span><\/strong><\/p>\n","protected":false},"excerpt":{"rendered":"<p>Ante la aceptaci\u00f3n de decenas de ciudadanos y ciudadanas, esta tarde, el Gobierno de Tonal\u00e1 hizo entrega de los avances<\/p>\n","protected":false},"author":2,"featured_media":28045,"comment_status":"closed","ping_status":"open","sticky":false,"template":"","format":"standard","meta":{"colormag_page_container_layout":"default_layout","colormag_page_sidebar_layout":"default_layout","footnotes":""},"categories":[2],"tags":[],"class_list":["post-28029","post","type-post","status-publish","format-standard","has-post-thumbnail","hentry","category-comunicacion-social"],"_links":{"self":[{"href":"https:\/\/tonala.gob.mx\/portal\/wp-json\/wp\/v2\/posts\/28029","targetHints":{"allow":["GET"]}}],"collection":[{"href":"https:\/\/tonala.gob.mx\/portal\/wp-json\/wp\/v2\/posts"}],"about":[{"href":"https:\/\/tonala.gob.mx\/portal\/wp-json\/wp\/v2\/types\/post"}],"author":[{"embeddable":true,"href":"https:\/\/tonala.gob.mx\/portal\/wp-json\/wp\/v2\/users\/2"}],"replies":[{"embeddable":true,"href":"https:\/\/tonala.gob.mx\/portal\/wp-json\/wp\/v2\/comments?post=28029"}],"version-history":[{"count":1,"href":"https:\/\/tonala.gob.mx\/portal\/wp-json\/wp\/v2\/posts\/28029\/revisions"}],"predecessor-version":[{"id":28036,"href":"https:\/\/tonala.gob.mx\/portal\/wp-json\/wp\/v2\/posts\/28029\/revisions\/28036"}],"wp:featuredmedia":[{"embeddable":true,"href":"https:\/\/tonala.gob.mx\/portal\/wp-json\/wp\/v2\/media\/28045"}],"wp:attachment":[{"href":"https:\/\/tonala.gob.mx\/portal\/wp-json\/wp\/v2\/media?parent=28029"}],"wp:term":[{"taxonomy":"category","embeddable":true,"href":"https:\/\/tonala.gob.mx\/portal\/wp-json\/wp\/v2\/categories?post=28029"},{"taxonomy":"post_tag","embeddable":true,"href":"https:\/\/tonala.gob.mx\/portal\/wp-json\/wp\/v2\/tags?post=28029"}],"curies":[{"name":"wp","href":"https:\/\/api.w.org\/{rel}","templated":true}]}}