{"id":28012,"date":"2019-09-14T13:46:45","date_gmt":"2019-09-14T19:46:45","guid":{"rendered":"http:\/\/tonala.gob.mx\/portal\/?p=28012"},"modified":"2019-09-14T13:46:45","modified_gmt":"2019-09-14T19:46:45","slug":"juan-antonio-gonzalez-presidente-de-tonala-rinde-su-primer-informe-de-gobierno","status":"publish","type":"post","link":"https:\/\/tonala.gob.mx\/portal\/2019\/09\/14\/juan-antonio-gonzalez-presidente-de-tonala-rinde-su-primer-informe-de-gobierno\/","title":{"rendered":"Juan Antonio Gonz\u00e1lez, presidente de Tonal\u00e1 rinde su primer Informe de Gobierno"},"content":{"rendered":"<p style=\"font-weight: 400; text-align: justify;\">Esta ma\u00f1ana, el presidente municipal de Tonal\u00e1, Juan Antonio Gonz\u00e1lez Mora, rindi\u00f3 su Primer\u00a0 Informe de Gobierno, en un ejercicio de rendici\u00f3n de cuentas in\u00e9dito en que se abordaron los retos, desaf\u00edos y avances del municipio desde la perspectiva de personalidades del Estado de Jalisco.<\/p>\n<p style=\"font-weight: 400; text-align: center;\"><a href=\"https:\/\/tonala.gob.mx\/portal\/wp-content\/uploads\/2019\/09\/photo_2019-09-14-14.25.09.jpg\"><img fetchpriority=\"high\" decoding=\"async\" class=\"alignnone size-large wp-image-28015\" src=\"https:\/\/tonala.gob.mx\/portal\/wp-content\/uploads\/2019\/09\/photo_2019-09-14-14.25.09-1024x682.jpg\" alt=\"photo_2019-09-14 14.25.09\" width=\"800\" height=\"533\" srcset=\"https:\/\/tonala.gob.mx\/portal\/wp-content\/uploads\/2019\/09\/photo_2019-09-14-14.25.09-1024x682.jpg 1024w, https:\/\/tonala.gob.mx\/portal\/wp-content\/uploads\/2019\/09\/photo_2019-09-14-14.25.09-300x200.jpg 300w, https:\/\/tonala.gob.mx\/portal\/wp-content\/uploads\/2019\/09\/photo_2019-09-14-14.25.09-768x512.jpg 768w, https:\/\/tonala.gob.mx\/portal\/wp-content\/uploads\/2019\/09\/photo_2019-09-14-14.25.09.jpg 1280w\" sizes=\"(max-width: 800px) 100vw, 800px\" \/><\/a><\/p>\n<p style=\"font-weight: 400; text-align: justify;\">\u201cPerspectivas del Informe, fue un ejercicio de retroalimentaci\u00f3n con las personalidades que representan distintos sectores como la academia, la sociedad civil y l\u00edderes de opini\u00f3n, como la Doctora Annel V\u00e1zquez, integrante del Comit\u00e9 de Participaci\u00f3n Social del Sistema Anticorrupci\u00f3n; el periodista y analista pol\u00edtico Enrique Toussaint y la Maestra en Ciencias Sociales por la Universidad de Guadalajara, Margarita Hern\u00e1ndez Ortiz, quienes resaltaron los desaf\u00edos que tiene el municipio por delante y analizaron el Informe presentado por el presidente municipal en el primer a\u00f1o al frente del gobierno de Tonal\u00e1.<\/p>\n<p style=\"font-weight: 400; text-align: justify;\">Durante su mensaje, el presidente municipal Juan Antonio Gonz\u00e1lez reiter\u00f3 que hoy en Tonal\u00e1 se ha logrado impulsar un gobierno que trabaja para la gente y no para los grupos de poder; haciendo un gobierno responsable y transparente, que ha puesto en el centro de las decisiones a la ciudadan\u00eda.<\/p>\n<p style=\"font-weight: 400; text-align: justify;\">\u201cDesde el primer d\u00eda de gobierno nos dimos cuenta que si quer\u00edamos cumplirle a las y a los tonaltecas, lo primero que ten\u00edamos que hacer era poner orden, orden administrativo, orden en los recursos humanos, financieros y materiales, orden para erradicar la manera tradicional y arcaica con la que se ven\u00eda gobernando. La tarea de poner orden no es sencilla, no es r\u00e1pida ya que hay costumbres, hay inercias, hay vicios, hay intereses\u201d, se\u00f1al\u00f3.<\/p>\n<p style=\"font-weight: 400; text-align: justify;\"><a href=\"https:\/\/tonala.gob.mx\/portal\/wp-content\/uploads\/2019\/09\/photo_2019-09-14-14.25.06.jpg\"><img decoding=\"async\" class=\"alignnone size-large wp-image-28014\" src=\"https:\/\/tonala.gob.mx\/portal\/wp-content\/uploads\/2019\/09\/photo_2019-09-14-14.25.06-1024x682.jpg\" alt=\"photo_2019-09-14 14.25.06\" width=\"800\" height=\"533\" srcset=\"https:\/\/tonala.gob.mx\/portal\/wp-content\/uploads\/2019\/09\/photo_2019-09-14-14.25.06-1024x682.jpg 1024w, https:\/\/tonala.gob.mx\/portal\/wp-content\/uploads\/2019\/09\/photo_2019-09-14-14.25.06-300x200.jpg 300w, https:\/\/tonala.gob.mx\/portal\/wp-content\/uploads\/2019\/09\/photo_2019-09-14-14.25.06-768x512.jpg 768w, https:\/\/tonala.gob.mx\/portal\/wp-content\/uploads\/2019\/09\/photo_2019-09-14-14.25.06.jpg 1280w\" sizes=\"(max-width: 800px) 100vw, 800px\" \/><\/a><\/p>\n<p style=\"font-weight: 400; text-align: justify;\">Indic\u00f3 que con el orden administrativo que se implement\u00f3 desde el primer d\u00eda de gobierno, se realizaron ahorros con lo que se pudo participar con 21 millones de pesos de recurso municipal para dotar de mochilas, \u00fatiles escolares, zapatos y uniformes, beneficiando a m\u00e1s de 78 mil estudiantes; el a\u00f1o pasado este programa fue suspendido por falta de recursos. Adem\u00e1s con la estrategia de austeridad implementada por el gobierno se logr\u00f3 adquirir 25 patrullas, dos ambulancias para Servicios M\u00e9dicos y una motobomba para Protecci\u00f3n Civil y Bomberos sin deuda.<\/p>\n<p style=\"font-weight: 400; text-align: justify;\">El presidente destac\u00f3 el Programa Late Tonal\u00e1, que consiste en rescatar los 11 centros fundacionales del municipio, indic\u00f3 que ya qued\u00f3 rehabilitado el primero de ellos que es el centro hist\u00f3rico de Tonal\u00e1, a trav\u00e9s de 5 ejes de intervenci\u00f3n: seguridad, desarrollo econ\u00f3mico, comercio ordenado, libre tr\u00e1nsito y promoci\u00f3n tur\u00edstica y cultural.<\/p>\n<p style=\"font-weight: 400; text-align: justify;\">\n<p style=\"font-weight: 400; text-align: justify;\"><a href=\"https:\/\/tonala.gob.mx\/portal\/wp-content\/uploads\/2019\/09\/photo_2019-09-14-14.25.02.jpg\"><img decoding=\"async\" class=\"alignnone size-large wp-image-28013\" src=\"https:\/\/tonala.gob.mx\/portal\/wp-content\/uploads\/2019\/09\/photo_2019-09-14-14.25.02-1024x682.jpg\" alt=\"photo_2019-09-14 14.25.02\" width=\"800\" height=\"533\" srcset=\"https:\/\/tonala.gob.mx\/portal\/wp-content\/uploads\/2019\/09\/photo_2019-09-14-14.25.02-1024x682.jpg 1024w, https:\/\/tonala.gob.mx\/portal\/wp-content\/uploads\/2019\/09\/photo_2019-09-14-14.25.02-300x200.jpg 300w, https:\/\/tonala.gob.mx\/portal\/wp-content\/uploads\/2019\/09\/photo_2019-09-14-14.25.02-768x512.jpg 768w, https:\/\/tonala.gob.mx\/portal\/wp-content\/uploads\/2019\/09\/photo_2019-09-14-14.25.02.jpg 1280w\" sizes=\"(max-width: 800px) 100vw, 800px\" \/><\/a><\/p>\n<p style=\"font-weight: 400; text-align: justify;\">En materia de seguridad Juan Antonio Gonz\u00e1lez destac\u00f3 que adem\u00e1s de las patrullas, uniformes y la adhesi\u00f3n a Polic\u00eda Metropolitana, se implement\u00f3 una estrategia de prevenci\u00f3n para prevenir y erradicar la violencia desde la ni\u00f1ez, una estrategia de fondo que se suma a la implementaci\u00f3n del Modelo Homologado de Justicia C\u00edvica, con el cual Tonal\u00e1 se ha convertido en el primer municipio del Estado de Jalisco en implementar un sistema que permite a trav\u00e9s de la conciliaci\u00f3n y mediaci\u00f3n de jueces c\u00edvicos que delitos menores escalen a delitos de alto impacto. Indic\u00f3 que Tonal\u00e1 ya cuenta con instalaciones nuevas para el Juzgado C\u00edvico.<\/p>\n<p style=\"font-weight: 400; text-align: justify;\">\n<p style=\"font-weight: 400; text-align: justify;\">El presidente anunci\u00f3 que antes de que termine el a\u00f1o se realizar\u00e1 una inversi\u00f3n de m\u00e1s de 230 millones de peros para:<\/p>\n<p style=\"font-weight: 400;\">\n<ul>\n<li style=\"font-weight: 400; text-align: justify;\">La pavimentaci\u00f3n con concreto hidr\u00e1ulico de Av. Constituci\u00f3n, de calle Industria a calle Ju\u00e1rez y la Av. Zalatit\u00e1n de Av. Gigantes a Juan Gil Preciado.<\/li>\n<li style=\"font-weight: 400; text-align: justify;\">La pavimentaci\u00f3n con asfalto de la Av. Salvador Hinojosa, de la Av. Tonal\u00e1 a Av. Las Torres.<\/li>\n<li style=\"font-weight: 400; text-align: justify;\">El empedrado zampeado en calle Zaragoza, entre Ni\u00f1os H\u00e9roes y calle Coyula.<\/li>\n<li style=\"font-weight: 400; text-align: justify;\">La primera etapa de la pavimentaci\u00f3n con concreto hidr\u00e1ulico de Av. Zalatit\u00e1n, de San Gaspar a calle Azafr\u00e1n.<\/li>\n<li style=\"font-weight: 400; text-align: justify;\">La pavimentaci\u00f3n con concreto hidr\u00e1ulico de la calle Antonio caso, desde gigantes hasta la Prepa Norte, en la calle Juan Gil Preciado;<\/li>\n<li style=\"font-weight: 400; text-align: justify;\">La Rehabilitaci\u00f3n del Parque Solidaridad;<\/li>\n<\/ul>\n<ul style=\"text-align: justify;\">\n<li style=\"font-weight: 400;\">\u00a0La Rehabilitaci\u00f3n de la Unidad Deportiva Palenque, en Loma Dorada;<\/li>\n<\/ul>\n<ul>\n<li style=\"font-weight: 400; text-align: justify;\">Espacios dignos y equipamiento a la escuela Secundaria T\u00e9cnica 34 en Puente Grande, Antonio Y\u00e1\u00f1ez en Bella Vista e Idolina Gaona en Loma Dorada;<\/li>\n<li style=\"font-weight: 400; text-align: justify;\">Infraestructura hidr\u00e1ulica en Santa Paula, San Miguel de la Punta, El Pardo y Coyula; y<\/li>\n<li style=\"font-weight: 400; text-align: justify;\">La rehabilitaci\u00f3n del Centro de Salud en la localidad de Puente Grande.<\/li>\n<\/ul>\n<p style=\"font-weight: 400; text-align: justify;\">Esta inversi\u00f3n ser\u00e1 adicional a los 60 millones de pesos que ya ha invertido el gobierno tonalteca en infraestructura b\u00e1sica.<\/p>\n<p style=\"font-weight: 400; text-align: justify;\">\n<p style=\"font-weight: 400; text-align: justify;\">Por su parte, el Gobernador del Estado, Enrique Alfaro Ram\u00edrez, se\u00f1al\u00f3 que Tonal\u00e1 ser\u00e1 una prioridad para el Gobierno de Jalisco, record\u00f3 que junto al presidente municipal Juan Antonio Gonz\u00e1lez recorrieron las calles e hicieron el compromiso con las y los tonaltecas de no defraudar su confianza para cambiar la realidad del municipio.<\/p>\n<p style=\"font-weight: 400;\">\n<p style=\"font-weight: 400; text-align: justify;\">\u201cUna realidad de muchos a\u00f1os, de mucho abandono, una historia que tenemos que cambiar juntos, todos. Nuestro estado necesita reconciliaci\u00f3n, necesitamos trabajar de la mano todos para salir adelante y Tonal\u00e1 cuenta con el Gobierno del estado para seguir con la ruta\u201d, reiter\u00f3.<\/p>\n<p style=\"font-weight: 400; text-align: justify;\">En el informe se record\u00f3 que una de las acciones m\u00e1s significativas que se comprometieron en campa\u00f1a Enrique Alfaro y Juan Antonio, fue la construcci\u00f3n del nuevo Hospital Civil en Tonal\u00e1 y estos trabajos ya comenzaron. El presidente municipal indic\u00f3 que lo que era un sue\u00f1o en los pr\u00f3ximos a\u00f1os ser\u00e1 una realidad.<\/p>\n<p style=\"font-weight: 400; text-align: justify;\">El Primer Informe de Actividades del Presidente Municipal estar\u00e1 disponible en<strong><span style=\"color: #800000;\">\u00a0<a style=\"color: #800000;\" href=\"https:\/\/tonala.gob.mx\/portal\/\" data-saferedirecturl=\"https:\/\/www.google.com\/url?q=https:\/\/tonala.gob.mx\/portal\/&amp;source=gmail&amp;ust=1568576237075000&amp;usg=AFQjCNGe5d9snHjlKD1TkxdudjVKGKuakA\">https:\/\/tonala.gob.mx\/portal\/<\/a>,<\/span><\/strong> as\u00ed como los videos de las intervenciones de las personalidades que realizaron la retroalimentaci\u00f3n de los retos, desaf\u00edos y avances en el Gobierno de Tonal\u00e1.<\/p>\n<p><strong>Material gr\u00e1fico:<\/strong><\/p>\n<p style=\"font-weight: 400;\">Discurso del presidente Juan Antonio Gonz\u00e1lez Mora:\u00a0<strong><span style=\"color: #800000;\"><a style=\"color: #800000;\" href=\"https:\/\/we.tl\/t-VX8GBwm6XA\" data-saferedirecturl=\"https:\/\/www.google.com\/url?q=https:\/\/we.tl\/t-VX8GBwm6XA&amp;source=gmail&amp;ust=1568576237075000&amp;usg=AFQjCNHHWgbkzGIoZSMWh75hyzwPwVsdJQ\">https:\/\/we.tl\/t-VX8GBwm6XA<\/a><\/span><\/strong><\/p>\n<p style=\"font-weight: 400;\">Discurso de Margarita Hern\u00e1ndez Ort\u00edz:\u00a0<strong><span style=\"color: #800000;\"><a style=\"color: #800000;\" href=\"https:\/\/we.tl\/t-zgxVLHvrgf\" data-saferedirecturl=\"https:\/\/www.google.com\/url?q=https:\/\/we.tl\/t-zgxVLHvrgf&amp;source=gmail&amp;ust=1568576237075000&amp;usg=AFQjCNGdWCmrhQqQ6RpVTHq6pAALbx4j9A\">https:\/\/we.tl\/t-zgxVLHvrgf<\/a>\u00a0\u00a0<\/span><\/strong><\/p>\n<p style=\"font-weight: 400;\">Discurso de la Dra. Anel V\u00e1zquez\u00a0\u00a0<strong><span style=\"color: #800000;\"><a style=\"color: #800000;\" href=\"https:\/\/we.tl\/t-3ZusDHMrBh\" data-saferedirecturl=\"https:\/\/www.google.com\/url?q=https:\/\/we.tl\/t-3ZusDHMrBh&amp;source=gmail&amp;ust=1568576237076000&amp;usg=AFQjCNHmfAJ4Dj2rnuF7UyPGR-p5F-Tv5A\">https:\/\/we.tl\/t-3ZusDHMrBh<\/a><\/span><\/strong><\/p>\n<p style=\"font-weight: 400;\">Discurso de Enrique Toussaint Orendain: <strong><span style=\"color: #800000;\"><a style=\"color: #800000;\" href=\"https:\/\/we.tl\/t-IDLhdQBYdJ\" data-saferedirecturl=\"https:\/\/www.google.com\/url?q=https:\/\/we.tl\/t-IDLhdQBYdJ&amp;source=gmail&amp;ust=1568576237076000&amp;usg=AFQjCNFmEcMoh_IJgh2mhljOjDwf3X3eNg\">https:\/\/we.tl\/t-IDLhdQBYdJ<\/a><\/span><\/strong><\/p>\n<p style=\"font-weight: 400;\">Respuesta del presidente Juan Antonio Gonz\u00e1lez a los invitados especiales:\u00a0<strong><span style=\"color: #800000;\"><a style=\"color: #800000;\" href=\"https:\/\/we.tl\/t-saMcHvQ5U2\" data-saferedirecturl=\"https:\/\/www.google.com\/url?q=https:\/\/we.tl\/t-saMcHvQ5U2&amp;source=gmail&amp;ust=1568576237076000&amp;usg=AFQjCNEuC95NuY1vpywLRbaS2I58P-5Ptg\">https:\/\/we.tl\/t-saMcHvQ5U2<\/a><\/span><\/strong><\/p>\n<p style=\"font-weight: 400;\">Audio de las personalidades que comentaron el Informe de Gobierno:<span style=\"color: #800000;\"><strong>\u00a0<a style=\"color: #800000;\" href=\"https:\/\/wetransfer.com\/downloads\/511de6a2939d77b56100c5d219240d7d20190914183508\/04360669e2ea493027ac46c80717f69120190914183508\/cc23c9\" data-saferedirecturl=\"https:\/\/www.google.com\/url?q=https:\/\/wetransfer.com\/downloads\/511de6a2939d77b56100c5d219240d7d20190914183508\/04360669e2ea493027ac46c80717f69120190914183508\/cc23c9&amp;source=gmail&amp;ust=1568576237076000&amp;usg=AFQjCNF1qoIsRvZWMgzhblIM15o26hjkvg\">https:\/\/wetransfer.com\/downloads\/511de6a2939d77b56100c5d219240d7d20190914183508\/04360669e2ea493027ac46c80717f69120190914183508\/cc23c9<\/a>\u00a0 \u00a0 \u00a0<\/strong><\/span><\/p>\n<p style=\"font-weight: 400;\"><strong><a href=\"https:\/\/tonala.gob.mx\/portal\/assets\/ARCHIVO%20COMPLETO%20PARA%20IMPRESI%C3%93N%20VF.pdf\"><span style=\"color: #800000;\">DESCARGA EL PRIMER INFORME DE GOBIERNO.\u00a0 AQUI\u00a0<\/span><\/a><\/strong><\/p>\n","protected":false},"excerpt":{"rendered":"<p>Esta ma\u00f1ana, el presidente municipal de Tonal\u00e1, Juan Antonio Gonz\u00e1lez Mora, rindi\u00f3 su Primer\u00a0 Informe de Gobierno, en un ejercicio<\/p>\n","protected":false},"author":2,"featured_media":28013,"comment_status":"closed","ping_status":"open","sticky":false,"template":"","format":"standard","meta":{"colormag_page_container_layout":"default_layout","colormag_page_sidebar_layout":"default_layout","footnotes":""},"categories":[2],"tags":[],"class_list":["post-28012","post","type-post","status-publish","format-standard","has-post-thumbnail","hentry","category-comunicacion-social"],"_links":{"self":[{"href":"https:\/\/tonala.gob.mx\/portal\/wp-json\/wp\/v2\/posts\/28012","targetHints":{"allow":["GET"]}}],"collection":[{"href":"https:\/\/tonala.gob.mx\/portal\/wp-json\/wp\/v2\/posts"}],"about":[{"href":"https:\/\/tonala.gob.mx\/portal\/wp-json\/wp\/v2\/types\/post"}],"author":[{"embeddable":true,"href":"https:\/\/tonala.gob.mx\/portal\/wp-json\/wp\/v2\/users\/2"}],"replies":[{"embeddable":true,"href":"https:\/\/tonala.gob.mx\/portal\/wp-json\/wp\/v2\/comments?post=28012"}],"version-history":[{"count":1,"href":"https:\/\/tonala.gob.mx\/portal\/wp-json\/wp\/v2\/posts\/28012\/revisions"}],"predecessor-version":[{"id":28020,"href":"https:\/\/tonala.gob.mx\/portal\/wp-json\/wp\/v2\/posts\/28012\/revisions\/28020"}],"wp:featuredmedia":[{"embeddable":true,"href":"https:\/\/tonala.gob.mx\/portal\/wp-json\/wp\/v2\/media\/28013"}],"wp:attachment":[{"href":"https:\/\/tonala.gob.mx\/portal\/wp-json\/wp\/v2\/media?parent=28012"}],"wp:term":[{"taxonomy":"category","embeddable":true,"href":"https:\/\/tonala.gob.mx\/portal\/wp-json\/wp\/v2\/categories?post=28012"},{"taxonomy":"post_tag","embeddable":true,"href":"https:\/\/tonala.gob.mx\/portal\/wp-json\/wp\/v2\/tags?post=28012"}],"curies":[{"name":"wp","href":"https:\/\/api.w.org\/{rel}","templated":true}]}}