{"id":27938,"date":"2019-09-05T15:57:48","date_gmt":"2019-09-05T21:57:48","guid":{"rendered":"http:\/\/tonala.gob.mx\/portal\/?p=27938"},"modified":"2019-09-05T15:57:48","modified_gmt":"2019-09-05T21:57:48","slug":"gobierno-de-tonala-arranca-con-la-entrega-de-utiles-mochilas-uniformes-y-zapatos-escolares","status":"publish","type":"post","link":"https:\/\/tonala.gob.mx\/portal\/2019\/09\/05\/gobierno-de-tonala-arranca-con-la-entrega-de-utiles-mochilas-uniformes-y-zapatos-escolares\/","title":{"rendered":"Gobierno de Tonal\u00e1 arranca con la entrega de \u00fatiles, mochilas, uniformes y zapatos escolares"},"content":{"rendered":"<p style=\"text-align: justify;\"><span lang=\"ES-US\">Esta ma\u00f1ana el Gobierno de Tonal\u00e1 arranc\u00f3 con la entrega de mochilas, \u00fatiles, uniformes y zapatos escolares para 78 mil 600 ni\u00f1os y ni\u00f1as de primaria y j\u00f3venes de secundaria,\u00a0 lo que representa un apoyo por cada alumno de mil 200 pesos en promedio, que beneficiar\u00e1 a la econom\u00eda familiar y pretende evitar la deserci\u00f3n escolar. La inversi\u00f3n municipal para entregar el programa estatal Recrea: Educando para la vida fue de 21 millones de pesos.<\/span><\/p>\n<p style=\"text-align: center;\"><span lang=\"ES-US\">\u00a0<a href=\"https:\/\/tonala.gob.mx\/portal\/wp-content\/uploads\/2019\/09\/photo_2019-09-05-16.45.06.jpg\"><img fetchpriority=\"high\" decoding=\"async\" class=\"alignnone size-large wp-image-27942\" src=\"https:\/\/tonala.gob.mx\/portal\/wp-content\/uploads\/2019\/09\/photo_2019-09-05-16.45.06-1024x682.jpg\" alt=\"photo_2019-09-05 16.45.06\" width=\"800\" height=\"533\" srcset=\"https:\/\/tonala.gob.mx\/portal\/wp-content\/uploads\/2019\/09\/photo_2019-09-05-16.45.06-1024x682.jpg 1024w, https:\/\/tonala.gob.mx\/portal\/wp-content\/uploads\/2019\/09\/photo_2019-09-05-16.45.06-300x200.jpg 300w, https:\/\/tonala.gob.mx\/portal\/wp-content\/uploads\/2019\/09\/photo_2019-09-05-16.45.06-768x512.jpg 768w, https:\/\/tonala.gob.mx\/portal\/wp-content\/uploads\/2019\/09\/photo_2019-09-05-16.45.06.jpg 1280w\" sizes=\"(max-width: 800px) 100vw, 800px\" \/><\/a><\/span><\/p>\n<p style=\"text-align: justify;\"><span lang=\"ES-US\">Desde la Secundaria T\u00e9cnica no. 85 en Tonal\u00e1, el presidente municipal, Juan Antonio Gonz\u00e1lez Mora, resalt\u00f3 que se logr\u00f3 eficientar el manejo de los recursos p\u00fablicos de una manera ordenada y responsable lo que permiti\u00f3 dotar de mochilas, \u00fatiles, uniformes y zapatos a los alumnos y alumnas de 171 primarias y 50 secundarias. Esta inversi\u00f3n se realiz\u00f3 sin contraer ni un peso de deuda, enfatiz\u00f3.<\/span><\/p>\n<p style=\"text-align: center;\"><span lang=\"ES-US\">\u00a0<a href=\"https:\/\/tonala.gob.mx\/portal\/wp-content\/uploads\/2019\/09\/photo_2019-09-05-16.44.29.jpg\"><img decoding=\"async\" class=\"alignnone size-large wp-image-27940\" src=\"https:\/\/tonala.gob.mx\/portal\/wp-content\/uploads\/2019\/09\/photo_2019-09-05-16.44.29-1024x682.jpg\" alt=\"photo_2019-09-05 16.44.29\" width=\"800\" height=\"533\" srcset=\"https:\/\/tonala.gob.mx\/portal\/wp-content\/uploads\/2019\/09\/photo_2019-09-05-16.44.29-1024x682.jpg 1024w, https:\/\/tonala.gob.mx\/portal\/wp-content\/uploads\/2019\/09\/photo_2019-09-05-16.44.29-300x200.jpg 300w, https:\/\/tonala.gob.mx\/portal\/wp-content\/uploads\/2019\/09\/photo_2019-09-05-16.44.29-768x512.jpg 768w, https:\/\/tonala.gob.mx\/portal\/wp-content\/uploads\/2019\/09\/photo_2019-09-05-16.44.29.jpg 1280w\" sizes=\"(max-width: 800px) 100vw, 800px\" \/><\/a><\/span><\/p>\n<p style=\"text-align: justify;\"><span lang=\"ES-US\">\u00abEste apoyo de \u00fatiles escolares surge de los ahorros que hicimos de no contratar a m\u00e1s de 300 personas, de un gobierno austero, trabajando de frente a la gente porque nos debemos a ustedes\u00bb, reiter\u00f3.<\/span><\/p>\n<p style=\"text-align: justify;\"><span lang=\"ES-US\">Por su parte, en representaci\u00f3n del Gobernador de Jalisco, Enrique Alfaro Ram\u00edrez, la secretaria de Cultura, Giovana Elizabeth Jaspersen Garc\u00eda, comparti\u00f3 que estas acciones de gobierno que benefician a ni\u00f1os, ni\u00f1as, j\u00f3venes, madres y padres de familia y contribuyen a construir el Jalisco de ma\u00f1ana. \u00abUstedes son el presente, son un tema que nos preocupa a todos\u00bb dijo a los estudiantes de la secundaria n\u00famero 85.\u00a0\u00a0<\/span><\/p>\n<p style=\"text-align: center;\"><span lang=\"ES-US\">\u00a0<a href=\"https:\/\/tonala.gob.mx\/portal\/wp-content\/uploads\/2019\/09\/photo_2019-09-05-16.44.51.jpg\"><img decoding=\"async\" class=\"alignnone size-large wp-image-27941\" src=\"https:\/\/tonala.gob.mx\/portal\/wp-content\/uploads\/2019\/09\/photo_2019-09-05-16.44.51-1024x683.jpg\" alt=\"photo_2019-09-05 16.44.51\" width=\"800\" height=\"534\" srcset=\"https:\/\/tonala.gob.mx\/portal\/wp-content\/uploads\/2019\/09\/photo_2019-09-05-16.44.51-1024x683.jpg 1024w, https:\/\/tonala.gob.mx\/portal\/wp-content\/uploads\/2019\/09\/photo_2019-09-05-16.44.51-300x200.jpg 300w, https:\/\/tonala.gob.mx\/portal\/wp-content\/uploads\/2019\/09\/photo_2019-09-05-16.44.51-768x512.jpg 768w, https:\/\/tonala.gob.mx\/portal\/wp-content\/uploads\/2019\/09\/photo_2019-09-05-16.44.51.jpg 1280w\" sizes=\"(max-width: 800px) 100vw, 800px\" \/><\/a><\/span><\/p>\n<p style=\"text-align: justify;\"><span lang=\"ES-US\">Asimismo, el subsecretario de Gesti\u00f3n Integral de Recursos y Programas Sociales, Ram\u00f3n Demetrio Guerrero Mart\u00ednez, reconoci\u00f3 el trabajo de gesti\u00f3n del presidente municipal, Juan Antonio Gonz\u00e1lez, para sumarse al programa estatal \u00abRecrea: Educando para la vida\u00bb y as\u00ed dotar a los alumnos de primaria y secundaria de sus \u00fatiles escolares.<\/span><\/p>\n<p style=\"text-align: justify;\">Para finalizar el presidente municipal se\u00f1al\u00f3 que cuando anduvo en campa\u00f1a constantemente le preguntaba la ciudadan\u00eda, por qu\u00e9 en Tonal\u00e1 no se entregaba estos apoyos como en los municipios vecinos, record\u00f3 que el a\u00f1o pasado no hubo mochilas ni \u00fatiles para los estudiantes y que fue un compromiso el realizar una administraci\u00f3n ordenada para que los recursos alcanzaran y poder ayudar a las familias con este apoyo.<\/p>\n<p style=\"text-align: center;\"><span lang=\"ES-US\">\u00a0<a href=\"https:\/\/tonala.gob.mx\/portal\/wp-content\/uploads\/2019\/09\/photo_2019-09-05-16.45.16.jpg\"><img loading=\"lazy\" decoding=\"async\" class=\"alignnone size-large wp-image-27943\" src=\"https:\/\/tonala.gob.mx\/portal\/wp-content\/uploads\/2019\/09\/photo_2019-09-05-16.45.16-1024x682.jpg\" alt=\"photo_2019-09-05 16.45.16\" width=\"800\" height=\"533\" srcset=\"https:\/\/tonala.gob.mx\/portal\/wp-content\/uploads\/2019\/09\/photo_2019-09-05-16.45.16-1024x682.jpg 1024w, https:\/\/tonala.gob.mx\/portal\/wp-content\/uploads\/2019\/09\/photo_2019-09-05-16.45.16-300x200.jpg 300w, https:\/\/tonala.gob.mx\/portal\/wp-content\/uploads\/2019\/09\/photo_2019-09-05-16.45.16-768x512.jpg 768w, https:\/\/tonala.gob.mx\/portal\/wp-content\/uploads\/2019\/09\/photo_2019-09-05-16.45.16.jpg 1280w\" sizes=\"(max-width: 800px) 100vw, 800px\" \/><\/a><\/span><\/p>\n<p><span lang=\"ES-US\">\u00a0<\/span><b><span lang=\"ES-US\">Los paquetes escolares incluyen<\/span><\/b><span lang=\"ES-US\">:<\/span><\/p>\n<p><span style=\"text-decoration: underline;\"><span lang=\"ES-US\">Paquete escolar para Primaria:<\/span><\/span><\/p>\n<p><span lang=\"ES-US\">Una mochila con \u00fatiles escolares de acuerdo al grado que curse, uniforme y calzado.<\/span><\/p>\n<p><span style=\"text-decoration: underline;\"><span lang=\"ES-US\">Paquete escolar para Secundaria:<\/span><\/span><\/p>\n<p><span lang=\"ES-US\">Una mochila con \u00fatiles escolares de acuerdo al grado que curse y uniforme.<\/span><\/p>\n<p><span lang=\"ES-US\"><span class=\"gmail_default\">Videos con aspectos:\u00a0<\/span><\/span><strong><span style=\"color: #800000;\"><a style=\"color: #800000;\" href=\"https:\/\/we.tl\/t-2wJfbSGzHT\" target=\"_blank\" rel=\"noopener noreferrer\" data-saferedirecturl=\"https:\/\/www.google.com\/url?q=https:\/\/we.tl\/t-2wJfbSGzHT&amp;source=gmail&amp;ust=1567804320975000&amp;usg=AFQjCNHI00Q5uLQJirf4RaEtOUoHwcXPYw\">https:\/\/we.tl\/t-<wbr \/>2wJfbSGzHT<\/a><\/span><\/strong><\/p>\n","protected":false},"excerpt":{"rendered":"<p>Esta ma\u00f1ana el Gobierno de Tonal\u00e1 arranc\u00f3 con la entrega de mochilas, \u00fatiles, uniformes y zapatos escolares para 78 mil<\/p>\n","protected":false},"author":2,"featured_media":27939,"comment_status":"closed","ping_status":"open","sticky":false,"template":"","format":"standard","meta":{"colormag_page_container_layout":"default_layout","colormag_page_sidebar_layout":"default_layout","footnotes":""},"categories":[2],"tags":[],"class_list":["post-27938","post","type-post","status-publish","format-standard","has-post-thumbnail","hentry","category-comunicacion-social"],"_links":{"self":[{"href":"https:\/\/tonala.gob.mx\/portal\/wp-json\/wp\/v2\/posts\/27938","targetHints":{"allow":["GET"]}}],"collection":[{"href":"https:\/\/tonala.gob.mx\/portal\/wp-json\/wp\/v2\/posts"}],"about":[{"href":"https:\/\/tonala.gob.mx\/portal\/wp-json\/wp\/v2\/types\/post"}],"author":[{"embeddable":true,"href":"https:\/\/tonala.gob.mx\/portal\/wp-json\/wp\/v2\/users\/2"}],"replies":[{"embeddable":true,"href":"https:\/\/tonala.gob.mx\/portal\/wp-json\/wp\/v2\/comments?post=27938"}],"version-history":[{"count":3,"href":"https:\/\/tonala.gob.mx\/portal\/wp-json\/wp\/v2\/posts\/27938\/revisions"}],"predecessor-version":[{"id":27946,"href":"https:\/\/tonala.gob.mx\/portal\/wp-json\/wp\/v2\/posts\/27938\/revisions\/27946"}],"wp:featuredmedia":[{"embeddable":true,"href":"https:\/\/tonala.gob.mx\/portal\/wp-json\/wp\/v2\/media\/27939"}],"wp:attachment":[{"href":"https:\/\/tonala.gob.mx\/portal\/wp-json\/wp\/v2\/media?parent=27938"}],"wp:term":[{"taxonomy":"category","embeddable":true,"href":"https:\/\/tonala.gob.mx\/portal\/wp-json\/wp\/v2\/categories?post=27938"},{"taxonomy":"post_tag","embeddable":true,"href":"https:\/\/tonala.gob.mx\/portal\/wp-json\/wp\/v2\/tags?post=27938"}],"curies":[{"name":"wp","href":"https:\/\/api.w.org\/{rel}","templated":true}]}}