{"id":27753,"date":"2019-08-22T11:52:38","date_gmt":"2019-08-22T17:52:38","guid":{"rendered":"http:\/\/tonala.gob.mx\/portal\/?p=27753"},"modified":"2019-08-22T11:52:38","modified_gmt":"2019-08-22T17:52:38","slug":"gobierno-de-tonala-entrega-reconocimiento-e-incentivo-economico-a-bomberos-por-su-dia","status":"publish","type":"post","link":"https:\/\/tonala.gob.mx\/portal\/2019\/08\/22\/gobierno-de-tonala-entrega-reconocimiento-e-incentivo-economico-a-bomberos-por-su-dia\/","title":{"rendered":"Gobierno de Tonal\u00e1 entrega reconocimiento e incentivo econ\u00f3mico a Bomberos por su d\u00eda"},"content":{"rendered":"<p style=\"text-align: justify;\"><span lang=\"ES-US\">Esta ma\u00f1ana, en el marco de la celebraci\u00f3n del D\u00eda Nacional del Bombero, el presidente municipal, Juan Antonio Gonz\u00e1lez Mora, reconoci\u00f3 y entreg\u00f3 un incentivo econ\u00f3mico de una quincena adicional a su salario a los elementos de la Unidad de Protecci\u00f3n Civil y Bomberos de Tonal\u00e1, como est\u00edmulo por su valiosa y noble labor que realizan diariamente.<\/span><\/p>\n<p style=\"text-align: justify;\"><span lang=\"ES-US\">Durante la entrega de reconocimientos e incentivos econ\u00f3micos, el presidente municipal Juan Antonio Gonz\u00e1lez reiter\u00f3 que desde el inicio de su administraci\u00f3n se han tenido ahorros significativos en el manejo de las finanzas p\u00fablicas, lo que ha permitido brindar apoyo incondicional para los bomberos, tal como se hizo en el mes de diciembre del a\u00f1o pasado con una motobomba y recientemente, despu\u00e9s de 10 a\u00f1os, se les dot\u00f3 de herramientas de trabajo y\u00a0 uniformes.<\/span><\/p>\n<p><span lang=\"ES-US\"><a href=\"https:\/\/tonala.gob.mx\/portal\/wp-content\/uploads\/2019\/08\/photo5113978797723592739.jpg\"><img fetchpriority=\"high\" decoding=\"async\" class=\"alignnone size-large wp-image-27755\" src=\"https:\/\/tonala.gob.mx\/portal\/wp-content\/uploads\/2019\/08\/photo5113978797723592739-1024x682.jpg\" alt=\"photo5113978797723592739\" width=\"800\" height=\"533\" srcset=\"https:\/\/tonala.gob.mx\/portal\/wp-content\/uploads\/2019\/08\/photo5113978797723592739-1024x682.jpg 1024w, https:\/\/tonala.gob.mx\/portal\/wp-content\/uploads\/2019\/08\/photo5113978797723592739-300x200.jpg 300w, https:\/\/tonala.gob.mx\/portal\/wp-content\/uploads\/2019\/08\/photo5113978797723592739-768x512.jpg 768w, https:\/\/tonala.gob.mx\/portal\/wp-content\/uploads\/2019\/08\/photo5113978797723592739.jpg 1280w\" sizes=\"(max-width: 800px) 100vw, 800px\" \/><\/a>\u00a0<\/span><\/p>\n<p style=\"text-align: justify;\"><span lang=\"ES-US\">\u201cMuchos de ustedes son mis amigos, y la verdad s\u00e9 lo que es estar de ese lado, para ustedes que hacen una labor tit\u00e1nica y que d\u00eda a d\u00eda arriesgan su vida, hemos reforzado pero a\u00fan no es suficiente, necesitamos m\u00e1s apoyo, vamos a generar un proyecto para las necesidades b\u00e1sicas, ba\u00f1o y dormitorio para la segunda etapa del edificio de los bomberos de Tonal\u00e1; si no tenemos claro lo que nos ha pasado en los \u00faltimos 30 a\u00f1os, que nos dej\u00f3 como el cuarto municipio m\u00e1s endeudado del pa\u00eds, si no entendemos d\u00f3nde estamos situados en el \u00e1mbito metropolitano, pues poco vamos hacer, esto es de valent\u00eda, retos y disciplina porque Tonal\u00e1 no puede esperar, Tonal\u00e1 no da tregua\u201d, se\u00f1al\u00f3 el presidente.<\/span><\/p>\n<p style=\"text-align: justify;\"><span lang=\"ES-US\">\u00a0<a href=\"https:\/\/tonala.gob.mx\/portal\/wp-content\/uploads\/2019\/08\/photo5113978797723592743.jpg\"><img decoding=\"async\" class=\"alignnone size-large wp-image-27757\" src=\"https:\/\/tonala.gob.mx\/portal\/wp-content\/uploads\/2019\/08\/photo5113978797723592743-1024x682.jpg\" alt=\"photo5113978797723592743\" width=\"800\" height=\"533\" srcset=\"https:\/\/tonala.gob.mx\/portal\/wp-content\/uploads\/2019\/08\/photo5113978797723592743-1024x682.jpg 1024w, https:\/\/tonala.gob.mx\/portal\/wp-content\/uploads\/2019\/08\/photo5113978797723592743-300x200.jpg 300w, https:\/\/tonala.gob.mx\/portal\/wp-content\/uploads\/2019\/08\/photo5113978797723592743-768x512.jpg 768w, https:\/\/tonala.gob.mx\/portal\/wp-content\/uploads\/2019\/08\/photo5113978797723592743.jpg 1280w\" sizes=\"(max-width: 800px) 100vw, 800px\" \/><\/a><\/span><\/p>\n<p style=\"text-align: justify;\"><span lang=\"ES-US\">Por su parte, el Secretario General del Ayuntamiento de Tonal\u00e1, Manuel Salvador Romero Cueva, reconoci\u00f3 a los bomberos por su entrega y labor al servicio de los ciudadanos y ciudadanas tonaltecas, adem\u00e1s envi\u00f3 un agradecimiento a sus respectivas familias ya que son ellas un apoyo incondicional, hizo propias las palabras del presidente y refrend\u00f3 el compromiso, \u201cHay una visi\u00f3n muy clara de parte del presidente, de la deuda que todas las administraciones han dejado con los bomberos de Tonal\u00e1, queremos cambiar esa realidad, resarcirla y poder trabajar en conjunto para poder tener condiciones \u00f3ptimas\u00a0y que ustedes puedan hacer su trabajo\u201d indic\u00f3.\u00a0<\/span><\/p>\n<p><span lang=\"ES-US\">\u00a0<a href=\"https:\/\/tonala.gob.mx\/portal\/wp-content\/uploads\/2019\/08\/photo5113978797723592740.jpg\"><img decoding=\"async\" class=\"alignnone size-large wp-image-27756\" src=\"https:\/\/tonala.gob.mx\/portal\/wp-content\/uploads\/2019\/08\/photo5113978797723592740-1024x682.jpg\" alt=\"photo5113978797723592740\" width=\"800\" height=\"533\" srcset=\"https:\/\/tonala.gob.mx\/portal\/wp-content\/uploads\/2019\/08\/photo5113978797723592740-1024x682.jpg 1024w, https:\/\/tonala.gob.mx\/portal\/wp-content\/uploads\/2019\/08\/photo5113978797723592740-300x200.jpg 300w, https:\/\/tonala.gob.mx\/portal\/wp-content\/uploads\/2019\/08\/photo5113978797723592740-768x512.jpg 768w, https:\/\/tonala.gob.mx\/portal\/wp-content\/uploads\/2019\/08\/photo5113978797723592740.jpg 1280w\" sizes=\"(max-width: 800px) 100vw, 800px\" \/><\/a><\/span><\/p>\n<p style=\"text-align: justify;\">Asimismo, el director de Protecci\u00f3n Civil y Bomberos de Tonal\u00e1, Isaac Garc\u00eda Hern\u00e1ndez, agradeci\u00f3 el apoyo del presidente municipal Juan Antonio Gonz\u00e1lez, as\u00ed como el reconocimiento y el incentivo econ\u00f3mico de una quincena de sueldo a 75 elementos, correspondiente a 67 hombres y 8 mujeres que laboran en la dependencia.<\/p>\n<p style=\"text-align: justify;\"><span lang=\"ES-US\">Video con aspectos:\u00a0<\/span><strong><span style=\"color: #800000;\"><a style=\"color: #800000;\" href=\"https:\/\/we.tl\/t-r3dgYhJPJn\" target=\"_blank\" rel=\"noopener noreferrer\" data-saferedirecturl=\"https:\/\/www.google.com\/url?q=https:\/\/we.tl\/t-r3dgYhJPJn&amp;source=gmail&amp;ust=1566581777311000&amp;usg=AFQjCNGIBluoY4Vgl8p-hwJY0U8p0xCi8A\">https:\/\/we.tl\/t-<wbr \/>r3dgYhJPJn<\/a><\/span><\/strong><\/p>\n","protected":false},"excerpt":{"rendered":"<p>Esta ma\u00f1ana, en el marco de la celebraci\u00f3n del D\u00eda Nacional del Bombero, el presidente municipal, Juan Antonio Gonz\u00e1lez Mora,<\/p>\n","protected":false},"author":2,"featured_media":27754,"comment_status":"closed","ping_status":"open","sticky":false,"template":"","format":"standard","meta":{"colormag_page_container_layout":"default_layout","colormag_page_sidebar_layout":"default_layout","footnotes":""},"categories":[2],"tags":[],"class_list":["post-27753","post","type-post","status-publish","format-standard","has-post-thumbnail","hentry","category-comunicacion-social"],"_links":{"self":[{"href":"https:\/\/tonala.gob.mx\/portal\/wp-json\/wp\/v2\/posts\/27753","targetHints":{"allow":["GET"]}}],"collection":[{"href":"https:\/\/tonala.gob.mx\/portal\/wp-json\/wp\/v2\/posts"}],"about":[{"href":"https:\/\/tonala.gob.mx\/portal\/wp-json\/wp\/v2\/types\/post"}],"author":[{"embeddable":true,"href":"https:\/\/tonala.gob.mx\/portal\/wp-json\/wp\/v2\/users\/2"}],"replies":[{"embeddable":true,"href":"https:\/\/tonala.gob.mx\/portal\/wp-json\/wp\/v2\/comments?post=27753"}],"version-history":[{"count":1,"href":"https:\/\/tonala.gob.mx\/portal\/wp-json\/wp\/v2\/posts\/27753\/revisions"}],"predecessor-version":[{"id":27758,"href":"https:\/\/tonala.gob.mx\/portal\/wp-json\/wp\/v2\/posts\/27753\/revisions\/27758"}],"wp:featuredmedia":[{"embeddable":true,"href":"https:\/\/tonala.gob.mx\/portal\/wp-json\/wp\/v2\/media\/27754"}],"wp:attachment":[{"href":"https:\/\/tonala.gob.mx\/portal\/wp-json\/wp\/v2\/media?parent=27753"}],"wp:term":[{"taxonomy":"category","embeddable":true,"href":"https:\/\/tonala.gob.mx\/portal\/wp-json\/wp\/v2\/categories?post=27753"},{"taxonomy":"post_tag","embeddable":true,"href":"https:\/\/tonala.gob.mx\/portal\/wp-json\/wp\/v2\/tags?post=27753"}],"curies":[{"name":"wp","href":"https:\/\/api.w.org\/{rel}","templated":true}]}}