{"id":27556,"date":"2019-08-05T08:25:09","date_gmt":"2019-08-05T14:25:09","guid":{"rendered":"http:\/\/tonala.gob.mx\/portal\/?p=27556"},"modified":"2019-08-06T08:35:03","modified_gmt":"2019-08-06T14:35:03","slug":"tonala-dara-empleo-temporal-a-520-personas-con-el-programa-jalisco-retribuye","status":"publish","type":"post","link":"https:\/\/tonala.gob.mx\/portal\/2019\/08\/05\/tonala-dara-empleo-temporal-a-520-personas-con-el-programa-jalisco-retribuye\/","title":{"rendered":"Tonal\u00e1 dar\u00e1 empleo temporal a 520 personas con el \u201cPrograma Jalisco Retribuye\u00bb"},"content":{"rendered":"<p style=\"text-align: justify;\"><span lang=\"ES-US\">El Gobierno de Tonal\u00e1 con el prop\u00f3sito de apoyar a la poblaci\u00f3n m\u00e1s vulnerable, se sum\u00f3 al \u201cPrograma Jalisco Retribuye\u201d de la\u00a0<\/span><span lang=\"ES-US\">Secretar\u00eda de Trabajo y Previsi\u00f3n Social<\/span><span lang=\"ES-US\">\u00a0del Estado de Jalisco, para emplear temporalmente durante tres meses a 520 personas, las cuales realizar\u00e1n trabajo en tres ejes primordiales: cruces seguros, mantenimiento de vialidades y rehabilitaci\u00f3n del centro hist\u00f3rico.\u00a0\u00a0<\/span><\/p>\n<p style=\"text-align: justify;\"><span lang=\"ES-US\">El presidente municipal Juan Antonio Gonz\u00e1lez, reiter\u00f3 que con voluntad pol\u00edtica se pueden hacer grandes cosas, es as\u00ed como puso de ejemplo el lanzamiento de Late Tonal\u00e1 que busca dignificar y rescatar los 11 Centros Fundacionales del municipio.<\/span><\/p>\n<p><span lang=\"ES-US\">\u00a0<a href=\"https:\/\/tonala.gob.mx\/portal\/wp-content\/uploads\/2019\/08\/photo5064776184956561434.jpg\"><img fetchpriority=\"high\" decoding=\"async\" class=\"alignnone size-large wp-image-27559\" src=\"https:\/\/tonala.gob.mx\/portal\/wp-content\/uploads\/2019\/08\/photo5064776184956561434-1024x681.jpg\" alt=\"photo5064776184956561434\" width=\"800\" height=\"532\" srcset=\"https:\/\/tonala.gob.mx\/portal\/wp-content\/uploads\/2019\/08\/photo5064776184956561434-1024x681.jpg 1024w, https:\/\/tonala.gob.mx\/portal\/wp-content\/uploads\/2019\/08\/photo5064776184956561434-300x199.jpg 300w, https:\/\/tonala.gob.mx\/portal\/wp-content\/uploads\/2019\/08\/photo5064776184956561434-768x511.jpg 768w, https:\/\/tonala.gob.mx\/portal\/wp-content\/uploads\/2019\/08\/photo5064776184956561434.jpg 1280w\" sizes=\"(max-width: 800px) 100vw, 800px\" \/><\/a><\/span><\/p>\n<p style=\"text-align: justify;\"><span lang=\"ES-US\">\u201cHabl\u00e1bamos hace rato del anuncio del inicio del programa Late Tonal\u00e1, un programa donde vamos a empezar a rescatar los 11 centros fundacionales, ustedes van hacer parte de este renacer, de este\u00a0 construir un nuevo futuro para Tonal\u00e1 (&#8230;) y decirles que a ra\u00edz del buen comportamiento financiero, a ra\u00edz del gran esfuerzo que estamos haciendo, los ahorros que estamos teniendo, el Gobernador nos ha aumentado la inversi\u00f3n para los pr\u00f3ximos meses en este a\u00f1o\u201d, coment\u00f3.<\/span><\/p>\n<p style=\"text-align: justify;\"><span lang=\"ES-US\">\u00a0<a href=\"https:\/\/tonala.gob.mx\/portal\/wp-content\/uploads\/2019\/08\/photo5064776184956561425.jpg\"><img decoding=\"async\" class=\"alignnone size-large wp-image-27557\" src=\"https:\/\/tonala.gob.mx\/portal\/wp-content\/uploads\/2019\/08\/photo5064776184956561425-1024x681.jpg\" alt=\"photo5064776184956561425\" width=\"800\" height=\"532\" srcset=\"https:\/\/tonala.gob.mx\/portal\/wp-content\/uploads\/2019\/08\/photo5064776184956561425-1024x681.jpg 1024w, https:\/\/tonala.gob.mx\/portal\/wp-content\/uploads\/2019\/08\/photo5064776184956561425-300x199.jpg 300w, https:\/\/tonala.gob.mx\/portal\/wp-content\/uploads\/2019\/08\/photo5064776184956561425-768x511.jpg 768w, https:\/\/tonala.gob.mx\/portal\/wp-content\/uploads\/2019\/08\/photo5064776184956561425.jpg 1280w\" sizes=\"(max-width: 800px) 100vw, 800px\" \/><\/a><\/span><\/p>\n<p style=\"text-align: justify;\"><span lang=\"ES-US\">Los proyectos que se desarrollar\u00e1n con la contrataci\u00f3n de estas 520 personas ser\u00e1n cruceros seguros, balizamiento aplicado en los principales cruces de las calles y avenidas, flechas, zebra para cruce de peat\u00f3n, l\u00edmites de velocidad, altos y cruce de uno por uno. El mantenimiento de vialidades, limpieza y recolecci\u00f3n de maleza, basura y escombro de las principales avenidas del municipio, tales como Av. R\u00edo Nilo, Av. Arroyo de En Medio; Av. Malec\u00f3n, Av. Santa Rosal\u00eda, entre otras y la rehabilitaci\u00f3n del Centro Hist\u00f3rico que comprende limpieza, poda de \u00e1rboles, balizamiento, etc.<\/span><\/p>\n<p style=\"text-align: justify;\">Por su parte, el Secretario del Trabajo y Previsi\u00f3n Social del Estado de Jalisco, Marco Valerio P\u00e9rez Gollaz, se\u00f1al\u00f3 que este programa Jalisco Retribuye forma parte de la refundaci\u00f3n del estado al poner al centro de las pol\u00edticas p\u00fablicas a los ciudadanos, \u00aben la Secretar\u00eda del Trabajo tiene como meta generar las mejores condiciones de trabajo para el jalisciense, por supuesto impulsar estos trabajos representa un orgullo\u00bb, se\u00f1al\u00f3.<\/p>\n<p style=\"text-align: justify;\"><span lang=\"ES-US\"><a href=\"https:\/\/tonala.gob.mx\/portal\/wp-content\/uploads\/2019\/08\/photo5064776184956561427.jpg\"><img decoding=\"async\" class=\"alignnone size-large wp-image-27558\" src=\"https:\/\/tonala.gob.mx\/portal\/wp-content\/uploads\/2019\/08\/photo5064776184956561427-1024x681.jpg\" alt=\"photo5064776184956561427\" width=\"800\" height=\"532\" srcset=\"https:\/\/tonala.gob.mx\/portal\/wp-content\/uploads\/2019\/08\/photo5064776184956561427-1024x681.jpg 1024w, https:\/\/tonala.gob.mx\/portal\/wp-content\/uploads\/2019\/08\/photo5064776184956561427-300x199.jpg 300w, https:\/\/tonala.gob.mx\/portal\/wp-content\/uploads\/2019\/08\/photo5064776184956561427-768x511.jpg 768w, https:\/\/tonala.gob.mx\/portal\/wp-content\/uploads\/2019\/08\/photo5064776184956561427.jpg 1280w\" sizes=\"(max-width: 800px) 100vw, 800px\" \/><\/a>\u00a0<\/span><\/p>\n<p style=\"text-align: justify;\"><span lang=\"ES-US\">De esta forma, a trav\u00e9s de la Coordinaci\u00f3n General de Desarrollo Econ\u00f3mico y Combate a la Desigualdad del Gobierno de Tonal\u00e1, se presenta este programa de empleo temporal; las \u00e1reas del Ayuntamiento que trabajar\u00e1n de manera conjunta en su etapa operativa ser\u00e1n, la Direcci\u00f3n de Movilidad, la Coordinaci\u00f3n de Servicios P\u00fablicos Municipales y la Coordinaci\u00f3n General de Desarrollo Econ\u00f3mico y Combate a la Desigualdad.<\/span><\/p>\n<p>Transmisi\u00f3n en vivo\u00a0<a href=\"https:\/\/www.facebook.com\/gobiernotonala\/videos\/653419568505084\/?app=fbl\" target=\"_blank\" data-saferedirecturl=\"https:\/\/www.google.com\/url?q=https:\/\/www.facebook.com\/gobiernotonala\/videos\/653419568505084\/?app%3Dfbl&amp;source=gmail&amp;ust=1565187562329000&amp;usg=AFQjCNFf7sDa0H0VT4VpuCnx85dytV5zdg\">https:\/\/www.facebook.com\/<wbr \/>gobiernotonala\/videos\/<wbr \/>653419568505084\/?app=fbl<\/a><\/p>\n<p>Clips \u00abJalisco Retribuye\u00bb:\u00a0<a href=\"https:\/\/we.tl\/t-Qj0olK8nGc\" target=\"_blank\" rel=\"noopener noreferrer\" data-saferedirecturl=\"https:\/\/www.google.com\/url?q=https:\/\/we.tl\/t-Qj0olK8nGc&amp;source=gmail&amp;ust=1565187562329000&amp;usg=AFQjCNHa9Y2RRMRH26wH6v7Hv6UVGSrN6g\">https:\/\/we.tl\/t-<wbr \/>Qj0olK8nGc<\/a><\/p>\n","protected":false},"excerpt":{"rendered":"<p>El Gobierno de Tonal\u00e1 con el prop\u00f3sito de apoyar a la poblaci\u00f3n m\u00e1s vulnerable, se sum\u00f3 al \u201cPrograma Jalisco Retribuye\u201d<\/p>\n","protected":false},"author":2,"featured_media":27561,"comment_status":"closed","ping_status":"open","sticky":false,"template":"","format":"standard","meta":{"colormag_page_container_layout":"default_layout","colormag_page_sidebar_layout":"default_layout","footnotes":""},"categories":[2],"tags":[],"class_list":["post-27556","post","type-post","status-publish","format-standard","has-post-thumbnail","hentry","category-comunicacion-social"],"_links":{"self":[{"href":"https:\/\/tonala.gob.mx\/portal\/wp-json\/wp\/v2\/posts\/27556","targetHints":{"allow":["GET"]}}],"collection":[{"href":"https:\/\/tonala.gob.mx\/portal\/wp-json\/wp\/v2\/posts"}],"about":[{"href":"https:\/\/tonala.gob.mx\/portal\/wp-json\/wp\/v2\/types\/post"}],"author":[{"embeddable":true,"href":"https:\/\/tonala.gob.mx\/portal\/wp-json\/wp\/v2\/users\/2"}],"replies":[{"embeddable":true,"href":"https:\/\/tonala.gob.mx\/portal\/wp-json\/wp\/v2\/comments?post=27556"}],"version-history":[{"count":2,"href":"https:\/\/tonala.gob.mx\/portal\/wp-json\/wp\/v2\/posts\/27556\/revisions"}],"predecessor-version":[{"id":27562,"href":"https:\/\/tonala.gob.mx\/portal\/wp-json\/wp\/v2\/posts\/27556\/revisions\/27562"}],"wp:featuredmedia":[{"embeddable":true,"href":"https:\/\/tonala.gob.mx\/portal\/wp-json\/wp\/v2\/media\/27561"}],"wp:attachment":[{"href":"https:\/\/tonala.gob.mx\/portal\/wp-json\/wp\/v2\/media?parent=27556"}],"wp:term":[{"taxonomy":"category","embeddable":true,"href":"https:\/\/tonala.gob.mx\/portal\/wp-json\/wp\/v2\/categories?post=27556"},{"taxonomy":"post_tag","embeddable":true,"href":"https:\/\/tonala.gob.mx\/portal\/wp-json\/wp\/v2\/tags?post=27556"}],"curies":[{"name":"wp","href":"https:\/\/api.w.org\/{rel}","templated":true}]}}