{"id":27538,"date":"2019-08-04T08:46:35","date_gmt":"2019-08-04T14:46:35","guid":{"rendered":"http:\/\/tonala.gob.mx\/portal\/?p=27538"},"modified":"2019-08-05T09:03:04","modified_gmt":"2019-08-05T15:03:04","slug":"tonala-primer-municipio-de-jalisco-en-visibilizar-la-diversidad-de-comunidades-indigenas","status":"publish","type":"post","link":"https:\/\/tonala.gob.mx\/portal\/2019\/08\/04\/tonala-primer-municipio-de-jalisco-en-visibilizar-la-diversidad-de-comunidades-indigenas\/","title":{"rendered":"Tonal\u00e1, primer municipio de Jalisco en visibilizar la diversidad de comunidades ind\u00edgenas"},"content":{"rendered":"<p>&nbsp;<\/p>\n<p style=\"text-align: justify;\"><span class=\"m_-6880799957592332985m_3056501333271311257gmail-Ninguno\"><span lang=\"ES-TRAD\">Esta ma\u00f1ana, desde el Cerro de la Reina, se vivi\u00f3 un momento hist\u00f3rico, el Gobierno de Tonal\u00e1 y el Gobierno de Jalisco a trav\u00e9s de la Secretar\u00eda de Planeaci\u00f3n y Participaci\u00f3n Ciudadana con el apoyo de la Comisi\u00f3n Estatal de Derechos Humanos de Jalisco, en el contexto de una recomendaci\u00f3n de la propia Comisi\u00f3n, instal\u00f3 una mesa de paz y trabajo en un acto simb\u00f3lico para visibilizar\u00a0 la diversidad cultural ind\u00edgena que existe en Tonal\u00e1, primer municipio de Jalisco en realizarlo.<\/span><\/span><\/p>\n<p style=\"text-align: justify;\"><span class=\"m_-6880799957592332985m_3056501333271311257gmail-Ninguno\"><span lang=\"ES-TRAD\">\u201c<\/span><\/span><span class=\"m_-6880799957592332985m_3056501333271311257gmail-Ninguno\"><span lang=\"ES-TRAD\">Este reconocimiento hist\u00f3rico es un paso hacia la dignificaci\u00f3n del pasado, el presente y el futuro de los derechos identitarios y de integridad cultural de la poblaci\u00f3n como parte de nuestra sociedad, adem\u00e1s de fortalecer el goce al derecho a la vida, espiritualidad, cosmovisi\u00f3n y bienestar colectivo de la poblaci\u00f3n ind\u00edgena promoviendo el di\u00e1logo, la inclusi\u00f3n, tolerancia, comprensi\u00f3n y respeto universal de los derechos humanos mediante la cultura de la paz\u201d, indic\u00f3 el presidente Municipal de Tonal\u00e1, Juan Antonio Gonz\u00e1lez Mora.<\/span><\/span><\/p>\n<p style=\"text-align: justify;\"><a href=\"https:\/\/tonala.gob.mx\/portal\/wp-content\/uploads\/2019\/08\/photo5059887391187249260.jpg\"><img fetchpriority=\"high\" decoding=\"async\" class=\"alignnone size-full wp-image-27540\" src=\"https:\/\/tonala.gob.mx\/portal\/wp-content\/uploads\/2019\/08\/photo5059887391187249260.jpg\" alt=\"photo5059887391187249260\" width=\"792\" height=\"445\" srcset=\"https:\/\/tonala.gob.mx\/portal\/wp-content\/uploads\/2019\/08\/photo5059887391187249260.jpg 792w, https:\/\/tonala.gob.mx\/portal\/wp-content\/uploads\/2019\/08\/photo5059887391187249260-300x169.jpg 300w, https:\/\/tonala.gob.mx\/portal\/wp-content\/uploads\/2019\/08\/photo5059887391187249260-768x432.jpg 768w\" sizes=\"(max-width: 792px) 100vw, 792px\" \/><\/a><\/p>\n<p style=\"text-align: justify;\"><span class=\"m_-6880799957592332985m_3056501333271311257gmail-Ninguno\"><span lang=\"ES-TRAD\">El presidente municipal\u00a0<\/span><\/span><span class=\"m_-6880799957592332985m_3056501333271311257gmail-Ninguno\"><span lang=\"ES-TRAD\">reiter\u00f3 que Tonal\u00e1 es cuna de la diversidad cultural, y que este ejercicio de participaci\u00f3n colectiva no tiene precedentes, \u201cdesde esta administraci\u00f3n se ha procurado promover acciones que garanticen derechos con la aplicaci\u00f3n de acciones espec\u00edficas en el Plan Municipal de Desarrollo y Gobernanza 2018-2021 y la participaci\u00f3n ind\u00edgena en el desarrollo del Plan de Ordenamiento Territorial en el Municipio\u201d.<\/span><\/span><\/p>\n<p style=\"text-align: justify;\"><span class=\"m_-6880799957592332985m_3056501333271311257gmail-Ninguno\"><span lang=\"ES-TRAD\">\u201cVisualizar la identidad cultural no s\u00f3lo es reconocer y reivindicar los derechos hist\u00f3ricamente vulnerados por la exclusi\u00f3n y discriminaci\u00f3n sist\u00e9mica ejercida por a\u00f1os a la poblaci\u00f3n ind\u00edgena, sino adem\u00e1s, es garantizar la inclusi\u00f3n y la igualdad entre todos los ciudadanos en un territorio\u201d, se\u00f1al\u00f3.\u00a0<\/span><\/span><\/p>\n<p style=\"text-align: justify;\"><span class=\"m_-6880799957592332985m_3056501333271311257gmail-Ninguno\"><span lang=\"ES-TRAD\">Por su parte, la Secretaria de Planeaci\u00f3n y Participaci\u00f3n Ciudadana, Margarita Sierra D\u00edaz De Rivera, se\u00f1al\u00f3 que este evento es un acto simb\u00f3lico, al ser Tonal\u00e1 el primer Ayuntamiento de Jalisco en visibilizar a los pueblos ind\u00edgenas originarios del municipio.\u00a0<\/span><\/span><\/p>\n<p style=\"text-align: justify;\"><span class=\"m_-6880799957592332985m_3056501333271311257gmail-Ninguno\"><span lang=\"ES-TRAD\">\u201cEste evento es un acto simb\u00f3lico, es la primera vez que un Ayuntamiento aqu\u00ed en Jalisco visibiliza a los pueblos que viven aqu\u00ed a residentes de pueblos originarios, vamos a crear un contexto donde todo esto sea visibilizado y su riqu\u00edsima cultura empiece a florecer y ser respetada\u201d, reiter\u00f3.\u00a0<\/span><\/span><\/p>\n<p style=\"text-align: justify;\">En el uso de la voz, el representante de la comunidad Nahua de Tonal\u00e1 , Rodolfo Pila Reyes coment\u00f3 que hab\u00edan estado olvidados e visibilizados durante los \u00faltimos a\u00f1os, que su voz no se hab\u00eda escuchado en un evento de este tipo, \u201cen largas sesiones y asambleas donde todas las personas que conformamos la comunidad no hemos cesado a discutir y acordar las acciones que nos llevan a alg\u00fan d\u00eda a los caminos que nos hagan poder seguir existiendo, seguir viviendo como una identidad ind\u00edgena originaria de estas tierras originarias de Tonal\u00e1\u201d, dijo.<\/p>\n<p style=\"text-align: justify;\"><a href=\"https:\/\/tonala.gob.mx\/portal\/wp-content\/uploads\/2019\/08\/photo5059887391187249262.jpg\"><img decoding=\"async\" class=\"alignnone size-full wp-image-27541\" src=\"https:\/\/tonala.gob.mx\/portal\/wp-content\/uploads\/2019\/08\/photo5059887391187249262.jpg\" alt=\"photo5059887391187249262\" width=\"668\" height=\"445\" srcset=\"https:\/\/tonala.gob.mx\/portal\/wp-content\/uploads\/2019\/08\/photo5059887391187249262.jpg 668w, https:\/\/tonala.gob.mx\/portal\/wp-content\/uploads\/2019\/08\/photo5059887391187249262-300x200.jpg 300w\" sizes=\"(max-width: 668px) 100vw, 668px\" \/><\/a><\/p>\n<p style=\"text-align: justify;\"><span class=\"m_-6880799957592332985m_3056501333271311257gmail-Ninguno\"><span lang=\"ES-TRAD\">Asimismo, el presidente de la CEDHJ, Alfonso Hern\u00e1ndez Barr\u00f3n, se congratul\u00f3 de que hoy se d\u00e9 inicio a un proceso de visibilizaci\u00f3n que durante muchos a\u00f1os en un contexto hist\u00f3rico fue lucha de las comunidades ind\u00edgenas, \u201cCon este evento estamos aportando a recuperar la identidad del pueblo mexicano, a recordar quienes somos, y que logremos que no haya actos de discriminaci\u00f3n y que se respete el principio de igualdad\u201d, enfatiz\u00f3.<\/span><\/span><span class=\"m_-6880799957592332985m_3056501333271311257gmail-Ninguno\"><span lang=\"ES-TRAD\">\u00a0<\/span><\/span><\/p>\n<p style=\"text-align: justify;\"><span class=\"m_-6880799957592332985m_3056501333271311257gmail-Ninguno\"><span lang=\"ES-TRAD\">El programa sobre la visibilizaci\u00f3n convoc\u00f3 al an\u00e1lisis de los siguientes puntos en cinco mesas de trabajo: Derecho a la consulta, Derecho y Justicia laboral, Pol\u00edticas P\u00fablicas locales y estatales para integraci\u00f3n de los pueblos originarios migrantes y equidad, igualdad sustantiva y no discriminaci\u00f3n.<\/span><\/span><span class=\"m_-6880799957592332985m_3056501333271311257gmail-Ninguno\"><span lang=\"ES-TRAD\">\u00a0<\/span><\/span><\/p>\n<p style=\"text-align: justify;\"><span class=\"m_-6880799957592332985m_3056501333271311257gmail-Ninguno\"><span lang=\"ES-TRAD\">En el acto simb\u00f3lico se realiz\u00f3 una ofrenda por parte de representes de las comunidades ind\u00edgenas \u00d1usaavi \/ Mixtecos, Ninzichi\u00f1a\u00e1 \/ Triqui, J\u00f1atrjo (\u00d1antru) \/ Mazahuas, Pur\u00e9pechas, Nahua residentes, H\u00f1ah\u00f1u \/ Otom\u00ed, Tzotzil, Tzeltal, O\u00b4de put \/ Zoques y Nahua originarios de Tonal\u00e1, con una representaci\u00f3n de los cinco puntos elementales y significativos para los pueblos originarios, la identidad mexicana e ind\u00edgena, y se encendieron velas como s\u00edmbolo de paz y colocaron flores.<\/span><\/span><\/p>\n<p style=\"text-align: justify;\"><a href=\"https:\/\/tonala.gob.mx\/portal\/wp-content\/uploads\/2019\/08\/photo5059887391187249264.jpg\"><img decoding=\"async\" class=\"alignnone size-full wp-image-27542\" src=\"https:\/\/tonala.gob.mx\/portal\/wp-content\/uploads\/2019\/08\/photo5059887391187249264.jpg\" alt=\"photo5059887391187249264\" width=\"668\" height=\"445\" srcset=\"https:\/\/tonala.gob.mx\/portal\/wp-content\/uploads\/2019\/08\/photo5059887391187249264.jpg 668w, https:\/\/tonala.gob.mx\/portal\/wp-content\/uploads\/2019\/08\/photo5059887391187249264-300x200.jpg 300w\" sizes=\"(max-width: 668px) 100vw, 668px\" \/><\/a><\/p>\n<p style=\"text-align: justify;\"><span class=\"m_-6880799957592332985m_3056501333271311257gmail-Ninguno\"><span lang=\"ES-TRAD\">Como antesala\u00a0<\/span><\/span><span class=\"m_-6880799957592332985m_3056501333271311257gmail-Ninguno\"><span lang=\"ES-TRAD\">para el inicio de las cinco mesas de trabajo para la visibilizaci\u00f3n de las comunidades ind\u00edgenas, se ofreci\u00f3 una jugada de los emblem\u00e1ticos tastoanes de Tonal\u00e1 a los presentes, como muestra de la diversidad cultural del municipio.<\/span><\/span><\/p>\n<p style=\"text-align: justify;\"><span class=\"m_-6880799957592332985m_3056501333271311257gmail-Ninguno\"><span lang=\"ES-TRAD\">Acompa\u00f1aron en el evento simb\u00f3lico: Directora General de la Comisi\u00f3n Estatal Ind\u00edgena del Estado de Jalisco, Mtra. Isaura Matilde Garc\u00eda Hern\u00e1ndez; \u00a0Instituto Nacional de Pueblos Ind\u00edgenas, Adelfo Regino Montes; en representaci\u00f3n del Secretario de Medio Ambiente y Desarrollo Territorial del Estado de Jalisco, Dr. Sergio Humberto Graf Montero; Director de \u00c1reas Protegidas y especies prioritarias, Diego Eden Winter Blanco; Director de la Regi\u00f3n Occidente y Pac\u00edfico de la Comisi\u00f3n Nacional de \u00c1reas Naturales Protegidas, Humberto Reyes; Subsecretario de Derechos Humanos de la Secretar\u00eda de Gobierno del Estado de Jalisco, Gerardo Ballesteros De Le\u00f3n; y el\u00a0 Coordinador General del Instituto Nacional de Pueblos Ind\u00edgenas, Juan Carlos Mart\u00ednez.<\/span><\/span><\/p>\n","protected":false},"excerpt":{"rendered":"<p>&nbsp; Esta ma\u00f1ana, desde el Cerro de la Reina, se vivi\u00f3 un momento hist\u00f3rico, el Gobierno de Tonal\u00e1 y el<\/p>\n","protected":false},"author":2,"featured_media":27546,"comment_status":"closed","ping_status":"open","sticky":false,"template":"","format":"standard","meta":{"colormag_page_container_layout":"default_layout","colormag_page_sidebar_layout":"default_layout","footnotes":""},"categories":[2],"tags":[],"class_list":["post-27538","post","type-post","status-publish","format-standard","has-post-thumbnail","hentry","category-comunicacion-social"],"_links":{"self":[{"href":"https:\/\/tonala.gob.mx\/portal\/wp-json\/wp\/v2\/posts\/27538","targetHints":{"allow":["GET"]}}],"collection":[{"href":"https:\/\/tonala.gob.mx\/portal\/wp-json\/wp\/v2\/posts"}],"about":[{"href":"https:\/\/tonala.gob.mx\/portal\/wp-json\/wp\/v2\/types\/post"}],"author":[{"embeddable":true,"href":"https:\/\/tonala.gob.mx\/portal\/wp-json\/wp\/v2\/users\/2"}],"replies":[{"embeddable":true,"href":"https:\/\/tonala.gob.mx\/portal\/wp-json\/wp\/v2\/comments?post=27538"}],"version-history":[{"count":4,"href":"https:\/\/tonala.gob.mx\/portal\/wp-json\/wp\/v2\/posts\/27538\/revisions"}],"predecessor-version":[{"id":27545,"href":"https:\/\/tonala.gob.mx\/portal\/wp-json\/wp\/v2\/posts\/27538\/revisions\/27545"}],"wp:featuredmedia":[{"embeddable":true,"href":"https:\/\/tonala.gob.mx\/portal\/wp-json\/wp\/v2\/media\/27546"}],"wp:attachment":[{"href":"https:\/\/tonala.gob.mx\/portal\/wp-json\/wp\/v2\/media?parent=27538"}],"wp:term":[{"taxonomy":"category","embeddable":true,"href":"https:\/\/tonala.gob.mx\/portal\/wp-json\/wp\/v2\/categories?post=27538"},{"taxonomy":"post_tag","embeddable":true,"href":"https:\/\/tonala.gob.mx\/portal\/wp-json\/wp\/v2\/tags?post=27538"}],"curies":[{"name":"wp","href":"https:\/\/api.w.org\/{rel}","templated":true}]}}