{"id":27527,"date":"2019-08-03T08:30:40","date_gmt":"2019-08-03T14:30:40","guid":{"rendered":"http:\/\/tonala.gob.mx\/portal\/?p=27527"},"modified":"2019-08-05T08:42:31","modified_gmt":"2019-08-05T14:42:31","slug":"funcionarios-del-gobierno-de-tonala-y-vecinos-rescatan-juntos-espacios-publicos","status":"publish","type":"post","link":"https:\/\/tonala.gob.mx\/portal\/2019\/08\/03\/funcionarios-del-gobierno-de-tonala-y-vecinos-rescatan-juntos-espacios-publicos\/","title":{"rendered":"Funcionarios del gobierno de Tonal\u00e1 y vecinos rescatan juntos espacios p\u00fablicos"},"content":{"rendered":"<p><a href=\"https:\/\/tonala.gob.mx\/portal\/wp-content\/uploads\/2019\/08\/photo5055777137549748270.jpg\"><img fetchpriority=\"high\" decoding=\"async\" class=\"alignnone size-full wp-image-27528\" src=\"https:\/\/tonala.gob.mx\/portal\/wp-content\/uploads\/2019\/08\/photo5055777137549748270.jpg\" alt=\"photo5055777137549748270\" width=\"668\" height=\"445\" srcset=\"https:\/\/tonala.gob.mx\/portal\/wp-content\/uploads\/2019\/08\/photo5055777137549748270.jpg 668w, https:\/\/tonala.gob.mx\/portal\/wp-content\/uploads\/2019\/08\/photo5055777137549748270-300x200.jpg 300w\" sizes=\"(max-width: 668px) 100vw, 668px\" \/><\/a><\/p>\n<p class=\"m_6227924768870195061m_-1475534306774656386gmail-Cuerpo\" style=\"text-align: justify;\"><span class=\"m_6227924768870195061m_-1475534306774656386gmail-Ninguno\"><span lang=\"ES-TRAD\">En el periodo del mes de junio a agosto, el Gobierno de Tonal\u00e1 en conjunto con la ciudadan\u00eda han logrado intervenir espacios p\u00fablicos en las localidades de\u00a0<\/span><\/span><span class=\"m_6227924768870195061m_-1475534306774656386gmail-Ninguno\"><span lang=\"FR\">Bosques de Tonal<\/span><\/span><span class=\"m_6227924768870195061m_-1475534306774656386gmail-Ninguno\"><span lang=\"ES-TRAD\">\u00e1, Jauja, Pinar de las Palomas, La Ladrillera y Jardines de Tonal\u00e1 mediante el programa Juntos Construyendo el Futuro, el cual consiste en realizar trabajo comunitario entre funcionarios y vecinos para el rescate de las \u00e1reas de recreaci\u00f3n que se encuentran en el abandono. Cada s\u00e1bado el Gobierno Municipal proporciona los materiales y las herramientas que sean necesarias para realizar las reparaciones y por cada ciudadana o ciudadano que participa un funcionario de gobierno se suma a los esfuerzos para intervenir las zonas.<\/span><\/span><\/p>\n<p class=\"m_6227924768870195061m_-1475534306774656386gmail-Cuerpo\" style=\"text-align: justify;\"><a href=\"https:\/\/tonala.gob.mx\/portal\/wp-content\/uploads\/2019\/08\/photo5055777137549748277.jpg\"><img decoding=\"async\" class=\"alignnone size-full wp-image-27532\" src=\"https:\/\/tonala.gob.mx\/portal\/wp-content\/uploads\/2019\/08\/photo5055777137549748277.jpg\" alt=\"photo5055777137549748277\" width=\"668\" height=\"445\" srcset=\"https:\/\/tonala.gob.mx\/portal\/wp-content\/uploads\/2019\/08\/photo5055777137549748277.jpg 668w, https:\/\/tonala.gob.mx\/portal\/wp-content\/uploads\/2019\/08\/photo5055777137549748277-300x200.jpg 300w\" sizes=\"(max-width: 668px) 100vw, 668px\" \/><\/a><\/p>\n<p class=\"m_6227924768870195061m_-1475534306774656386gmail-Cuerpo\" style=\"text-align: justify;\"><span lang=\"ES-TRAD\">Este programa ha tenido mucho \u00e9xito y la ciudadan\u00eda y funcionarios participan con disposici\u00f3n para realizar\u00a0<\/span><span class=\"m_6227924768870195061m_-1475534306774656386gmail-Ninguno\"><span lang=\"ES-TRAD\">trabajos de limpieza y recolecci\u00f3n de basura, corte de pasto, hierba y maleza, rehabilitaci\u00f3<\/span><\/span><span class=\"m_6227924768870195061m_-1475534306774656386gmail-Ninguno\"><span lang=\"IT\">n con pintura\u00a0<\/span><\/span><span class=\"m_6227924768870195061m_-1475534306774656386gmail-Ninguno\"><span lang=\"ES-TRAD\">en bardas, canchas de basquetbol y bancas, restablecimiento b\u00e1sico de juegos y \u00e1reas infantiles en su estructura, as\u00ed como en las actividades en espec\u00edfico que requiera el espacio p\u00fa<\/span><\/span><span class=\"m_6227924768870195061m_-1475534306774656386gmail-Ninguno\"><span lang=\"PT\">blico<\/span><\/span><span class=\"m_6227924768870195061m_-1475534306774656386gmail-Ninguno\"><span lang=\"ES-TRAD\">. Al finalizar la intervenci\u00f3n las familias pueden disfrutar nuevamente de los espacios y el Gobierno de Tonal\u00e1 implementa actividades de convivencia y genera el compromiso de cuidar juntos el espacio recuperado.<\/span><\/span><\/p>\n<p class=\"m_6227924768870195061m_-1475534306774656386gmail-Cuerpo\" style=\"text-align: justify;\"><a href=\"https:\/\/tonala.gob.mx\/portal\/wp-content\/uploads\/2019\/08\/photo5055777137549748274.jpg\"><img decoding=\"async\" class=\"alignnone size-full wp-image-27531\" src=\"https:\/\/tonala.gob.mx\/portal\/wp-content\/uploads\/2019\/08\/photo5055777137549748274.jpg\" alt=\"photo5055777137549748274\" width=\"668\" height=\"445\" srcset=\"https:\/\/tonala.gob.mx\/portal\/wp-content\/uploads\/2019\/08\/photo5055777137549748274.jpg 668w, https:\/\/tonala.gob.mx\/portal\/wp-content\/uploads\/2019\/08\/photo5055777137549748274-300x200.jpg 300w\" sizes=\"(max-width: 668px) 100vw, 668px\" \/><\/a><\/p>\n<p class=\"m_6227924768870195061m_-1475534306774656386gmail-Cuerpo\" style=\"text-align: justify;\"><span class=\"m_6227924768870195061m_-1475534306774656386gmail-Ninguno\"><span lang=\"ES-TRAD\">Los espacios que se han rehabilitado han sido el Parque S\/N, ubicado en la calle Pino Suarez, entre las calles Capul\u00edn y Pino Su\u00e1<\/span><\/span><span class=\"m_6227924768870195061m_-1475534306774656386gmail-Ninguno\"><span lang=\"FR\">rez, de la Col. Bosques de Tonal<\/span><\/span><span class=\"m_6227924768870195061m_-1475534306774656386gmail-Ninguno\"><span lang=\"ES-TRAD\">\u00e1; la Plaza C\u00edvica de Jauja, ubicada entre las calles Jazm\u00edn y Miguel Alem\u00e1n, de la Col. Jauja; Parque S\/N, ubicado entre las calles Independencia y Alondra, de la Colonia Pinar de las Palomas; Plaza C\u00edvica de La Ladrillera, ubicada en la calle Ju\u00e1rez, esquina con Mar\u00ed<\/span><\/span><span class=\"m_6227924768870195061m_-1475534306774656386gmail-Ninguno\"><span lang=\"IT\">a L. Ornelas<\/span><\/span><span class=\"m_6227924768870195061m_-1475534306774656386gmail-Ninguno\"><span lang=\"ES-TRAD\">,\u00a0<\/span><\/span><span class=\"m_6227924768870195061m_-1475534306774656386gmail-Ninguno\"><span lang=\"FR\">de la Colonia\u00a0<\/span><\/span><span class=\"m_6227924768870195061m_-1475534306774656386gmail-Ninguno\"><span lang=\"ES-TRAD\">La Ladrillera; y el Parque Altamira, ubicado en calle Margaritas, entre las calles A<\/span><\/span><span class=\"m_6227924768870195061m_-1475534306774656386gmail-Ninguno\"><span lang=\"IT\">rtesan<\/span><\/span><span class=\"m_6227924768870195061m_-1475534306774656386gmail-Ninguno\"><span lang=\"ES-TRAD\">\u00edas y Las Rosas, en la\u00a0<\/span><\/span><span class=\"m_6227924768870195061m_-1475534306774656386gmail-Ninguno\"><span lang=\"FR\">Colonia Jardines de Tonal<\/span><\/span><span class=\"m_6227924768870195061m_-1475534306774656386gmail-Ninguno\"><span lang=\"ES-TRAD\">\u00e1.<\/span><\/span><\/p>\n<p class=\"m_6227924768870195061m_-1475534306774656386gmail-Cuerpo\" style=\"text-align: justify;\"><a href=\"https:\/\/tonala.gob.mx\/portal\/wp-content\/uploads\/2019\/08\/photo5055777137549748271.jpg\"><img loading=\"lazy\" decoding=\"async\" class=\"alignnone size-full wp-image-27529\" src=\"https:\/\/tonala.gob.mx\/portal\/wp-content\/uploads\/2019\/08\/photo5055777137549748271.jpg\" alt=\"photo5055777137549748271\" width=\"668\" height=\"445\" srcset=\"https:\/\/tonala.gob.mx\/portal\/wp-content\/uploads\/2019\/08\/photo5055777137549748271.jpg 668w, https:\/\/tonala.gob.mx\/portal\/wp-content\/uploads\/2019\/08\/photo5055777137549748271-300x200.jpg 300w\" sizes=\"(max-width: 668px) 100vw, 668px\" \/><\/a><\/p>\n<p class=\"m_6227924768870195061m_-1475534306774656386gmail-Cuerpo\" style=\"text-align: justify;\"><span lang=\"ES-TRAD\">El<\/span><span class=\"m_6227924768870195061m_-1475534306774656386gmail-Ninguno\"><span lang=\"ES-TRAD\">\u00a0Gobierno de Tonal\u00e1\u00a0<\/span><\/span><span class=\"m_6227924768870195061m_-1475534306774656386gmail-Ninguno\"><span lang=\"IT\">continuar<\/span><\/span><span class=\"m_6227924768870195061m_-1475534306774656386gmail-Ninguno\"><span lang=\"ES-TRAD\">\u00e1 realizando mantenimiento, actividades de activaci\u00f3<\/span><\/span><span class=\"m_6227924768870195061m_-1475534306774656386gmail-Ninguno\"><span lang=\"EN-US\">n, recreaci<\/span><\/span><span class=\"m_6227924768870195061m_-1475534306774656386gmail-Ninguno\"><span lang=\"ES-TRAD\">\u00f3n y culturales, con el fin de que los espacios p\u00fa<\/span><\/span><span class=\"m_6227924768870195061m_-1475534306774656386gmail-Ninguno\"><span lang=\"PT\">blicos est<\/span><\/span><span class=\"m_6227924768870195061m_-1475534306774656386gmail-Ninguno\"><span lang=\"ES-TRAD\">\u00e9n en constante movimiento y apropiados por los ciudadanos y ciudadanas, de esta manera se evitar\u00e1 que se deterioren y nuevamente est\u00e9n en abandono.<\/span><\/span><\/p>\n<p class=\"m_6227924768870195061m_-1475534306774656386gmail-Cuerpo\" style=\"text-align: justify;\"><a href=\"https:\/\/tonala.gob.mx\/portal\/wp-content\/uploads\/2019\/08\/photo5055777137549748272.jpg\"><img loading=\"lazy\" decoding=\"async\" class=\"alignnone size-full wp-image-27530\" src=\"https:\/\/tonala.gob.mx\/portal\/wp-content\/uploads\/2019\/08\/photo5055777137549748272.jpg\" alt=\"photo5055777137549748272\" width=\"668\" height=\"445\" srcset=\"https:\/\/tonala.gob.mx\/portal\/wp-content\/uploads\/2019\/08\/photo5055777137549748272.jpg 668w, https:\/\/tonala.gob.mx\/portal\/wp-content\/uploads\/2019\/08\/photo5055777137549748272-300x200.jpg 300w\" sizes=\"(max-width: 668px) 100vw, 668px\" \/><\/a><\/p>\n<p class=\"m_6227924768870195061m_-1475534306774656386gmail-Cuerpo\" style=\"text-align: justify;\"><span lang=\"ES-TRAD\">Hasta el momento han participado 160 ciudadanos e igual n\u00famero de funcionarios de las distintas \u00e1reas del gobierno.\u00a0<\/span><\/p>\n<div class=\"gs\">\n<div class=\"\">\n<div id=\":pk\" class=\"ii gt\">\n<div id=\":mw\" class=\"a3s aXjCH \">\n<div dir=\"ltr\">\n<div class=\"gmail_default\">\n<p class=\"m_6227924768870195061m_-1475534306774656386gmail-Cuerpo\"><span lang=\"ES-TRAD\"><b>Link: Para descargar video:\u00a0<\/b><\/span><span class=\"m_6227924768870195061gmail-m_2730432154744239564download_link_link\"><a class=\"m_6227924768870195061gmail-m_2730432154744239564download_link_link\" href=\"https:\/\/wetransfer.com\/downloads\/353b5c1d0d7236aed828cb071c80f21820190803203230\/35e78c84c4e7166ba51baa802bbcb99920190803203230\/2b2751\" target=\"_blank\" data-saferedirecturl=\"https:\/\/www.google.com\/url?q=https:\/\/wetransfer.com\/downloads\/353b5c1d0d7236aed828cb071c80f21820190803203230\/35e78c84c4e7166ba51baa802bbcb99920190803203230\/2b2751&amp;source=gmail&amp;ust=1565101605196000&amp;usg=AFQjCNGlaCxoh3TJA4CVz6ExEOzZRg2lZg\">https:\/\/wetransfer.com\/<wbr \/>downloads\/<wbr \/>353b5c1d0d7236aed828cb071c80f2<wbr \/>1820190803203230\/<wbr \/>35e78c84c4e7166ba51baa802bbcb9<wbr \/>9920190803203230\/2b2751<\/a>\u00a0 \u00a0 \u00a0 \u00a0 \u00a0<\/span><\/p>\n<p class=\"m_6227924768870195061m_-1475534306774656386gmail-Cuerpo\"><a href=\"https:\/\/tonala.gob.mx\/portal\/wp-content\/uploads\/2019\/08\/photo5057759827597568020.jpg\"><img loading=\"lazy\" decoding=\"async\" class=\"alignnone size-full wp-image-27534\" src=\"https:\/\/tonala.gob.mx\/portal\/wp-content\/uploads\/2019\/08\/photo5057759827597568020.jpg\" alt=\"photo5057759827597568020\" width=\"668\" height=\"445\" srcset=\"https:\/\/tonala.gob.mx\/portal\/wp-content\/uploads\/2019\/08\/photo5057759827597568020.jpg 668w, https:\/\/tonala.gob.mx\/portal\/wp-content\/uploads\/2019\/08\/photo5057759827597568020-300x200.jpg 300w\" sizes=\"(max-width: 668px) 100vw, 668px\" \/><\/a><\/p>\n<p class=\"m_6227924768870195061m_-1475534306774656386gmail-Cuerpo\"><a href=\"https:\/\/tonala.gob.mx\/portal\/wp-content\/uploads\/2019\/08\/photo5057759827597568018.jpg\"><img loading=\"lazy\" decoding=\"async\" class=\"alignnone size-full wp-image-27533\" src=\"https:\/\/tonala.gob.mx\/portal\/wp-content\/uploads\/2019\/08\/photo5057759827597568018.jpg\" alt=\"photo5057759827597568018\" width=\"668\" height=\"445\" srcset=\"https:\/\/tonala.gob.mx\/portal\/wp-content\/uploads\/2019\/08\/photo5057759827597568018.jpg 668w, https:\/\/tonala.gob.mx\/portal\/wp-content\/uploads\/2019\/08\/photo5057759827597568018-300x200.jpg 300w\" sizes=\"(max-width: 668px) 100vw, 668px\" \/><\/a><\/p>\n<\/div>\n<\/div>\n<\/div>\n<\/div>\n<\/div>\n<\/div>\n","protected":false},"excerpt":{"rendered":"<p>En el periodo del mes de junio a agosto, el Gobierno de Tonal\u00e1 en conjunto con la ciudadan\u00eda han logrado<\/p>\n","protected":false},"author":2,"featured_media":27536,"comment_status":"closed","ping_status":"open","sticky":false,"template":"","format":"standard","meta":{"colormag_page_container_layout":"default_layout","colormag_page_sidebar_layout":"default_layout","footnotes":""},"categories":[2],"tags":[],"class_list":["post-27527","post","type-post","status-publish","format-standard","has-post-thumbnail","hentry","category-comunicacion-social"],"_links":{"self":[{"href":"https:\/\/tonala.gob.mx\/portal\/wp-json\/wp\/v2\/posts\/27527","targetHints":{"allow":["GET"]}}],"collection":[{"href":"https:\/\/tonala.gob.mx\/portal\/wp-json\/wp\/v2\/posts"}],"about":[{"href":"https:\/\/tonala.gob.mx\/portal\/wp-json\/wp\/v2\/types\/post"}],"author":[{"embeddable":true,"href":"https:\/\/tonala.gob.mx\/portal\/wp-json\/wp\/v2\/users\/2"}],"replies":[{"embeddable":true,"href":"https:\/\/tonala.gob.mx\/portal\/wp-json\/wp\/v2\/comments?post=27527"}],"version-history":[{"count":1,"href":"https:\/\/tonala.gob.mx\/portal\/wp-json\/wp\/v2\/posts\/27527\/revisions"}],"predecessor-version":[{"id":27535,"href":"https:\/\/tonala.gob.mx\/portal\/wp-json\/wp\/v2\/posts\/27527\/revisions\/27535"}],"wp:featuredmedia":[{"embeddable":true,"href":"https:\/\/tonala.gob.mx\/portal\/wp-json\/wp\/v2\/media\/27536"}],"wp:attachment":[{"href":"https:\/\/tonala.gob.mx\/portal\/wp-json\/wp\/v2\/media?parent=27527"}],"wp:term":[{"taxonomy":"category","embeddable":true,"href":"https:\/\/tonala.gob.mx\/portal\/wp-json\/wp\/v2\/categories?post=27527"},{"taxonomy":"post_tag","embeddable":true,"href":"https:\/\/tonala.gob.mx\/portal\/wp-json\/wp\/v2\/tags?post=27527"}],"curies":[{"name":"wp","href":"https:\/\/api.w.org\/{rel}","templated":true}]}}