{"id":27367,"date":"2019-07-27T10:16:02","date_gmt":"2019-07-27T16:16:02","guid":{"rendered":"http:\/\/tonala.gob.mx\/portal\/?p=27367"},"modified":"2019-07-27T10:30:57","modified_gmt":"2019-07-27T16:30:57","slug":"representantes-de-conductores-de-plataformas-de-transporte-senalan-que-tonala-no-esta-vetado","status":"publish","type":"post","link":"https:\/\/tonala.gob.mx\/portal\/2019\/07\/27\/representantes-de-conductores-de-plataformas-de-transporte-senalan-que-tonala-no-esta-vetado\/","title":{"rendered":"Representantes de conductores de plataformas de transporte se\u00f1alan que Tonal\u00e1 no est\u00e1 vetado"},"content":{"rendered":"<p><span lang=\"ES-US\">En un fruct\u00edfero di\u00e1logo entre el presidente municipal de Tonal\u00e1, Juan Antonio Gonz\u00e1lez Mora y representantes de conductores de plataformas electr\u00f3nicas de transporte, afirmaron que el municipio de Tonal\u00e1 no est\u00e1 vetado para ofrecer el servicio a los usuarios.<\/span><\/p>\n<p><span lang=\"ES-US\">Los conductores externaron sus inquietudes, argumentaron su deseo de dejar en claro que como Uni\u00f3n de Conductores, una alianza de 45 grupos y m\u00e1s de mil 350 conductores, seguir\u00e1n dispuestos a dar el servicio ya que es su trabajo, por lo que solicitaron seguridad para todo el gremio.\u00a0<\/span><\/p>\n<p><a href=\"https:\/\/tonala.gob.mx\/portal\/wp-content\/uploads\/2019\/07\/4.jpg\"><img fetchpriority=\"high\" decoding=\"async\" class=\"alignnone size-full wp-image-27368 aligncenter\" src=\"https:\/\/tonala.gob.mx\/portal\/wp-content\/uploads\/2019\/07\/4.jpg\" alt=\"4\" width=\"800\" height=\"445\" srcset=\"https:\/\/tonala.gob.mx\/portal\/wp-content\/uploads\/2019\/07\/4.jpg 800w, https:\/\/tonala.gob.mx\/portal\/wp-content\/uploads\/2019\/07\/4-300x167.jpg 300w, https:\/\/tonala.gob.mx\/portal\/wp-content\/uploads\/2019\/07\/4-768x427.jpg 768w\" sizes=\"(max-width: 800px) 100vw, 800px\" \/><\/a><\/p>\n<p><span lang=\"ES-US\">En ese sentido, el compromiso que realiz\u00f3 el presidente municipal Juan Antonio Gonz\u00e1lez con los representantes de plataformas de transporte fue que se\u00a0<\/span><span lang=\"ES-US\">trabajar\u00e1 en conjunto para reforzar la seguridad de conductores y usuarios, adem\u00e1s de exponer sus inquietudes en la reuni\u00f3n de seguridad de cada martes con el Gobernador de Jalisco, Enrique Alfaro Ram\u00edrez.<\/span><\/p>\n<p style=\"text-align: center;\"><a href=\"https:\/\/tonala.gob.mx\/portal\/wp-content\/uploads\/2019\/07\/2.jpg\"><img decoding=\"async\" class=\"alignnone size-full wp-image-27370\" src=\"https:\/\/tonala.gob.mx\/portal\/wp-content\/uploads\/2019\/07\/2.jpg\" alt=\"2\" width=\"800\" height=\"445\" srcset=\"https:\/\/tonala.gob.mx\/portal\/wp-content\/uploads\/2019\/07\/2.jpg 800w, https:\/\/tonala.gob.mx\/portal\/wp-content\/uploads\/2019\/07\/2-300x167.jpg 300w, https:\/\/tonala.gob.mx\/portal\/wp-content\/uploads\/2019\/07\/2-768x427.jpg 768w\" sizes=\"(max-width: 800px) 100vw, 800px\" \/><\/a><\/p>\n<p><span lang=\"ES-US\">\u201cEstamos haciendo un compromiso muy claro con los representantes de los choferes en materia de tener una comunicaci\u00f3n directa, les hemos dejado claro que en Tonal\u00e1 tenemos una demanda muy alta en materia de servicio toda vez que no cuenta con un servicio de transporte masivo, con compromiso claro, les decimos que el pr\u00f3ximo martes en la reuni\u00f3n de seguridad que se hace con el gobernador me estar\u00e9 llevando sus inquietudes que me muestran el d\u00eda de hoy\u201d, se\u00f1al\u00f3.<\/span><\/p>\n<p><a href=\"https:\/\/tonala.gob.mx\/portal\/wp-content\/uploads\/2019\/07\/1.jpg\"><img decoding=\"async\" class=\"alignnone size-full wp-image-27371 aligncenter\" src=\"https:\/\/tonala.gob.mx\/portal\/wp-content\/uploads\/2019\/07\/1.jpg\" alt=\"1\" width=\"800\" height=\"445\" srcset=\"https:\/\/tonala.gob.mx\/portal\/wp-content\/uploads\/2019\/07\/1.jpg 800w, https:\/\/tonala.gob.mx\/portal\/wp-content\/uploads\/2019\/07\/1-300x167.jpg 300w, https:\/\/tonala.gob.mx\/portal\/wp-content\/uploads\/2019\/07\/1-768x427.jpg 768w\" sizes=\"(max-width: 800px) 100vw, 800px\" \/><\/a><\/p>\n<p><span lang=\"ES-US\">Los representantes de conductores se deslindaron de qui\u00e9n haya proliferado el mensaje de que Tonal\u00e1 estaba vetado por estas plataformas y reiteraron que no hay veto sino un compromiso con el gobierno municipal de Tonal\u00e1, lo anterior, durante la reuni\u00f3n en el Congreso de Jalisco y ante la presencia del Diputado Jonadab Mart\u00ednez, presidente de la Comisi\u00f3n de<\/span><span lang=\"ES-US\">\u00a0Movilidad,\u00a0<\/span><span lang=\"ES-US\">quien celebr\u00f3 el di\u00e1logo entre las partes, reiter\u00f3 que fue una comunicaci\u00f3n de c\u00f3mo s\u00ed hacer las cosas con propuestas.\u00a0<\/span><\/p>\n<p style=\"text-align: center;\"><a href=\"https:\/\/tonala.gob.mx\/portal\/wp-content\/uploads\/2019\/07\/3.jpg\"><img loading=\"lazy\" decoding=\"async\" class=\"alignnone size-full wp-image-27369\" src=\"https:\/\/tonala.gob.mx\/portal\/wp-content\/uploads\/2019\/07\/3.jpg\" alt=\"3\" width=\"800\" height=\"445\" srcset=\"https:\/\/tonala.gob.mx\/portal\/wp-content\/uploads\/2019\/07\/3.jpg 800w, https:\/\/tonala.gob.mx\/portal\/wp-content\/uploads\/2019\/07\/3-300x167.jpg 300w, https:\/\/tonala.gob.mx\/portal\/wp-content\/uploads\/2019\/07\/3-768x427.jpg 768w\" sizes=\"(max-width: 800px) 100vw, 800px\" \/><\/a><\/p>\n","protected":false},"excerpt":{"rendered":"<p>En un fruct\u00edfero di\u00e1logo entre el presidente municipal de Tonal\u00e1, Juan Antonio Gonz\u00e1lez Mora y representantes de conductores de plataformas<\/p>\n","protected":false},"author":2,"featured_media":27371,"comment_status":"closed","ping_status":"open","sticky":false,"template":"","format":"standard","meta":{"colormag_page_container_layout":"default_layout","colormag_page_sidebar_layout":"default_layout","footnotes":""},"categories":[2],"tags":[],"class_list":["post-27367","post","type-post","status-publish","format-standard","has-post-thumbnail","hentry","category-comunicacion-social"],"_links":{"self":[{"href":"https:\/\/tonala.gob.mx\/portal\/wp-json\/wp\/v2\/posts\/27367","targetHints":{"allow":["GET"]}}],"collection":[{"href":"https:\/\/tonala.gob.mx\/portal\/wp-json\/wp\/v2\/posts"}],"about":[{"href":"https:\/\/tonala.gob.mx\/portal\/wp-json\/wp\/v2\/types\/post"}],"author":[{"embeddable":true,"href":"https:\/\/tonala.gob.mx\/portal\/wp-json\/wp\/v2\/users\/2"}],"replies":[{"embeddable":true,"href":"https:\/\/tonala.gob.mx\/portal\/wp-json\/wp\/v2\/comments?post=27367"}],"version-history":[{"count":1,"href":"https:\/\/tonala.gob.mx\/portal\/wp-json\/wp\/v2\/posts\/27367\/revisions"}],"predecessor-version":[{"id":27372,"href":"https:\/\/tonala.gob.mx\/portal\/wp-json\/wp\/v2\/posts\/27367\/revisions\/27372"}],"wp:featuredmedia":[{"embeddable":true,"href":"https:\/\/tonala.gob.mx\/portal\/wp-json\/wp\/v2\/media\/27371"}],"wp:attachment":[{"href":"https:\/\/tonala.gob.mx\/portal\/wp-json\/wp\/v2\/media?parent=27367"}],"wp:term":[{"taxonomy":"category","embeddable":true,"href":"https:\/\/tonala.gob.mx\/portal\/wp-json\/wp\/v2\/categories?post=27367"},{"taxonomy":"post_tag","embeddable":true,"href":"https:\/\/tonala.gob.mx\/portal\/wp-json\/wp\/v2\/tags?post=27367"}],"curies":[{"name":"wp","href":"https:\/\/api.w.org\/{rel}","templated":true}]}}