{"id":27335,"date":"2019-07-25T14:18:14","date_gmt":"2019-07-25T20:18:14","guid":{"rendered":"http:\/\/tonala.gob.mx\/portal\/?p=27335"},"modified":"2019-07-25T14:18:14","modified_gmt":"2019-07-25T20:18:14","slug":"presidente-de-tonala-busca-dialogo-con-representantes-de-las-plataformas-de-transporte","status":"publish","type":"post","link":"https:\/\/tonala.gob.mx\/portal\/2019\/07\/25\/presidente-de-tonala-busca-dialogo-con-representantes-de-las-plataformas-de-transporte\/","title":{"rendered":"Presidente de Tonal\u00e1 busca di\u00e1logo con representantes de las plataformas de transporte"},"content":{"rendered":"<p>El presidente municipal de Tonal\u00e1, Juan Antonio Gonz\u00e1lez Mora, hace un llamado a los representantes de las plataformas de transporte para trabajar juntos en beneficio de la ciudadan\u00eda y para que los choferes que se han pronunciado sobre no brindar servicio en Tonal\u00e1 reconsideren su postura.<\/p>\n<p>El presidente se\u00f1al\u00f3 que ya se han realizado mesas de trabajo con algunos representantes de choferes de las diversas plataformas y ha instruido al comisario de Seguridad P\u00fablica Municipal para que se brinde todo el apoyo y se implementen estrategias en los puntos espec\u00edficos que los conductores han detectado. Indic\u00f3 que el municipio ha reducido los \u00edndices delictivos y no es el municipio de la Zona Metropolitana que presenta una mayor incidencia, por lo que pidi\u00f3 a estas empresas de transporte que no se niegue el servicio ya que hay estudiantes, trabajadores y turistas que requieren poder trasladarse.<\/p>\n<p>Juan Antonio Gonz\u00e1lez hizo un llamado a los representantes legales de las empresas de transporte para sostener un di\u00e1logo que permita mejorar las condiciones de seguridad, tanto para los usuarios como para los choferes. Enfatiz\u00f3 sobre los trabajos que se realizan para eliminar las barreras f\u00edsicas, administrativas y operativas para dar cabida a la Polic\u00eda Metropolitana, as\u00ed como la coordinaci\u00f3n que mantiene el municipio con la Guardia Nacional.<\/p>\n<p>\u201cVeamos los datos de los \u00faltimos meses, incluso de los \u00faltimos a\u00f1os, \u00bfd\u00f3nde han sido m\u00e1s vulnerados? No han sido en Tonal\u00e1, nosotros de febrero a la fecha hemos bajado nuestros \u00edndices delictivos y s\u00ed me gustar\u00eda trazar esa comunicaci\u00f3n con ellos, porque s\u00ed se los digo, y de frente, para que lo analicen y lo maduren, los ciudadanos de Tonal\u00e1 dejamos de ser ciudadanos de segunda, somos tan ciudadanos de primera como Guadalajara y Zapopan y no nos pueden limitar un servicio de esas circunstancias\u201d, se\u00f1al\u00f3 el presidente municipal.<\/p>\n<p><a href=\"https:\/\/tonala.gob.mx\/portal\/wp-content\/uploads\/2019\/07\/IMG_8031-1.jpg\"><img fetchpriority=\"high\" decoding=\"async\" class=\"alignnone size-full wp-image-27336\" src=\"https:\/\/tonala.gob.mx\/portal\/wp-content\/uploads\/2019\/07\/IMG_8031-1.jpg\" alt=\"IMG_8031-1\" width=\"669\" height=\"445\" srcset=\"https:\/\/tonala.gob.mx\/portal\/wp-content\/uploads\/2019\/07\/IMG_8031-1.jpg 669w, https:\/\/tonala.gob.mx\/portal\/wp-content\/uploads\/2019\/07\/IMG_8031-1-300x200.jpg 300w\" sizes=\"(max-width: 669px) 100vw, 669px\" \/><\/a><\/p>\n","protected":false},"excerpt":{"rendered":"<p>El presidente municipal de Tonal\u00e1, Juan Antonio Gonz\u00e1lez Mora, hace un llamado a los representantes de las plataformas de transporte<\/p>\n","protected":false},"author":2,"featured_media":27338,"comment_status":"closed","ping_status":"open","sticky":false,"template":"","format":"standard","meta":{"colormag_page_container_layout":"default_layout","colormag_page_sidebar_layout":"default_layout","footnotes":""},"categories":[2],"tags":[],"class_list":["post-27335","post","type-post","status-publish","format-standard","has-post-thumbnail","hentry","category-comunicacion-social"],"_links":{"self":[{"href":"https:\/\/tonala.gob.mx\/portal\/wp-json\/wp\/v2\/posts\/27335","targetHints":{"allow":["GET"]}}],"collection":[{"href":"https:\/\/tonala.gob.mx\/portal\/wp-json\/wp\/v2\/posts"}],"about":[{"href":"https:\/\/tonala.gob.mx\/portal\/wp-json\/wp\/v2\/types\/post"}],"author":[{"embeddable":true,"href":"https:\/\/tonala.gob.mx\/portal\/wp-json\/wp\/v2\/users\/2"}],"replies":[{"embeddable":true,"href":"https:\/\/tonala.gob.mx\/portal\/wp-json\/wp\/v2\/comments?post=27335"}],"version-history":[{"count":1,"href":"https:\/\/tonala.gob.mx\/portal\/wp-json\/wp\/v2\/posts\/27335\/revisions"}],"predecessor-version":[{"id":27337,"href":"https:\/\/tonala.gob.mx\/portal\/wp-json\/wp\/v2\/posts\/27335\/revisions\/27337"}],"wp:featuredmedia":[{"embeddable":true,"href":"https:\/\/tonala.gob.mx\/portal\/wp-json\/wp\/v2\/media\/27338"}],"wp:attachment":[{"href":"https:\/\/tonala.gob.mx\/portal\/wp-json\/wp\/v2\/media?parent=27335"}],"wp:term":[{"taxonomy":"category","embeddable":true,"href":"https:\/\/tonala.gob.mx\/portal\/wp-json\/wp\/v2\/categories?post=27335"},{"taxonomy":"post_tag","embeddable":true,"href":"https:\/\/tonala.gob.mx\/portal\/wp-json\/wp\/v2\/tags?post=27335"}],"curies":[{"name":"wp","href":"https:\/\/api.w.org\/{rel}","templated":true}]}}