{"id":27318,"date":"2019-07-24T20:15:58","date_gmt":"2019-07-25T02:15:58","guid":{"rendered":"http:\/\/tonala.gob.mx\/portal\/?p=27318"},"modified":"2019-07-26T12:02:04","modified_gmt":"2019-07-26T18:02:04","slug":"%c2%b7-gobierno-de-tonala-aprueba-descuento-de-75-a-ciudadanos-que-adeuden-pago-en-contribuciones-municipales-%c2%b7-toma-protesta-nueva-sindica-municipal-%c2%b7-se-aprueba-propuesta-de-reestructura","status":"publish","type":"post","link":"https:\/\/tonala.gob.mx\/portal\/2019\/07\/24\/%c2%b7-gobierno-de-tonala-aprueba-descuento-de-75-a-ciudadanos-que-adeuden-pago-en-contribuciones-municipales-%c2%b7-toma-protesta-nueva-sindica-municipal-%c2%b7-se-aprueba-propuesta-de-reestructura\/","title":{"rendered":"Gobierno de Tonal\u00e1 aprueba descuento de 75% a ciudadanos que adeuden pago en contribuciones municipales  \u00b7 Toma protesta nueva s\u00edndica municipal  \u00b7 Se aprueba propuesta de reestructura de la deuda municipal"},"content":{"rendered":"<p>&nbsp;<\/p>\n<p><a href=\"https:\/\/tonala.gob.mx\/portal\/wp-content\/uploads\/2019\/07\/photo5028382972847433768.jpg\"><img fetchpriority=\"high\" decoding=\"async\" class=\"alignnone size-full wp-image-27319\" src=\"https:\/\/tonala.gob.mx\/portal\/wp-content\/uploads\/2019\/07\/photo5028382972847433768.jpg\" alt=\"photo5028382972847433768\" width=\"668\" height=\"445\" srcset=\"https:\/\/tonala.gob.mx\/portal\/wp-content\/uploads\/2019\/07\/photo5028382972847433768.jpg 668w, https:\/\/tonala.gob.mx\/portal\/wp-content\/uploads\/2019\/07\/photo5028382972847433768-300x200.jpg 300w\" sizes=\"(max-width: 668px) 100vw, 668px\" \/><\/a><\/p>\n<p><a href=\"https:\/\/tonala.gob.mx\/portal\/wp-content\/uploads\/2019\/07\/photo5028382972847433769.jpg\"><img decoding=\"async\" class=\"alignnone size-large wp-image-27320\" src=\"https:\/\/tonala.gob.mx\/portal\/wp-content\/uploads\/2019\/07\/photo5028382972847433769.jpg\" alt=\"photo5028382972847433769\" width=\"668\" height=\"445\" srcset=\"https:\/\/tonala.gob.mx\/portal\/wp-content\/uploads\/2019\/07\/photo5028382972847433769.jpg 668w, https:\/\/tonala.gob.mx\/portal\/wp-content\/uploads\/2019\/07\/photo5028382972847433769-300x200.jpg 300w\" sizes=\"(max-width: 668px) 100vw, 668px\" \/><\/a><\/p>\n<p><a href=\"https:\/\/tonala.gob.mx\/portal\/wp-content\/uploads\/2019\/07\/photo5028382972847433772.jpg\"><img decoding=\"async\" class=\"alignnone size-large wp-image-27321\" src=\"https:\/\/tonala.gob.mx\/portal\/wp-content\/uploads\/2019\/07\/photo5028382972847433772.jpg\" alt=\"photo5028382972847433772\" width=\"668\" height=\"445\" srcset=\"https:\/\/tonala.gob.mx\/portal\/wp-content\/uploads\/2019\/07\/photo5028382972847433772.jpg 668w, https:\/\/tonala.gob.mx\/portal\/wp-content\/uploads\/2019\/07\/photo5028382972847433772-300x200.jpg 300w\" sizes=\"(max-width: 668px) 100vw, 668px\" \/><\/a><\/p>\n<p><iframe width=\"800\" height=\"600\" src=\"https:\/\/www.youtube.com\/embed\/JaBjbtfLkhk?feature=oembed\" frameborder=\"0\" allow=\"accelerometer; autoplay; encrypted-media; gyroscope; picture-in-picture\" allowfullscreen><\/iframe><\/p>\n<p>&nbsp;<\/p>\n<p style=\"font-weight: 400; text-align: justify;\">En sesi\u00f3n ordinaria celebrada este mi\u00e9rcoles 24 de julio y por unanimidad, el Ayuntamiento de Tonal\u00e1 aprob\u00f3 otorgar un descuento de un 75 por ciento a los contribuyentes que tengan adeudos moratorios (recargos) en el pago de las diversas contribuciones municipales, los interesados deber\u00e1n pagar la totalidad del adeudo, o en su caso establecer un convenio para pagar en parcialidades, este decreto entrar\u00e1 en vigor al d\u00eda siguiente de su publicaci\u00f3n en la Gaceta Municipal y estar\u00e1 vigente hasta el 31 de diciembre del presente a\u00f1o.<\/p>\n<p style=\"font-weight: 400; text-align: justify;\">Adem\u00e1s, el Pleno del Ayuntamiento rindi\u00f3 un homenaje ante familiares y funcionarios p\u00fablicos y se procedi\u00f3 a guardar un minuto de silencio en memoria de la\u00a0 Lic. Mar\u00eda Mayra Violeta Velazco Garc\u00eda, qui\u00e9n fuera s\u00edndica del Ayuntamiento de Tonal\u00e1; el presidente municipal, Juan Antonio Gonz\u00e1lez Mora, indic\u00f3 que \u00abse ha perdido a una gran amiga muy valiosa, una gran persona llena de valores, trabajadora, que siempre entreg\u00f3 todo\u00bb, despu\u00e9s hizo entrega de una ofrenda floral y un cuadro fotogr\u00e1fico a sus familiares.<\/p>\n<p style=\"font-weight: 400; text-align: justify;\">Despu\u00e9s del homenaje, se tom\u00f3 protesta a la licenciada Miriam Rubio Vega como nueva s\u00edndica del Ayuntamiento de Tonal\u00e1, abogada de profesi\u00f3n, egresada de la Universidad de Guadalajara, con c\u00e9dula vigente, cuenta con m\u00e1s de 4 a\u00f1os de experiencia, adem\u00e1s ha colaborado en el \u00e1rea de cartograf\u00eda y aval\u00faos del Ayuntamientos de Zapotlanejo y en el Juzgado Segundo de lo Civil, en el municipio de Ocotl\u00e1n y trabaj\u00f3 en dos administraciones en el municipio de Tonal\u00e1.<\/p>\n<p style=\"font-weight: 400; text-align: justify;\">Otro de los puntos aprobados fue el inicio de la gesti\u00f3n para la reestructura de la deuda municipal que se tiene con el banco Interacciones\/Banorte. Se aprob\u00f3 con el voto a favor de todos los regidores que se busque una reestructura sin aumentar el monto de la deuda y sin aumentar el plazo pero con una mejor tasa de inter\u00e9s para tener mejores condiciones. La deuda heredada por las anteriores administraciones en este banco es de 846 millones 729 mil 795 pesos. El Congreso del Estado de Jalisco deber\u00e1 aprobar la propuesta..<\/p>\n<p style=\"font-weight: 400; text-align: justify;\">Para finalizar, se aprob\u00f3 otorgar un reconocimiento especial, como tonalteca distinguido, al maestro artesano Nicasio Pajarito Gonz\u00e1lez, en el marco del evento de premiaci\u00f3n del XIV Concurso de la Cer\u00e1mica Tonallan 2019 a celebrarse el pr\u00f3ximo viernes 26 de Julio.<\/p>\n<p style=\"font-weight: 400; text-align: justify;\">El maestro Nicasio Pajarito Gonz\u00e1lez naci\u00f3 en El Rosario, Tonal\u00e1, el 13 de octubre de 1935. Con 83 a\u00f1os de edad trabaja los estilos de bru\u00f1ido y canelo. Gracias a \u00e9l, el barro canelo tiene un reconocimiento internacional.<\/p>\n","protected":false},"excerpt":{"rendered":"<p>&nbsp; &nbsp; En sesi\u00f3n ordinaria celebrada este mi\u00e9rcoles 24 de julio y por unanimidad, el Ayuntamiento de Tonal\u00e1 aprob\u00f3 otorgar<\/p>\n","protected":false},"author":2,"featured_media":27323,"comment_status":"closed","ping_status":"open","sticky":false,"template":"","format":"standard","meta":{"colormag_page_container_layout":"default_layout","colormag_page_sidebar_layout":"default_layout","footnotes":""},"categories":[2],"tags":[],"class_list":["post-27318","post","type-post","status-publish","format-standard","has-post-thumbnail","hentry","category-comunicacion-social"],"_links":{"self":[{"href":"https:\/\/tonala.gob.mx\/portal\/wp-json\/wp\/v2\/posts\/27318","targetHints":{"allow":["GET"]}}],"collection":[{"href":"https:\/\/tonala.gob.mx\/portal\/wp-json\/wp\/v2\/posts"}],"about":[{"href":"https:\/\/tonala.gob.mx\/portal\/wp-json\/wp\/v2\/types\/post"}],"author":[{"embeddable":true,"href":"https:\/\/tonala.gob.mx\/portal\/wp-json\/wp\/v2\/users\/2"}],"replies":[{"embeddable":true,"href":"https:\/\/tonala.gob.mx\/portal\/wp-json\/wp\/v2\/comments?post=27318"}],"version-history":[{"count":4,"href":"https:\/\/tonala.gob.mx\/portal\/wp-json\/wp\/v2\/posts\/27318\/revisions"}],"predecessor-version":[{"id":27364,"href":"https:\/\/tonala.gob.mx\/portal\/wp-json\/wp\/v2\/posts\/27318\/revisions\/27364"}],"wp:featuredmedia":[{"embeddable":true,"href":"https:\/\/tonala.gob.mx\/portal\/wp-json\/wp\/v2\/media\/27323"}],"wp:attachment":[{"href":"https:\/\/tonala.gob.mx\/portal\/wp-json\/wp\/v2\/media?parent=27318"}],"wp:term":[{"taxonomy":"category","embeddable":true,"href":"https:\/\/tonala.gob.mx\/portal\/wp-json\/wp\/v2\/categories?post=27318"},{"taxonomy":"post_tag","embeddable":true,"href":"https:\/\/tonala.gob.mx\/portal\/wp-json\/wp\/v2\/tags?post=27318"}],"curies":[{"name":"wp","href":"https:\/\/api.w.org\/{rel}","templated":true}]}}