{"id":27277,"date":"2019-07-23T14:49:35","date_gmt":"2019-07-23T20:49:35","guid":{"rendered":"http:\/\/tonala.gob.mx\/portal\/?p=27277"},"modified":"2019-07-23T14:49:35","modified_gmt":"2019-07-23T20:49:35","slug":"tonala-esta-listo-para-la-tradicional-celebracion-de-los-tastoanes","status":"publish","type":"post","link":"https:\/\/tonala.gob.mx\/portal\/2019\/07\/23\/tonala-esta-listo-para-la-tradicional-celebracion-de-los-tastoanes\/","title":{"rendered":"Tonal\u00e1 est\u00e1 listo para la tradicional celebraci\u00f3n de los tastoanes"},"content":{"rendered":"<p><a href=\"https:\/\/tonala.gob.mx\/portal\/wp-content\/uploads\/2019\/07\/IMG_8893.jpg\"><img fetchpriority=\"high\" decoding=\"async\" class=\"alignnone size-full wp-image-27278\" src=\"https:\/\/tonala.gob.mx\/portal\/wp-content\/uploads\/2019\/07\/IMG_8893.jpg\" alt=\"IMG_8893\" width=\"668\" height=\"445\" srcset=\"https:\/\/tonala.gob.mx\/portal\/wp-content\/uploads\/2019\/07\/IMG_8893.jpg 668w, https:\/\/tonala.gob.mx\/portal\/wp-content\/uploads\/2019\/07\/IMG_8893-300x200.jpg 300w\" sizes=\"(max-width: 668px) 100vw, 668px\" \/><\/a><\/p>\n<p><a href=\"https:\/\/tonala.gob.mx\/portal\/wp-content\/uploads\/2019\/07\/IMG_9046.jpg\"><img decoding=\"async\" class=\"alignnone size-large wp-image-27279\" src=\"https:\/\/tonala.gob.mx\/portal\/wp-content\/uploads\/2019\/07\/IMG_9046.jpg\" alt=\"IMG_9046\" width=\"668\" height=\"445\" srcset=\"https:\/\/tonala.gob.mx\/portal\/wp-content\/uploads\/2019\/07\/IMG_9046.jpg 668w, https:\/\/tonala.gob.mx\/portal\/wp-content\/uploads\/2019\/07\/IMG_9046-300x200.jpg 300w\" sizes=\"(max-width: 668px) 100vw, 668px\" \/><\/a><\/p>\n<p><a href=\"https:\/\/tonala.gob.mx\/portal\/wp-content\/uploads\/2019\/07\/IMG_9079.jpg\"><img decoding=\"async\" class=\"alignnone size-large wp-image-27280\" src=\"https:\/\/tonala.gob.mx\/portal\/wp-content\/uploads\/2019\/07\/IMG_9079.jpg\" alt=\"IMG_9079\" width=\"668\" height=\"445\" srcset=\"https:\/\/tonala.gob.mx\/portal\/wp-content\/uploads\/2019\/07\/IMG_9079.jpg 668w, https:\/\/tonala.gob.mx\/portal\/wp-content\/uploads\/2019\/07\/IMG_9079-300x200.jpg 300w\" sizes=\"(max-width: 668px) 100vw, 668px\" \/><\/a><\/p>\n<p><a href=\"https:\/\/tonala.gob.mx\/portal\/wp-content\/uploads\/2019\/07\/IMG_9487.jpg\"><img loading=\"lazy\" decoding=\"async\" class=\"alignnone size-large wp-image-27281\" src=\"https:\/\/tonala.gob.mx\/portal\/wp-content\/uploads\/2019\/07\/IMG_9487.jpg\" alt=\"IMG_9487\" width=\"668\" height=\"445\" srcset=\"https:\/\/tonala.gob.mx\/portal\/wp-content\/uploads\/2019\/07\/IMG_9487.jpg 668w, https:\/\/tonala.gob.mx\/portal\/wp-content\/uploads\/2019\/07\/IMG_9487-300x200.jpg 300w\" sizes=\"(max-width: 668px) 100vw, 668px\" \/><\/a><\/p>\n<p style=\"text-align: justify;\">Con el prop\u00f3sito de que las familias tonaltecas y turistas vivan con seguridad la emblem\u00e1tica fiesta de los tastoanes el pr\u00f3ximo jueves 25 de julio, el Gobierno de Tonal\u00e1 dar\u00e1 inicio a un operativo donde estar\u00e1n involucradas distintas \u00e1reas del municipio como Comisar\u00eda de Seguridad, Protecci\u00f3n Civil y Bomberos, as\u00ed como Servicios M\u00e9dicos y Servicios Generales. Se esperan cerca de 40 mil personas que disfrutar\u00e1n de las \u201cjugadas de tastoanes\u201d.<br \/>\nEs una fiesta para toda la familia que estar\u00e1 muy cuidada por el Gobierno de Tonal\u00e1, en punto de las 09:00 horas, del 25 de julio, se realizar\u00e1n tres \u201cjugadas de los tastoanes\u201d en la Plaza Cihualpilli, tambi\u00e9n habr\u00e1 corridas en el Cerro de la Reina y a las 12:00 horas comenzar\u00e1n en las calles del centro del municipio.<br \/>\nLa fiesta de los tastoanes es una de las tradiciones m\u00e1s importantes de Tonal\u00e1 y han puesto al municipio como un referente cultural y tur\u00edstico a nivel regional, nacional e incluso internacional. Cada a\u00f1o se recibe la visita de miles de personas para admirar el espect\u00e1culo de las \u201cjugadas\u201d, una representaci\u00f3n de aquella batalla que escenifica a Nu\u00f1o Beltr\u00e1n de Guzm\u00e1n y sus huestes en contra de los bravos tastoanes.<br \/>\nEnvestidos de sus gabardinas, botas de hule, m\u00e1scaras de barro o baqueta, cabelleras de cola de caballo, ixtle y caracterizados como bestias -utilizando elementos como animales ponzo\u00f1osos, reptiles e insectos- los integrantes de los diferentes grupos de jugadas se enfrentar\u00e1n en esta m\u00edtica batalla.<\/p>\n<p style=\"text-align: justify;\">El orden de operaciones se desarrollar\u00e1 a partir de las 07:00 a 21:00 horas del 25 de julio:<\/p>\n<p style=\"text-align: justify;\">Protecci\u00f3n Civil y Bomberos.<br \/>\n\uf0b7 Una unidad de emergencia con una tripulaci\u00f3n de 6 elementos y personal voluntario, los cuales estar\u00e1n recorriendo las calles d\u00f3nde se desarrollar\u00e1 la celebraci\u00f3n.<br \/>\n\uf0b7 Servicios M\u00e9dicos: 5 param\u00e9dicos y 11 personas de servicio<br \/>\n\uf0b7 2 ambulancias<br \/>\n\uf0b7 1 motocicleta<br \/>\n\uf0b7 1 unidad de supervisi\u00f3n operativa<\/p>\n<p style=\"text-align: justify;\">Comisar\u00eda de Seguridad P\u00fablica<br \/>\n\uf0b7 Oficiales en la Plaza Cihualpilli, Cerro de la Reina y principales calles del centro de Tonal\u00e1<br \/>\n\uf0b7 66 elementos<br \/>\n\uf0b7 04 unidades<br \/>\n\uf0b7 10 port\u00e1til<\/p>\n<p style=\"text-align: justify;\">Servicios M\u00e9dicos<br \/>\n\uf0b7 5 Param\u00e9dicos acompa\u00f1ados de 11 personas de servicio<br \/>\n\uf0b7 2 Ambulancias<br \/>\n\uf0b7 1 Motocicleta<br \/>\n\uf0b7 1 Unidad de supervisi\u00f3n operativa<\/p>\n","protected":false},"excerpt":{"rendered":"<p>Con el prop\u00f3sito de que las familias tonaltecas y turistas vivan con seguridad la emblem\u00e1tica fiesta de los tastoanes el<\/p>\n","protected":false},"author":2,"featured_media":27284,"comment_status":"closed","ping_status":"open","sticky":false,"template":"","format":"standard","meta":{"colormag_page_container_layout":"default_layout","colormag_page_sidebar_layout":"default_layout","footnotes":""},"categories":[2],"tags":[],"class_list":["post-27277","post","type-post","status-publish","format-standard","has-post-thumbnail","hentry","category-comunicacion-social"],"_links":{"self":[{"href":"https:\/\/tonala.gob.mx\/portal\/wp-json\/wp\/v2\/posts\/27277","targetHints":{"allow":["GET"]}}],"collection":[{"href":"https:\/\/tonala.gob.mx\/portal\/wp-json\/wp\/v2\/posts"}],"about":[{"href":"https:\/\/tonala.gob.mx\/portal\/wp-json\/wp\/v2\/types\/post"}],"author":[{"embeddable":true,"href":"https:\/\/tonala.gob.mx\/portal\/wp-json\/wp\/v2\/users\/2"}],"replies":[{"embeddable":true,"href":"https:\/\/tonala.gob.mx\/portal\/wp-json\/wp\/v2\/comments?post=27277"}],"version-history":[{"count":3,"href":"https:\/\/tonala.gob.mx\/portal\/wp-json\/wp\/v2\/posts\/27277\/revisions"}],"predecessor-version":[{"id":27285,"href":"https:\/\/tonala.gob.mx\/portal\/wp-json\/wp\/v2\/posts\/27277\/revisions\/27285"}],"wp:featuredmedia":[{"embeddable":true,"href":"https:\/\/tonala.gob.mx\/portal\/wp-json\/wp\/v2\/media\/27284"}],"wp:attachment":[{"href":"https:\/\/tonala.gob.mx\/portal\/wp-json\/wp\/v2\/media?parent=27277"}],"wp:term":[{"taxonomy":"category","embeddable":true,"href":"https:\/\/tonala.gob.mx\/portal\/wp-json\/wp\/v2\/categories?post=27277"},{"taxonomy":"post_tag","embeddable":true,"href":"https:\/\/tonala.gob.mx\/portal\/wp-json\/wp\/v2\/tags?post=27277"}],"curies":[{"name":"wp","href":"https:\/\/api.w.org\/{rel}","templated":true}]}}