{"id":27265,"date":"2019-07-22T08:25:30","date_gmt":"2019-07-22T14:25:30","guid":{"rendered":"http:\/\/tonala.gob.mx\/portal\/?p=27265"},"modified":"2019-07-23T09:01:48","modified_gmt":"2019-07-23T15:01:48","slug":"inicia-gobierno-de-tonala-mover-movilidad-verde-para-recuperar-espacios-de-areas-verdes","status":"publish","type":"post","link":"https:\/\/tonala.gob.mx\/portal\/2019\/07\/22\/inicia-gobierno-de-tonala-mover-movilidad-verde-para-recuperar-espacios-de-areas-verdes\/","title":{"rendered":"Inicia Gobierno de Tonal\u00e1 \u201cMover, Movilidad Verde\u201d para recuperar espacios de \u00e1reas verdes"},"content":{"rendered":"<p><a href=\"https:\/\/tonala.gob.mx\/portal\/wp-content\/uploads\/2019\/07\/photo5021551823068178475.jpg\"><img fetchpriority=\"high\" decoding=\"async\" class=\"alignnone size-full wp-image-27266\" src=\"https:\/\/tonala.gob.mx\/portal\/wp-content\/uploads\/2019\/07\/photo5021551823068178475.jpg\" alt=\"photo5021551823068178475\" width=\"669\" height=\"445\" srcset=\"https:\/\/tonala.gob.mx\/portal\/wp-content\/uploads\/2019\/07\/photo5021551823068178475.jpg 669w, https:\/\/tonala.gob.mx\/portal\/wp-content\/uploads\/2019\/07\/photo5021551823068178475-300x200.jpg 300w\" sizes=\"(max-width: 669px) 100vw, 669px\" \/><\/a><\/p>\n<p><a href=\"https:\/\/tonala.gob.mx\/portal\/wp-content\/uploads\/2019\/07\/photo5021551823068178477.jpg\"><img decoding=\"async\" class=\"alignnone size-large wp-image-27267\" src=\"https:\/\/tonala.gob.mx\/portal\/wp-content\/uploads\/2019\/07\/photo5021551823068178477.jpg\" alt=\"photo5021551823068178477\" width=\"669\" height=\"445\" srcset=\"https:\/\/tonala.gob.mx\/portal\/wp-content\/uploads\/2019\/07\/photo5021551823068178477.jpg 669w, https:\/\/tonala.gob.mx\/portal\/wp-content\/uploads\/2019\/07\/photo5021551823068178477-300x200.jpg 300w\" sizes=\"(max-width: 669px) 100vw, 669px\" \/><\/a><\/p>\n<p><a href=\"https:\/\/tonala.gob.mx\/portal\/wp-content\/uploads\/2019\/07\/photo5021551823068178480.jpg\"><img decoding=\"async\" class=\"alignnone size-large wp-image-27268\" src=\"https:\/\/tonala.gob.mx\/portal\/wp-content\/uploads\/2019\/07\/photo5021551823068178480.jpg\" alt=\"photo5021551823068178480\" width=\"669\" height=\"445\" srcset=\"https:\/\/tonala.gob.mx\/portal\/wp-content\/uploads\/2019\/07\/photo5021551823068178480.jpg 669w, https:\/\/tonala.gob.mx\/portal\/wp-content\/uploads\/2019\/07\/photo5021551823068178480-300x200.jpg 300w\" sizes=\"(max-width: 669px) 100vw, 669px\" \/><\/a><\/p>\n<p><a href=\"https:\/\/tonala.gob.mx\/portal\/wp-content\/uploads\/2019\/07\/photo5021551823068178481.jpg\"><img loading=\"lazy\" decoding=\"async\" class=\"alignnone size-large wp-image-27269\" src=\"https:\/\/tonala.gob.mx\/portal\/wp-content\/uploads\/2019\/07\/photo5021551823068178481.jpg\" alt=\"photo5021551823068178481\" width=\"447\" height=\"445\" srcset=\"https:\/\/tonala.gob.mx\/portal\/wp-content\/uploads\/2019\/07\/photo5021551823068178481.jpg 447w, https:\/\/tonala.gob.mx\/portal\/wp-content\/uploads\/2019\/07\/photo5021551823068178481-150x150.jpg 150w, https:\/\/tonala.gob.mx\/portal\/wp-content\/uploads\/2019\/07\/photo5021551823068178481-300x300.jpg 300w\" sizes=\"(max-width: 447px) 100vw, 447px\" \/><\/a><\/p>\n<p><iframe width=\"800\" height=\"450\" src=\"https:\/\/www.youtube.com\/embed\/C6hKIbGXhwg?feature=oembed\" frameborder=\"0\" allow=\"accelerometer; autoplay; encrypted-media; gyroscope; picture-in-picture\" allowfullscreen><\/iframe><\/p>\n<p class=\"m_452783805460185912gmail-Cuerpo\" style=\"text-align: justify;\">\n<p class=\"m_452783805460185912gmail-Cuerpo\" style=\"text-align: justify;\"><span class=\"m_452783805460185912gmail-Ninguno\"><span lang=\"ES-TRAD\">El Gobierno de Tonal\u00e1 contin\u00faa trabajando en dignificar los espacios p\u00fablicos para que los ciudadanos se apropien de ellos y puedan disfrutarlos en familia, es por ello que a trav\u00e9s\u00a0 la Direcci\u00f3n de Movilidad arranc\u00f3 con el programa \u201cMover, Movilidad Verde\u201d el cual consiste en recuperar los espacios destinados a ser \u00e1<\/span><\/span><span class=\"m_452783805460185912gmail-Ninguno\"><span lang=\"PT\">reas verdes, que por alg<\/span><span lang=\"ES-TRAD\">\u00fan motivo han sido invadidos por autos que los usan como estacionamiento, y en algunos casos dejan abandonados los autom\u00f3viles<\/span><\/span><\/p>\n<p class=\"m_452783805460185912gmail-Default\" style=\"text-align: justify;\"><span class=\"m_452783805460185912gmail-Ninguno\"><span lang=\"ES-TRAD\">Tonal\u00e1 es el primer municipio en implementar este tipo de pol\u00edtica p\u00fablica, en una primera etapa se comenz\u00f3 con una estrategia de socializaci\u00f3n y concientizaci\u00f3n a trav\u00e9s de volantes informativos con los vecinos\u00a0 de las colonias Camichines I y II; Paseos del Valle; Infonavit R\u00edo Nilo e Infonavit La Soledad, consideradas tambi\u00e9n como puntos de conflicto, as\u00ed lo confirm\u00f3 el director de Movilidad, Mtro. Enrique Antonio L\u00f3pez G\u00f3mez.<\/span><\/span><\/p>\n<p class=\"m_452783805460185912gmail-Default\" style=\"text-align: justify;\"><span class=\"m_452783805460185912gmail-Ninguno\"><span lang=\"ES-TRAD\">\u00abEs mover todos aquellos veh\u00edculos que est\u00e9n mal estacionados en zonas destinadas como \u00e1reas verdes y lo que tratamos de hacer, adem\u00e1s de retirarlos y moverlos, es sembrar algo (\u00e1rboles) para que esta pr\u00e1ctica no vuelva a suceder, estamos haciendo plantaci\u00f3n de \u00e1rboles con la intenci\u00f3n de\u00a0 bloquear el paso y acceso a esos veh\u00edculos y as\u00ed podamos tener protegida esa \u00e1rea verde\u00bb, se\u00f1al\u00f3.<\/span><\/span><\/p>\n<p class=\"m_452783805460185912gmail-Cuerpo\" style=\"text-align: justify;\"><span class=\"m_452783805460185912gmail-Ninguno\"><span lang=\"ES-TRAD\">Durante este d\u00eda de arranque y a petici\u00f3n de los vecinos de la calle Real de las Primaveras, al cruce con la calle Real de la Rosa Morada, en la Col. Camichines\u00a0 I, se retiraron 16 veh\u00edculos y en su lugar se plantaron \u00e1rboles buscando la recuperaci\u00f3n del espacio verde, evitando con ello que nuevamente estacionen veh\u00ed<\/span><\/span><span class=\"m_452783805460185912gmail-Ninguno\"><span lang=\"PT\">culos.<\/span><\/span><\/p>\n<p class=\"m_452783805460185912gmail-Cuerpo\" style=\"text-align: justify;\"><span class=\"m_452783805460185912gmail-Ninguno\"><span lang=\"ES-TRAD\">Se invit\u00f3 a los vecinos a que tomaran conciencia de la importancia de mejorar el h\u00e1bitat, por lo que no habr\u00e1 sanciones en el arranque de \u201cMover, Movilidad Verde\u201d; una vez que este restaurado el espacio, y en caso de que haya reincidencia en la invasi\u00f3n de los espacios verdes, quienes incurran en este supuesto estar\u00e1n sujetos a una sanci\u00f3<\/span><\/span><span class=\"m_452783805460185912gmail-Ninguno\"><span lang=\"PT\">n de 3 mil 10 pesos.\u00a0<\/span><\/span><\/p>\n<p class=\"m_452783805460185912gmail-Default\" style=\"text-align: justify;\"><span class=\"m_452783805460185912gmail-Ninguno\"><span lang=\"ES-TRAD\">Si la ciudadan\u00eda de Tonal\u00e1 desea reportar situaciones similares, pueden marcar al tel\u00e9fono 3681-5960 \u00f3 acudir a la Direcci\u00f3n de Movilidad que se ubica en la planta alta del Mercado L\u00f3pez Cotilla, ubicado en Av. Tonaltecas sin n\u00famero, a un costado de la comisar\u00eda.<\/span><\/span><\/p>\n","protected":false},"excerpt":{"rendered":"<p>El Gobierno de Tonal\u00e1 contin\u00faa trabajando en dignificar los espacios p\u00fablicos para que los ciudadanos se apropien de ellos y<\/p>\n","protected":false},"author":2,"featured_media":27271,"comment_status":"closed","ping_status":"open","sticky":false,"template":"","format":"standard","meta":{"colormag_page_container_layout":"default_layout","colormag_page_sidebar_layout":"default_layout","footnotes":""},"categories":[2],"tags":[],"class_list":["post-27265","post","type-post","status-publish","format-standard","has-post-thumbnail","hentry","category-comunicacion-social"],"_links":{"self":[{"href":"https:\/\/tonala.gob.mx\/portal\/wp-json\/wp\/v2\/posts\/27265","targetHints":{"allow":["GET"]}}],"collection":[{"href":"https:\/\/tonala.gob.mx\/portal\/wp-json\/wp\/v2\/posts"}],"about":[{"href":"https:\/\/tonala.gob.mx\/portal\/wp-json\/wp\/v2\/types\/post"}],"author":[{"embeddable":true,"href":"https:\/\/tonala.gob.mx\/portal\/wp-json\/wp\/v2\/users\/2"}],"replies":[{"embeddable":true,"href":"https:\/\/tonala.gob.mx\/portal\/wp-json\/wp\/v2\/comments?post=27265"}],"version-history":[{"count":3,"href":"https:\/\/tonala.gob.mx\/portal\/wp-json\/wp\/v2\/posts\/27265\/revisions"}],"predecessor-version":[{"id":27274,"href":"https:\/\/tonala.gob.mx\/portal\/wp-json\/wp\/v2\/posts\/27265\/revisions\/27274"}],"wp:featuredmedia":[{"embeddable":true,"href":"https:\/\/tonala.gob.mx\/portal\/wp-json\/wp\/v2\/media\/27271"}],"wp:attachment":[{"href":"https:\/\/tonala.gob.mx\/portal\/wp-json\/wp\/v2\/media?parent=27265"}],"wp:term":[{"taxonomy":"category","embeddable":true,"href":"https:\/\/tonala.gob.mx\/portal\/wp-json\/wp\/v2\/categories?post=27265"},{"taxonomy":"post_tag","embeddable":true,"href":"https:\/\/tonala.gob.mx\/portal\/wp-json\/wp\/v2\/tags?post=27265"}],"curies":[{"name":"wp","href":"https:\/\/api.w.org\/{rel}","templated":true}]}}