{"id":27252,"date":"2019-07-22T13:01:21","date_gmt":"2019-07-22T19:01:21","guid":{"rendered":"http:\/\/tonala.gob.mx\/portal\/?p=27252"},"modified":"2019-07-22T13:01:21","modified_gmt":"2019-07-22T19:01:21","slug":"inicia-en-tonala-campana-de-canje-de-armas","status":"publish","type":"post","link":"https:\/\/tonala.gob.mx\/portal\/2019\/07\/22\/inicia-en-tonala-campana-de-canje-de-armas\/","title":{"rendered":"Inicia en Tonal\u00e1 campa\u00f1a de canje de armas"},"content":{"rendered":"<p><a href=\"https:\/\/tonala.gob.mx\/portal\/wp-content\/uploads\/2019\/07\/IMG_6384.jpg\"><img fetchpriority=\"high\" decoding=\"async\" class=\"alignnone size-full wp-image-27254\" src=\"https:\/\/tonala.gob.mx\/portal\/wp-content\/uploads\/2019\/07\/IMG_6384.jpg\" alt=\"IMG_6384\" width=\"668\" height=\"445\" srcset=\"https:\/\/tonala.gob.mx\/portal\/wp-content\/uploads\/2019\/07\/IMG_6384.jpg 668w, https:\/\/tonala.gob.mx\/portal\/wp-content\/uploads\/2019\/07\/IMG_6384-300x200.jpg 300w\" sizes=\"(max-width: 668px) 100vw, 668px\" \/><\/a><\/p>\n<p><a href=\"https:\/\/tonala.gob.mx\/portal\/wp-content\/uploads\/2019\/07\/IMG_6394.jpg\"><img decoding=\"async\" class=\"alignnone size-large wp-image-27255\" src=\"https:\/\/tonala.gob.mx\/portal\/wp-content\/uploads\/2019\/07\/IMG_6394.jpg\" alt=\"IMG_6394\" width=\"668\" height=\"445\" srcset=\"https:\/\/tonala.gob.mx\/portal\/wp-content\/uploads\/2019\/07\/IMG_6394.jpg 668w, https:\/\/tonala.gob.mx\/portal\/wp-content\/uploads\/2019\/07\/IMG_6394-300x200.jpg 300w\" sizes=\"(max-width: 668px) 100vw, 668px\" \/><\/a><\/p>\n<p><a href=\"https:\/\/tonala.gob.mx\/portal\/wp-content\/uploads\/2019\/07\/IMG_6458.jpg\"><img decoding=\"async\" class=\"alignnone size-large wp-image-27256\" src=\"https:\/\/tonala.gob.mx\/portal\/wp-content\/uploads\/2019\/07\/IMG_6458.jpg\" alt=\"IMG_6458\" width=\"668\" height=\"445\" srcset=\"https:\/\/tonala.gob.mx\/portal\/wp-content\/uploads\/2019\/07\/IMG_6458.jpg 668w, https:\/\/tonala.gob.mx\/portal\/wp-content\/uploads\/2019\/07\/IMG_6458-300x200.jpg 300w\" sizes=\"(max-width: 668px) 100vw, 668px\" \/><\/a><\/p>\n<p>&nbsp;<\/p>\n<p style=\"font-weight: 400; text-align: justify;\">El canje de armamento por electrodom\u00e9sticos se realizar\u00e1 del 22 de julio al 24 de agosto<\/p>\n<p style=\"font-weight: 400; text-align: justify;\">Autoridades municipales, en coordinaci\u00f3n con la Secretar\u00eda de la Defensa Nacional (SEDENA), iniciaron esta ma\u00f1ana la campa\u00f1a de Canje de Armas en el municipio de Tonal\u00e1, a realizarse del 22 de julio al 24 de agosto.<\/p>\n<p style=\"font-weight: 400; text-align: justify;\">El objetivo de este programa es recolectar, para su destrucci\u00f3n, armas y explosivos que de manera voluntaria y an\u00f3nima entregue la poblaci\u00f3n, esto para disminuir la presencia y el tr\u00e1fico de armas en las calles, evitar accidentes en los hogares y prevenir delitos con violencia.<\/p>\n<p style=\"font-weight: 400; text-align: justify;\">La campa\u00f1a se realizar\u00e1 del 22 de julio al 24 de agosto, y el centro de acopio funcionar\u00e1 afuera de la Presidencia Municipal de Tonal\u00e1, en la zona centro del municipio, en un horario de lunes a viernes de 09:00 a 15:00 horas.<\/p>\n<p style=\"font-weight: 400; text-align: justify;\">Quienes decidan entregar armas que tengan bajo su posesi\u00f3n, no ser\u00e1n sujetos a investigaci\u00f3n alguna, no tendr\u00e1n ninguna responsabilidad legal, no ser\u00e1n identificados, no se les requerir\u00e1 ninguna documentaci\u00f3n y el arma canjeada se destruir\u00e1 en su presencia.<\/p>\n<p style=\"font-weight: 400; text-align: justify;\">A cambio, las personas que acudan al m\u00f3dulo de canje a dejar su arma, recibir\u00e1n a cambio aparatos electrodom\u00e9sticos, esto de acuerdo al monto estimado del armamento. Podr\u00e1n recibir desde una licuadora hasta una pantalla, de acuerdo al tabulador establecido por la SEDENA.<\/p>\n<p style=\"font-weight: 400; text-align: justify;\">En el arranque de la campa\u00f1a estuvieron presentes el secretario general del Gobierno municipal, Manuel Salvador Romero Cueva; el comisario H\u00e9ctor C\u00f3rdova Berm\u00fadez; el jefe de Gabinete, Ulises Barba Arroyo; el regidor presidente de la Comisi\u00f3n de Seguridad Ciudadana, Enrique Guzm\u00e1n Loza, y por parte de la SEDENA, capit\u00e1n Alain Prom Arteaga.<\/p>\n","protected":false},"excerpt":{"rendered":"<p>&nbsp; El canje de armamento por electrodom\u00e9sticos se realizar\u00e1 del 22 de julio al 24 de agosto Autoridades municipales, en<\/p>\n","protected":false},"author":2,"featured_media":27257,"comment_status":"closed","ping_status":"open","sticky":false,"template":"","format":"standard","meta":{"colormag_page_container_layout":"default_layout","colormag_page_sidebar_layout":"default_layout","footnotes":""},"categories":[2],"tags":[],"class_list":["post-27252","post","type-post","status-publish","format-standard","has-post-thumbnail","hentry","category-comunicacion-social"],"_links":{"self":[{"href":"https:\/\/tonala.gob.mx\/portal\/wp-json\/wp\/v2\/posts\/27252","targetHints":{"allow":["GET"]}}],"collection":[{"href":"https:\/\/tonala.gob.mx\/portal\/wp-json\/wp\/v2\/posts"}],"about":[{"href":"https:\/\/tonala.gob.mx\/portal\/wp-json\/wp\/v2\/types\/post"}],"author":[{"embeddable":true,"href":"https:\/\/tonala.gob.mx\/portal\/wp-json\/wp\/v2\/users\/2"}],"replies":[{"embeddable":true,"href":"https:\/\/tonala.gob.mx\/portal\/wp-json\/wp\/v2\/comments?post=27252"}],"version-history":[{"count":2,"href":"https:\/\/tonala.gob.mx\/portal\/wp-json\/wp\/v2\/posts\/27252\/revisions"}],"predecessor-version":[{"id":27258,"href":"https:\/\/tonala.gob.mx\/portal\/wp-json\/wp\/v2\/posts\/27252\/revisions\/27258"}],"wp:featuredmedia":[{"embeddable":true,"href":"https:\/\/tonala.gob.mx\/portal\/wp-json\/wp\/v2\/media\/27257"}],"wp:attachment":[{"href":"https:\/\/tonala.gob.mx\/portal\/wp-json\/wp\/v2\/media?parent=27252"}],"wp:term":[{"taxonomy":"category","embeddable":true,"href":"https:\/\/tonala.gob.mx\/portal\/wp-json\/wp\/v2\/categories?post=27252"},{"taxonomy":"post_tag","embeddable":true,"href":"https:\/\/tonala.gob.mx\/portal\/wp-json\/wp\/v2\/tags?post=27252"}],"curies":[{"name":"wp","href":"https:\/\/api.w.org\/{rel}","templated":true}]}}