{"id":27243,"date":"2019-07-22T08:37:21","date_gmt":"2019-07-22T14:37:21","guid":{"rendered":"http:\/\/tonala.gob.mx\/portal\/?p=27243"},"modified":"2019-07-22T08:37:21","modified_gmt":"2019-07-22T14:37:21","slug":"servicios-de-emergencia-de-tonala-atienden-derrumbe-de-casa","status":"publish","type":"post","link":"https:\/\/tonala.gob.mx\/portal\/2019\/07\/22\/servicios-de-emergencia-de-tonala-atienden-derrumbe-de-casa\/","title":{"rendered":"Servicios de emergencia de Tonal\u00e1 atienden derrumbe de casa"},"content":{"rendered":"<p>&nbsp;<\/p>\n<p><a href=\"https:\/\/tonala.gob.mx\/portal\/wp-content\/uploads\/2019\/07\/image-3.jpg\"><img fetchpriority=\"high\" decoding=\"async\" class=\"alignnone size-full wp-image-27244\" src=\"https:\/\/tonala.gob.mx\/portal\/wp-content\/uploads\/2019\/07\/image-3.jpg\" alt=\"image (3)\" width=\"742\" height=\"445\" srcset=\"https:\/\/tonala.gob.mx\/portal\/wp-content\/uploads\/2019\/07\/image-3.jpg 742w, https:\/\/tonala.gob.mx\/portal\/wp-content\/uploads\/2019\/07\/image-3-300x180.jpg 300w\" sizes=\"(max-width: 742px) 100vw, 742px\" \/><\/a> <a href=\"https:\/\/tonala.gob.mx\/portal\/wp-content\/uploads\/2019\/07\/image-4.jpg\"><img decoding=\"async\" class=\"alignnone size-large wp-image-27245\" src=\"https:\/\/tonala.gob.mx\/portal\/wp-content\/uploads\/2019\/07\/image-4.jpg\" alt=\"image (4)\" width=\"742\" height=\"445\" srcset=\"https:\/\/tonala.gob.mx\/portal\/wp-content\/uploads\/2019\/07\/image-4.jpg 742w, https:\/\/tonala.gob.mx\/portal\/wp-content\/uploads\/2019\/07\/image-4-300x180.jpg 300w\" sizes=\"(max-width: 742px) 100vw, 742px\" \/><\/a><\/p>\n<p><a href=\"https:\/\/tonala.gob.mx\/portal\/wp-content\/uploads\/2019\/07\/image-5.jpg\"><img decoding=\"async\" class=\"alignnone size-large wp-image-27246\" src=\"https:\/\/tonala.gob.mx\/portal\/wp-content\/uploads\/2019\/07\/image-5.jpg\" alt=\"image (5)\" width=\"742\" height=\"445\" srcset=\"https:\/\/tonala.gob.mx\/portal\/wp-content\/uploads\/2019\/07\/image-5.jpg 742w, https:\/\/tonala.gob.mx\/portal\/wp-content\/uploads\/2019\/07\/image-5-300x180.jpg 300w\" sizes=\"(max-width: 742px) 100vw, 742px\" \/><\/a><\/p>\n<p><a href=\"https:\/\/tonala.gob.mx\/portal\/wp-content\/uploads\/2019\/07\/image-6.jpg\"><img loading=\"lazy\" decoding=\"async\" class=\"alignnone size-large wp-image-27247\" src=\"https:\/\/tonala.gob.mx\/portal\/wp-content\/uploads\/2019\/07\/image-6.jpg\" alt=\"image\" width=\"267\" height=\"445\" srcset=\"https:\/\/tonala.gob.mx\/portal\/wp-content\/uploads\/2019\/07\/image-6.jpg 267w, https:\/\/tonala.gob.mx\/portal\/wp-content\/uploads\/2019\/07\/image-6-180x300.jpg 180w\" sizes=\"(max-width: 267px) 100vw, 267px\" \/><\/a><\/p>\n<p class=\"m_-2461116169897394212gmail-Cuerpo\" style=\"text-align: justify;\"><span lang=\"ES-TRAD\">La madrugada de este domingo, personal de Protecci\u00f3n Civil y Bomberos, Servicios M\u00e9<\/span><span lang=\"PT\">dicos Municipales, Comisar<\/span><span lang=\"ES-TRAD\">\u00eda y personal del Ministerio P\u00fablico, acudieron a la colonia Rey X\u00f3lotl para atender el reporte de un derrumbe en una casa de dos niveles, en la cual una persona de sexo femenino de 69 a\u00f1os qued\u00f3 sepultada bajo los escombros. Despu\u00e9s de una serie de maniobras para su rescate se confirm\u00f3 la muerte de la mujer, por lo que se hizo entrega al Servicio M\u00e9<\/span><span lang=\"PT\">dico Forense (SEMEFO).<\/span><span class=\"m_-2461116169897394212gmail-Ninguno\"><span lang=\"ES-TRAD\">\u00a0<\/span><\/span><\/p>\n<p class=\"m_-2461116169897394212gmail-Cuerpo\" style=\"text-align: justify;\"><span class=\"m_-2461116169897394212gmail-Ninguno\"><span lang=\"IT\">Se trat<\/span><\/span><span class=\"m_-2461116169897394212gmail-Ninguno\"><span lang=\"ES-TRAD\">\u00f3 de una vivienda de dos niveles, en la cual se\u00a0<\/span><\/span><span class=\"m_-2461116169897394212gmail-Ninguno\"><span lang=\"IT\">colaps<\/span><\/span><span class=\"m_-2461116169897394212gmail-Ninguno\"><span lang=\"ES-TRAD\">\u00f3 un \u00e1<\/span><\/span><span class=\"m_-2461116169897394212gmail-Ninguno\"><span lang=\"PT\">rea de 5X5 metros aproximadamente<\/span><\/span><span class=\"m_-2461116169897394212gmail-Ninguno\"><span lang=\"ES-TRAD\">, ubicada en la calle Atetelco, al cruce de la calle Cihualpilli, en la colonia Rey X\u00f3lotl. En el lugar tambi\u00e9n fueron puestos a resguardo, sin lesiones, dos menores de edad, uno ni\u00f1<\/span><\/span><span class=\"m_-2461116169897394212gmail-Ninguno\"><span lang=\"PT\">o de 11 a<\/span><\/span><span class=\"m_-2461116169897394212gmail-Ninguno\"><span lang=\"ES-TRAD\">\u00f1os y una ni\u00f1a de 6 a\u00f1<\/span><\/span><span class=\"m_-2461116169897394212gmail-Ninguno\"><span lang=\"PT\">os, as<\/span><\/span><span class=\"m_-2461116169897394212gmail-Ninguno\"><span lang=\"ES-TRAD\">\u00ed como una mujer de 37 a\u00f1os, los cuales fueron auxiliados por los vecinos y personal de Protecci\u00f3n Civil y B<\/span><\/span><span class=\"m_-2461116169897394212gmail-Ninguno\"><span lang=\"PT\">omberos.<\/span><\/span><\/p>\n<p class=\"m_-2461116169897394212gmail-Cuerpo\" style=\"text-align: justify;\"><span class=\"m_-2461116169897394212gmail-Ninguno\"><span lang=\"ES-TRAD\">Adem\u00e1s se realizaron trabajos de inspecci\u00f3n para las casas vecinas a la que se derrumb\u00f3 para determinar si existe riesgo de colapso en otras fincas; la Direcci\u00f3n de Obras P\u00fa<\/span><\/span><span class=\"m_-2461116169897394212gmail-Ninguno\"><span lang=\"PT\">blicas<\/span><\/span><span class=\"m_-2461116169897394212gmail-Ninguno\"><span lang=\"ES-TRAD\">\u00a0del Gobierno de Tonal\u00e1 realizar\u00e1 un dictamen estructural para descartar afectaciones.<\/span><\/span><\/p>\n","protected":false},"excerpt":{"rendered":"<p>&nbsp; La madrugada de este domingo, personal de Protecci\u00f3n Civil y Bomberos, Servicios M\u00e9dicos Municipales, Comisar\u00eda y personal del Ministerio<\/p>\n","protected":false},"author":2,"featured_media":27249,"comment_status":"closed","ping_status":"open","sticky":false,"template":"","format":"standard","meta":{"colormag_page_container_layout":"default_layout","colormag_page_sidebar_layout":"default_layout","footnotes":""},"categories":[2],"tags":[],"class_list":["post-27243","post","type-post","status-publish","format-standard","has-post-thumbnail","hentry","category-comunicacion-social"],"_links":{"self":[{"href":"https:\/\/tonala.gob.mx\/portal\/wp-json\/wp\/v2\/posts\/27243","targetHints":{"allow":["GET"]}}],"collection":[{"href":"https:\/\/tonala.gob.mx\/portal\/wp-json\/wp\/v2\/posts"}],"about":[{"href":"https:\/\/tonala.gob.mx\/portal\/wp-json\/wp\/v2\/types\/post"}],"author":[{"embeddable":true,"href":"https:\/\/tonala.gob.mx\/portal\/wp-json\/wp\/v2\/users\/2"}],"replies":[{"embeddable":true,"href":"https:\/\/tonala.gob.mx\/portal\/wp-json\/wp\/v2\/comments?post=27243"}],"version-history":[{"count":2,"href":"https:\/\/tonala.gob.mx\/portal\/wp-json\/wp\/v2\/posts\/27243\/revisions"}],"predecessor-version":[{"id":27250,"href":"https:\/\/tonala.gob.mx\/portal\/wp-json\/wp\/v2\/posts\/27243\/revisions\/27250"}],"wp:featuredmedia":[{"embeddable":true,"href":"https:\/\/tonala.gob.mx\/portal\/wp-json\/wp\/v2\/media\/27249"}],"wp:attachment":[{"href":"https:\/\/tonala.gob.mx\/portal\/wp-json\/wp\/v2\/media?parent=27243"}],"wp:term":[{"taxonomy":"category","embeddable":true,"href":"https:\/\/tonala.gob.mx\/portal\/wp-json\/wp\/v2\/categories?post=27243"},{"taxonomy":"post_tag","embeddable":true,"href":"https:\/\/tonala.gob.mx\/portal\/wp-json\/wp\/v2\/tags?post=27243"}],"curies":[{"name":"wp","href":"https:\/\/api.w.org\/{rel}","templated":true}]}}