{"id":27235,"date":"2019-07-19T08:21:54","date_gmt":"2019-07-19T14:21:54","guid":{"rendered":"http:\/\/tonala.gob.mx\/portal\/?p=27235"},"modified":"2019-07-22T08:27:06","modified_gmt":"2019-07-22T14:27:06","slug":"gobierno-de-tonala-inaugura-la-expo-decora-artesanalmente","status":"publish","type":"post","link":"https:\/\/tonala.gob.mx\/portal\/2019\/07\/19\/gobierno-de-tonala-inaugura-la-expo-decora-artesanalmente\/","title":{"rendered":"Gobierno de Tonal\u00e1 inaugura la Expo Decora Artesanalmente"},"content":{"rendered":"<p><a href=\"https:\/\/tonala.gob.mx\/portal\/wp-content\/uploads\/2019\/07\/photo5010757715554838632-2.jpg\"><img fetchpriority=\"high\" decoding=\"async\" class=\"alignnone size-full wp-image-27236\" src=\"https:\/\/tonala.gob.mx\/portal\/wp-content\/uploads\/2019\/07\/photo5010757715554838632-2.jpg\" alt=\"photo5010757715554838632\" width=\"668\" height=\"445\" srcset=\"https:\/\/tonala.gob.mx\/portal\/wp-content\/uploads\/2019\/07\/photo5010757715554838632-2.jpg 668w, https:\/\/tonala.gob.mx\/portal\/wp-content\/uploads\/2019\/07\/photo5010757715554838632-2-300x200.jpg 300w\" sizes=\"(max-width: 668px) 100vw, 668px\" \/><\/a><\/p>\n<p><a href=\"https:\/\/tonala.gob.mx\/portal\/wp-content\/uploads\/2019\/07\/photo5010757715554838635-1.jpg\"><img decoding=\"async\" class=\"alignnone size-large wp-image-27237\" src=\"https:\/\/tonala.gob.mx\/portal\/wp-content\/uploads\/2019\/07\/photo5010757715554838635-1.jpg\" alt=\"photo5010757715554838635\" width=\"668\" height=\"445\" srcset=\"https:\/\/tonala.gob.mx\/portal\/wp-content\/uploads\/2019\/07\/photo5010757715554838635-1.jpg 668w, https:\/\/tonala.gob.mx\/portal\/wp-content\/uploads\/2019\/07\/photo5010757715554838635-1-300x200.jpg 300w\" sizes=\"(max-width: 668px) 100vw, 668px\" \/><\/a><\/p>\n<p><a href=\"https:\/\/tonala.gob.mx\/portal\/wp-content\/uploads\/2019\/07\/photo5010757715554838640-1.jpg\"><img decoding=\"async\" class=\"alignnone size-large wp-image-27238\" src=\"https:\/\/tonala.gob.mx\/portal\/wp-content\/uploads\/2019\/07\/photo5010757715554838640-1.jpg\" alt=\"photo5010757715554838640\" width=\"668\" height=\"445\" srcset=\"https:\/\/tonala.gob.mx\/portal\/wp-content\/uploads\/2019\/07\/photo5010757715554838640-1.jpg 668w, https:\/\/tonala.gob.mx\/portal\/wp-content\/uploads\/2019\/07\/photo5010757715554838640-1-300x200.jpg 300w\" sizes=\"(max-width: 668px) 100vw, 668px\" \/><\/a><\/p>\n<p><a href=\"https:\/\/tonala.gob.mx\/portal\/wp-content\/uploads\/2019\/07\/photo5010757715554838645-1.jpg\"><img loading=\"lazy\" decoding=\"async\" class=\"alignnone size-large wp-image-27239\" src=\"https:\/\/tonala.gob.mx\/portal\/wp-content\/uploads\/2019\/07\/photo5010757715554838645-1.jpg\" alt=\"photo5010757715554838645\" width=\"668\" height=\"445\" srcset=\"https:\/\/tonala.gob.mx\/portal\/wp-content\/uploads\/2019\/07\/photo5010757715554838645-1.jpg 668w, https:\/\/tonala.gob.mx\/portal\/wp-content\/uploads\/2019\/07\/photo5010757715554838645-1-300x200.jpg 300w\" sizes=\"(max-width: 668px) 100vw, 668px\" \/><\/a><\/p>\n<p><a href=\"https:\/\/tonala.gob.mx\/portal\/wp-content\/uploads\/2019\/07\/photo5010757715554838647.jpg\"><img loading=\"lazy\" decoding=\"async\" class=\"alignnone size-large wp-image-27240\" src=\"https:\/\/tonala.gob.mx\/portal\/wp-content\/uploads\/2019\/07\/photo5010757715554838647.jpg\" alt=\"photo5010757715554838647\" width=\"668\" height=\"445\" srcset=\"https:\/\/tonala.gob.mx\/portal\/wp-content\/uploads\/2019\/07\/photo5010757715554838647.jpg 668w, https:\/\/tonala.gob.mx\/portal\/wp-content\/uploads\/2019\/07\/photo5010757715554838647-300x200.jpg 300w\" sizes=\"(max-width: 668px) 100vw, 668px\" \/><\/a><\/p>\n<p style=\"text-align: justify;\"><span class=\"m_1604147369471787139gmail-Ninguno\"><span lang=\"ES-TRAD\">Las artesan\u00edas forman parte de la riqueza que siempre ha distinguido a nivel nacional e internacional a Tonal\u00e1, sin embargo, tambi\u00e9n el ramo mueblero se ha desarrollado y cuenta con calidad, vanguardia y estilos \u00fanicos, es por ello que el Gobierno de Municipal\u00a0 realiz\u00f3, junto con expositores, productores del ramo mueblero y decoraci\u00f3n artesanal, la \u201cPrimera Expo Decora\u00a0\u00a0<\/span><\/span><span class=\"m_1604147369471787139gmail-Ninguno\"><span lang=\"IT\">Artesanalmente<\/span><\/span><span class=\"m_1604147369471787139gmail-Ninguno\"><span lang=\"ES-TRAD\">\u201d.<\/span><\/span><\/p>\n<p class=\"m_1604147369471787139gmail-Cuerpo\" style=\"text-align: justify;\"><span class=\"m_1604147369471787139gmail-Ninguno\"><span lang=\"ES-TRAD\">El municipio de Tonal\u00e1 ha sido un referente para comprar muebles y artesan\u00edas a buen precio, pero adem\u00e1s existe mucha calidad en los productos que se ofrecen por lo que es sumamente importante que se les brinde todo el apoyo necesario a los productores, as\u00ed como a los expositores, un compromiso que ha sido plasmado en el Plan Municipal de Desarrollo Urbano, que no se hac\u00eda desde hace 10 a\u00f1os, y adem\u00e1s qued\u00f3 incluido en el Plan Municipal de Desarrollo y Gobernanza, donde el factor econ\u00f3mico es parte fundamental, se\u00f1al\u00f3 el presidente municipal, Juan Antonio Gonz\u00e1lez Mora.<\/span><\/span><\/p>\n<p class=\"m_1604147369471787139gmail-Cuerpo\" style=\"text-align: justify;\"><span class=\"m_1604147369471787139gmail-Ninguno\"><span lang=\"ES-TRAD\">\u201cDecirles que no vamos a descansar, Tonal\u00e1 no puede esperar, tenemos que caminar con empresarios, con todos ustedes, juntos de la mano y volver a creer en Tonal\u00e1, ese que durante 30 a\u00f1os qued\u00f3 en el abandono en infraestructura, ese Tonal\u00e1 que tiene hambre de regresar a lo que fue, de que se le cambie la cara al centro hist\u00f3<\/span><\/span><span class=\"m_1604147369471787139gmail-Ninguno\"><span lang=\"IT\">rico<\/span><\/span><span class=\"m_1604147369471787139gmail-Ninguno\"><span lang=\"ES-TRAD\">\u201d, se\u00f1al\u00f3.<\/span><\/span><\/p>\n<p class=\"m_1604147369471787139gmail-Cuerpo\" style=\"text-align: justify;\"><span class=\"m_1604147369471787139gmail-Ninguno\"><span lang=\"IT\">La Expo Decora<\/span><\/span><span class=\"m_1604147369471787139gmail-Ninguno\"><span lang=\"ES-TRAD\">\u00a0<\/span><\/span><span class=\"m_1604147369471787139gmail-Ninguno\"><span lang=\"IT\">Artesanalmente<\/span><\/span><span class=\"m_1604147369471787139gmail-Ninguno\"><span lang=\"ES-TRAD\">\u00a0es la primera en su tipo, un proyecto que formar\u00e1 parte de la promoci\u00f3n cultural del municipio al reunir a m\u00e1<\/span><\/span><span class=\"m_1604147369471787139gmail-Ninguno\"><span lang=\"PT\">s de 25 expositores que dar<\/span><\/span><span class=\"m_1604147369471787139gmail-Ninguno\"><span lang=\"ES-TRAD\">\u00e1n muestra de productos con un sentido art\u00edstico en muebles y art\u00edculos decorativos elaborados de madera, forja, piel, ratan, vidrio soplado, fibra de vidrio y materiales end\u00e9micos de la regi\u00f3n.<\/span><\/span><\/p>\n<p class=\"m_1604147369471787139gmail-Cuerpo\" style=\"text-align: justify;\"><span class=\"m_1604147369471787139gmail-Ninguno\"><span lang=\"ES-TRAD\">Por su parte, Pedro Romero Olivera representante de la Asociaci\u00f3n de Fabricantes de Muebles de Jalisco, A.C. agradeci\u00f3 el apoyo brindado por el Gobierno de Tonal\u00e1 para la realizaci\u00f3<\/span><\/span><span class=\"m_1604147369471787139gmail-Ninguno\"><span lang=\"PT\">n de esta Expo, reiter<\/span><\/span><span class=\"m_1604147369471787139gmail-Ninguno\"><span lang=\"ES-TRAD\">\u00f3 que Tonal\u00e1 cuenta con la peculiaridad de la belleza de sus artesan\u00edas al ser un municipio con artesanos que cuentan con muchos a\u00f1os de experiencia en el ramo.<\/span><\/span><\/p>\n<p class=\"m_1604147369471787139gmail-Cuerpo\" style=\"text-align: justify;\"><span class=\"m_1604147369471787139gmail-Ninguno\"><span lang=\"ES-TRAD\">Expo Decora Artesanalmente se encuentra instalada en el Sal\u00f3n de Eventos \u201c<\/span><\/span><span class=\"m_1604147369471787139gmail-Ninguno\"><span lang=\"PT\">La Antigua Escondida<\/span><\/span><span class=\"m_1604147369471787139gmail-Ninguno\"><span lang=\"ES-TRAD\">\u201d, ubicado en Av. Tonal\u00e1 no. 114, col. Francisco Villa, en el mismo municipio de Tonal\u00e1, estar\u00e1 abierta al p\u00fa<\/span><\/span><span class=\"m_1604147369471787139gmail-Ninguno\"><span lang=\"PT\">blico general a partir de<\/span><\/span><span class=\"m_1604147369471787139gmail-Ninguno\"><span lang=\"ES-TRAD\">l 18 hasta el pr\u00f3ximo s\u00e1bado 21 de julio, con un horario de 10:00 a 20:00 horas.\u00a0<\/span><\/span><\/p>\n<p>&nbsp;<\/p>\n<p>&nbsp;<\/p>\n","protected":false},"excerpt":{"rendered":"<p>Las artesan\u00edas forman parte de la riqueza que siempre ha distinguido a nivel nacional e internacional a Tonal\u00e1, sin embargo,<\/p>\n","protected":false},"author":2,"featured_media":27241,"comment_status":"closed","ping_status":"open","sticky":false,"template":"","format":"standard","meta":{"colormag_page_container_layout":"default_layout","colormag_page_sidebar_layout":"default_layout","footnotes":""},"categories":[2],"tags":[],"class_list":["post-27235","post","type-post","status-publish","format-standard","has-post-thumbnail","hentry","category-comunicacion-social"],"_links":{"self":[{"href":"https:\/\/tonala.gob.mx\/portal\/wp-json\/wp\/v2\/posts\/27235","targetHints":{"allow":["GET"]}}],"collection":[{"href":"https:\/\/tonala.gob.mx\/portal\/wp-json\/wp\/v2\/posts"}],"about":[{"href":"https:\/\/tonala.gob.mx\/portal\/wp-json\/wp\/v2\/types\/post"}],"author":[{"embeddable":true,"href":"https:\/\/tonala.gob.mx\/portal\/wp-json\/wp\/v2\/users\/2"}],"replies":[{"embeddable":true,"href":"https:\/\/tonala.gob.mx\/portal\/wp-json\/wp\/v2\/comments?post=27235"}],"version-history":[{"count":1,"href":"https:\/\/tonala.gob.mx\/portal\/wp-json\/wp\/v2\/posts\/27235\/revisions"}],"predecessor-version":[{"id":27242,"href":"https:\/\/tonala.gob.mx\/portal\/wp-json\/wp\/v2\/posts\/27235\/revisions\/27242"}],"wp:featuredmedia":[{"embeddable":true,"href":"https:\/\/tonala.gob.mx\/portal\/wp-json\/wp\/v2\/media\/27241"}],"wp:attachment":[{"href":"https:\/\/tonala.gob.mx\/portal\/wp-json\/wp\/v2\/media?parent=27235"}],"wp:term":[{"taxonomy":"category","embeddable":true,"href":"https:\/\/tonala.gob.mx\/portal\/wp-json\/wp\/v2\/categories?post=27235"},{"taxonomy":"post_tag","embeddable":true,"href":"https:\/\/tonala.gob.mx\/portal\/wp-json\/wp\/v2\/tags?post=27235"}],"curies":[{"name":"wp","href":"https:\/\/api.w.org\/{rel}","templated":true}]}}