{"id":27228,"date":"2019-07-20T16:51:10","date_gmt":"2019-07-20T22:51:10","guid":{"rendered":"http:\/\/tonala.gob.mx\/portal\/?p=27228"},"modified":"2019-07-20T16:51:10","modified_gmt":"2019-07-20T22:51:10","slug":"el-gobierno-municipal-de-tonala-rinde-homenaje-luctuoso-a-la-sindica-maria-mayra-violeta-velazco-garcia","status":"publish","type":"post","link":"https:\/\/tonala.gob.mx\/portal\/2019\/07\/20\/el-gobierno-municipal-de-tonala-rinde-homenaje-luctuoso-a-la-sindica-maria-mayra-violeta-velazco-garcia\/","title":{"rendered":"El Gobierno Municipal de Tonal\u00e1 rinde homenaje luctuoso a la s\u00edndica Mar\u00eda Mayra Violeta Velazco Garc\u00eda"},"content":{"rendered":"<p><a href=\"https:\/\/tonala.gob.mx\/portal\/wp-content\/uploads\/2019\/07\/image-1.jpg\"><img fetchpriority=\"high\" decoding=\"async\" class=\"alignnone size-full wp-image-27229\" src=\"https:\/\/tonala.gob.mx\/portal\/wp-content\/uploads\/2019\/07\/image-1.jpg\" alt=\"image (1)\" width=\"593\" height=\"445\" srcset=\"https:\/\/tonala.gob.mx\/portal\/wp-content\/uploads\/2019\/07\/image-1.jpg 593w, https:\/\/tonala.gob.mx\/portal\/wp-content\/uploads\/2019\/07\/image-1-300x225.jpg 300w\" sizes=\"(max-width: 593px) 100vw, 593px\" \/><\/a><\/p>\n<p><a href=\"https:\/\/tonala.gob.mx\/portal\/wp-content\/uploads\/2019\/07\/image.jpg\"><img decoding=\"async\" class=\"alignnone size-large wp-image-27230\" src=\"https:\/\/tonala.gob.mx\/portal\/wp-content\/uploads\/2019\/07\/image.jpg\" alt=\"image\" width=\"593\" height=\"445\" srcset=\"https:\/\/tonala.gob.mx\/portal\/wp-content\/uploads\/2019\/07\/image.jpg 593w, https:\/\/tonala.gob.mx\/portal\/wp-content\/uploads\/2019\/07\/image-300x225.jpg 300w\" sizes=\"(max-width: 593px) 100vw, 593px\" \/><\/a><\/p>\n<p>&nbsp;<\/p>\n<p style=\"font-weight: 400; text-align: justify;\">Este s\u00e1bado 20 de julio, funcionarios del Gobierno de Tonal\u00e1 encabezados por el presidente municipal, Juan Antonio Gonz\u00e1lez Mora, y acompa\u00f1ados de familiares y amigos de la s\u00edndica Mar\u00eda Mayra Violeta Velazco Garc\u00eda, rindieron un homenaje luctuoso de cuerpo presente en la presidencia municipal de Tonal\u00e1. En punto de las 14 horas el cuerpo de la s\u00edndica lleg\u00f3 a la presidencia municipal entre aplausos de los asistentes. Posteriormente el presidente municipal ley\u00f3 la semblanza de Velazco Garc\u00eda y dirigi\u00f3 unas palabras en las que destac\u00f3 que la s\u00edndica era una mujer ejemplar.\u00a0\u00a0\u201cVioleta era una mujer de lucha y de convicciones firmes, convencida de la necesidad de cambiar la sinergia de la administraci\u00f3n p\u00fablica en beneficio de la ciudadan\u00eda\u201d, se\u00f1al\u00f3.<\/p>\n<p style=\"font-weight: 400; text-align: justify;\">El presidente municipal, Juan Antonio Gonz\u00e1lez, el secretario general, Manuel Salvador Romero y los regidores Enrique Guzm\u00e1n y Ernesto \u00c1ngel realizaron la primera Guardia de Honor; asimismo todos los integrantes del ayuntamiento, familiares y compa\u00f1eros realizaron guardias de honor.<\/p>\n<p style=\"font-weight: 400; text-align: justify;\">En el homenaje el presidente municipal entreg\u00f3 la bandera del municipio de Tonal\u00e1 a su hermana Mar\u00eda Bel\u00e9n Velazco Garc\u00eda y a su pareja Diego Armando Ambriz, para posteriormente despedir a Mar\u00eda Mayra Violeta Velazco Garc\u00eda con un fuerte aplauso de todas y todos los presentes.<\/p>\n<p style=\"font-weight: 400;\"><strong>Mensaje del presidente municipal, Juan Antonio Gonz\u00e1lez Mora:<\/strong><\/p>\n<p style=\"font-weight: 400; text-align: justify;\">Agradezco a las y los presentes que el d\u00eda de hoy nos damos cita para honrar la memoria de quien con su entrega y dedicaci\u00f3n a su cargo, trabaj\u00f3 para construir un mejor futuro para Tonal\u00e1. Mi amiga y compa\u00f1era de batallas, Mar\u00eda Mayra Violeta Velazco Garc\u00eda.<\/p>\n<p style=\"font-weight: 400; text-align: justify;\">Nuestra s\u00edndica naci\u00f3 en la ciudad de Guadalajara, Jalisco, el d\u00eda 30 de mayo de 1977, hija del se\u00f1or Alberto Velazco Delgado y de la se\u00f1ora Elizabeth Garc\u00eda Hern\u00e1ndez.<\/p>\n<p style=\"font-weight: 400; text-align: justify;\">Estudi\u00f3 la educaci\u00f3n primaria en la escuela Francisco Javier Mina, y con el esfuerzo de su familia continu\u00f3 sus estudios en la escuela secundaria n\u00famero 22 mixta; asimismo, con la perseverancia que siempre le caracteriz\u00f3, ingres\u00f3 a los estudios de educaci\u00f3n media superior en el Polit\u00e9cnico de Guadalajara, donde a\u00f1os despu\u00e9s se certificar\u00eda como T\u00e9cnico Qu\u00edmico Industrial. Posteriormente, la vida y su entusiasmo de superaci\u00f3n la llevar\u00edan a estudiar la carrera de Abogado, obteniendo en consecuencia el t\u00edtulo de dicha licenciatura.<\/p>\n<p style=\"font-weight: 400; text-align: justify;\">La licenciada Violeta, como la conoc\u00edamos sus amigos, compa\u00f1eras y compa\u00f1eros de trabajo, era una mujer ejemplar, desde el a\u00f1o 2007 a la actualidad laboro\u0301 en el Gobierno Municipal de Tonala\u0301, colaborando en varios espacios durante estos 12 a\u00f1os; siempre mostr\u00f3 disposici\u00f3n y responsabilidad por el servicio p\u00fablico. Fue coordinadora de Procedimientos Administrativos y de Responsabilidad, encargada de Transparencia en el DIF del municipio, as\u00ed como encargada de Control de Asistencia y abogada dentro del Sindicato del Ayuntamiento de Tonal\u00e1.<\/p>\n<p style=\"font-weight: 400; text-align: justify;\">Violeta era una mujer de lucha y de convicciones firmes, convencida de la necesidad de cambiar la sinergia de la administraci\u00f3n p\u00fablica en beneficio de la ciudadan\u00eda; como s\u00edndica de este Gobierno Municipal siempre se esforz\u00f3 para cumplir con su responsabilidad al m\u00e1ximo de su capacidad.<\/p>\n<p style=\"font-weight: 400; text-align: justify;\">Su partida tan sorpresiva nos deja un vac\u00edo y un sentimiento de tristeza porque perdimos a una buena servidora p\u00fablica y a un excelente ser humano.<\/p>\n<p style=\"font-weight: 400; text-align: justify;\">Violeta siempre ser\u00e1 recordada por su profesionalismo, dedicaci\u00f3n y capacidad en todo lo que realizaba, as\u00ed como por su gran esp\u00edritu de servicio en el Gobierno de Tonal\u00e1.<\/p>\n<p style=\"font-weight: 400; text-align: justify;\">Les pido que realicemos una guardia en honor a nuestra amiga y compa\u00f1era que se nos adelant\u00f3 en el camino que todos alg\u00fan d\u00eda emprenderemos.<\/p>\n<p>&nbsp;<\/p>\n","protected":false},"excerpt":{"rendered":"<p>&nbsp; Este s\u00e1bado 20 de julio, funcionarios del Gobierno de Tonal\u00e1 encabezados por el presidente municipal, Juan Antonio Gonz\u00e1lez Mora,<\/p>\n","protected":false},"author":2,"featured_media":27232,"comment_status":"closed","ping_status":"open","sticky":false,"template":"","format":"standard","meta":{"colormag_page_container_layout":"default_layout","colormag_page_sidebar_layout":"default_layout","footnotes":""},"categories":[2],"tags":[],"class_list":["post-27228","post","type-post","status-publish","format-standard","has-post-thumbnail","hentry","category-comunicacion-social"],"_links":{"self":[{"href":"https:\/\/tonala.gob.mx\/portal\/wp-json\/wp\/v2\/posts\/27228","targetHints":{"allow":["GET"]}}],"collection":[{"href":"https:\/\/tonala.gob.mx\/portal\/wp-json\/wp\/v2\/posts"}],"about":[{"href":"https:\/\/tonala.gob.mx\/portal\/wp-json\/wp\/v2\/types\/post"}],"author":[{"embeddable":true,"href":"https:\/\/tonala.gob.mx\/portal\/wp-json\/wp\/v2\/users\/2"}],"replies":[{"embeddable":true,"href":"https:\/\/tonala.gob.mx\/portal\/wp-json\/wp\/v2\/comments?post=27228"}],"version-history":[{"count":2,"href":"https:\/\/tonala.gob.mx\/portal\/wp-json\/wp\/v2\/posts\/27228\/revisions"}],"predecessor-version":[{"id":27233,"href":"https:\/\/tonala.gob.mx\/portal\/wp-json\/wp\/v2\/posts\/27228\/revisions\/27233"}],"wp:featuredmedia":[{"embeddable":true,"href":"https:\/\/tonala.gob.mx\/portal\/wp-json\/wp\/v2\/media\/27232"}],"wp:attachment":[{"href":"https:\/\/tonala.gob.mx\/portal\/wp-json\/wp\/v2\/media?parent=27228"}],"wp:term":[{"taxonomy":"category","embeddable":true,"href":"https:\/\/tonala.gob.mx\/portal\/wp-json\/wp\/v2\/categories?post=27228"},{"taxonomy":"post_tag","embeddable":true,"href":"https:\/\/tonala.gob.mx\/portal\/wp-json\/wp\/v2\/tags?post=27228"}],"curies":[{"name":"wp","href":"https:\/\/api.w.org\/{rel}","templated":true}]}}