{"id":27215,"date":"2019-07-19T11:58:07","date_gmt":"2019-07-19T17:58:07","guid":{"rendered":"http:\/\/tonala.gob.mx\/portal\/?p=27215"},"modified":"2019-07-19T11:58:07","modified_gmt":"2019-07-19T17:58:07","slug":"gobierno-municipal-de-tonala-informa","status":"publish","type":"post","link":"https:\/\/tonala.gob.mx\/portal\/2019\/07\/19\/gobierno-municipal-de-tonala-informa\/","title":{"rendered":"Gobierno Municipal de Tonal\u00e1 informa:"},"content":{"rendered":"<p><a href=\"https:\/\/tonala.gob.mx\/portal\/wp-content\/uploads\/2019\/07\/photo5012786640925599785.jpg\"><img fetchpriority=\"high\" decoding=\"async\" class=\"alignnone size-large wp-image-27216\" src=\"https:\/\/tonala.gob.mx\/portal\/wp-content\/uploads\/2019\/07\/photo5012786640925599785-1024x576.jpg\" alt=\"photo5012786640925599785\" width=\"800\" height=\"450\" srcset=\"https:\/\/tonala.gob.mx\/portal\/wp-content\/uploads\/2019\/07\/photo5012786640925599785-1024x576.jpg 1024w, https:\/\/tonala.gob.mx\/portal\/wp-content\/uploads\/2019\/07\/photo5012786640925599785-300x169.jpg 300w, https:\/\/tonala.gob.mx\/portal\/wp-content\/uploads\/2019\/07\/photo5012786640925599785-768x432.jpg 768w, https:\/\/tonala.gob.mx\/portal\/wp-content\/uploads\/2019\/07\/photo5012786640925599785.jpg 1280w\" sizes=\"(max-width: 800px) 100vw, 800px\" \/><\/a><\/p>\n<p>&nbsp;<\/p>\n<p style=\"text-align: justify;\">Rumbo a la ciudad de Morelia, a una comisi\u00f3n de trabajo por invitaci\u00f3n de USAID M\u00e9xico con Juzgados C\u00edvicos Municipales, para conocer a fondo la implementaci\u00f3n del modelo homologado de Justicia C\u00edvica que se aplica en esta ciudad, la representaci\u00f3n del Gobierno Municipal de Tonal\u00e1 sufri\u00f3 un accidente automovil\u00edstico, alrededor de las 9:45 de la ma\u00f1ana, en la carretera de Salamanca-Morelia a la altura de Cop\u00e1ndaro Michoac\u00e1n, en la intersecci\u00f3n de la carretera Guadalajara-M\u00e9xico y Guadalajara-Salamanca.<\/p>\n<p style=\"text-align: justify;\">En el veh\u00edculo viajaba la s\u00edndica municipal, Lic. Mar\u00eda Mayra Violeta Velazco Garc\u00eda, quien lamentablemente perdi\u00f3 la vida. Tambi\u00e9n la acompa\u00f1aban su chofer, asistente y una representante de la Jefatura de Gabinete, quienes se encuentran lesionados pero en condici\u00f3n estable.<\/p>\n<p style=\"text-align: justify;\">El presidente municipal, Juan Antonio Gonz\u00e1lez Mora, se ha comunicado con la familia de la s\u00edndica municipal para brindar todo el apoyo necesario. Asimismo, desde el primer momento del accidente el Gobierno del Estado de Jalisco est\u00e1 brindando todo el apoyo por conducto de la Secretar\u00eda General de Gobierno.<\/p>\n<p style=\"text-align: justify;\">La licenciada Mar\u00eda Mayra Violeta Velazco Garc\u00eda, S\u00edndica del Gobierno de Tonal\u00e1. Era una mujer ejemplar, desde el a\u00f1o 2007 a la actualidad laboro\u0301 en el Gobierno Municipal de Tonala\u0301, colaborando en varios espacios durante estos 12 a\u00f1os, siempre mostr\u00f3 disposici\u00f3n y responsabilidad por el servicio p\u00fablico. Fue coordinadora de Procedimientos Administrativos y de Responsabilidad, encargada de Transparencia en el DIF del municipio, as\u00ed como encargada de Control de Asistencia y abogada dentro del Sindicato del Ayuntamiento de Tonal\u00e1; a Mayra Violeta Velazco de 42 a\u00f1os de edad, le sobreviven un hijo y su esposo. Una mujer de lucha y de convicciones firmes, convencida de la necesidad de cambiar la sinergia de la administraci\u00f3n p\u00fablica en beneficio de los ciudadanos y ciudadanas; entregada a su trabajo, hoy fallece en el desempe\u00f1o de sus actividades profesionales.<\/p>\n","protected":false},"excerpt":{"rendered":"<p>&nbsp; Rumbo a la ciudad de Morelia, a una comisi\u00f3n de trabajo por invitaci\u00f3n de USAID M\u00e9xico con Juzgados C\u00edvicos<\/p>\n","protected":false},"author":2,"featured_media":27216,"comment_status":"closed","ping_status":"open","sticky":false,"template":"","format":"standard","meta":{"colormag_page_container_layout":"default_layout","colormag_page_sidebar_layout":"default_layout","footnotes":""},"categories":[2],"tags":[],"class_list":["post-27215","post","type-post","status-publish","format-standard","has-post-thumbnail","hentry","category-comunicacion-social"],"_links":{"self":[{"href":"https:\/\/tonala.gob.mx\/portal\/wp-json\/wp\/v2\/posts\/27215","targetHints":{"allow":["GET"]}}],"collection":[{"href":"https:\/\/tonala.gob.mx\/portal\/wp-json\/wp\/v2\/posts"}],"about":[{"href":"https:\/\/tonala.gob.mx\/portal\/wp-json\/wp\/v2\/types\/post"}],"author":[{"embeddable":true,"href":"https:\/\/tonala.gob.mx\/portal\/wp-json\/wp\/v2\/users\/2"}],"replies":[{"embeddable":true,"href":"https:\/\/tonala.gob.mx\/portal\/wp-json\/wp\/v2\/comments?post=27215"}],"version-history":[{"count":1,"href":"https:\/\/tonala.gob.mx\/portal\/wp-json\/wp\/v2\/posts\/27215\/revisions"}],"predecessor-version":[{"id":27217,"href":"https:\/\/tonala.gob.mx\/portal\/wp-json\/wp\/v2\/posts\/27215\/revisions\/27217"}],"wp:featuredmedia":[{"embeddable":true,"href":"https:\/\/tonala.gob.mx\/portal\/wp-json\/wp\/v2\/media\/27216"}],"wp:attachment":[{"href":"https:\/\/tonala.gob.mx\/portal\/wp-json\/wp\/v2\/media?parent=27215"}],"wp:term":[{"taxonomy":"category","embeddable":true,"href":"https:\/\/tonala.gob.mx\/portal\/wp-json\/wp\/v2\/categories?post=27215"},{"taxonomy":"post_tag","embeddable":true,"href":"https:\/\/tonala.gob.mx\/portal\/wp-json\/wp\/v2\/tags?post=27215"}],"curies":[{"name":"wp","href":"https:\/\/api.w.org\/{rel}","templated":true}]}}